{"id":1148,"date":"2017-05-02T13:39:02","date_gmt":"2017-05-02T11:39:02","guid":{"rendered":"http:\/\/lisatroeber-photography.com\/?p=1148"},"modified":"2017-05-02T13:39:02","modified_gmt":"2017-05-02T11:39:02","slug":"theresa","status":"publish","type":"post","link":"http:\/\/lisatroeber-photography.com\/index.php\/2017\/05\/02\/theresa\/","title":{"rendered":"Theresa"},"content":{"rendered":"<p style=\"text-align: center;\">Aufgepasst! Heute zeige ich euch einen echten, kleinen Engel!<\/p>\n<p style=\"text-align: center;\">Der April war bis jetzt ein echter Babyboommonat &#8211; und das \u00e4ndert sich auch nicht im Folgemonat Mai. Da wird es schon mal schwierig einen Termin zu finden, wo ich und die Eltern Zeit haben, weshalb letzten Montag gleich zwei Newbornshootings stattfanden. Lustigerweise, und so auch f\u00fcr mich sehr leicht zu merken, hie\u00dfen beide Mamas Elke &#8211; was f\u00fcr ein witziger Zufall! Heute zeige ich euch aber die Fotos von Mama &amp; Elke #1 gemeinsam mit ihrem lieben Mann und ihrer s\u00fc\u00dfen Maus Theresa.<!--more--><\/p>\n<p style=\"text-align: center;\">Die kleine Theresa war wirklich der Traum eines jeden Fotografen. Ich wei\u00df gar nicht, wie oft ich sie und ihre lieben Eltern loben musste, wie einfach es wahr, sch\u00f6ne Fotos hinzubekommen. Wenn man da nach einer knappen Stunde eigentlich alle Bilder, die man sich w\u00fcnscht, eingefangen hat, bleibt da sogar noch Zeit f\u00fcr Kaffee und viel Plauderei. Es ist wundersch\u00f6n, wenn man bei einer Familie zuhause an der T\u00fcr l\u00e4utet, die man zuvor noch nie gesehen hat &#8211; sich aber trotzdem gleich total wohl f\u00fchlt und die Stunden wie Minuten vergehen. Danke, dass ich euch besuchen durfte &#8211; ich freu mich schon sehr, wenn wir uns ganz bald wiedersehen!<\/p>\n<p style=\"text-align: center;\"><img loading=\"lazy\" decoding=\"async\" data-attachment-id=\"1149\" data-permalink=\"http:\/\/lisatroeber-photography.com\/index.php\/2017\/05\/02\/theresa\/newborn-constantin-1\/\" data-orig-file=\"https:\/\/i0.wp.com\/lisatroeber-photography.com\/wp-content\/uploads\/2017\/05\/newborn-constantin-1.jpg?fit=667%2C1000\" data-orig-size=\"667,1000\" data-comments-opened=\"1\" data-image-meta=\"{&quot;aperture&quot;:&quot;3.2&quot;,&quot;credit&quot;:&quot;&quot;,&quot;camera&quot;:&quot;Canon EOS 6D&quot;,&quot;caption&quot;:&quot;&quot;,&quot;created_timestamp&quot;:&quot;1493030974&quot;,&quot;copyright&quot;:&quot;&quot;,&quot;focal_length&quot;:&quot;50&quot;,&quot;iso&quot;:&quot;500&quot;,&quot;shutter_speed&quot;:&quot;0.005&quot;,&quot;title&quot;:&quot;&quot;,&quot;orientation&quot;:&quot;0&quot;}\" data-image-title=\"newborn-constantin-1\" data-image-description=\"\" data-image-caption=\"\" data-medium-file=\"https:\/\/i0.wp.com\/lisatroeber-photography.com\/wp-content\/uploads\/2017\/05\/newborn-constantin-1.jpg?fit=200%2C300\" data-large-file=\"https:\/\/i0.wp.com\/lisatroeber-photography.com\/wp-content\/uploads\/2017\/05\/newborn-constantin-1.jpg?fit=667%2C1000\" class=\"aligncenter size-full wp-image-1149\" src=\"https:\/\/i0.wp.com\/lisatroeber-photography.com\/wp-content\/uploads\/2017\/05\/newborn-constantin-1.jpg?resize=667%2C1000\" alt=\"\" width=\"667\" height=\"1000\" srcset=\"https:\/\/i0.wp.com\/lisatroeber-photography.com\/wp-content\/uploads\/2017\/05\/newborn-constantin-1.jpg?w=667 667w, https:\/\/i0.wp.com\/lisatroeber-photography.com\/wp-content\/uploads\/2017\/05\/newborn-constantin-1.jpg?resize=200%2C300 200w\" sizes=\"(max-width: 667px) 100vw, 667px\" data-recalc-dims=\"1\" \/> <img loading=\"lazy\" decoding=\"async\" data-attachment-id=\"1150\" data-permalink=\"http:\/\/lisatroeber-photography.com\/index.php\/2017\/05\/02\/theresa\/newborn-constantin-2\/\" data-orig-file=\"https:\/\/i0.wp.com\/lisatroeber-photography.com\/wp-content\/uploads\/2017\/05\/newborn-constantin-2.jpg?fit=667%2C1000\" data-orig-size=\"667,1000\" data-comments-opened=\"1\" data-image-meta=\"{&quot;aperture&quot;:&quot;3.2&quot;,&quot;credit&quot;:&quot;&quot;,&quot;camera&quot;:&quot;Canon EOS 6D&quot;,&quot;caption&quot;:&quot;&quot;,&quot;created_timestamp&quot;:&quot;1493030986&quot;,&quot;copyright&quot;:&quot;&quot;,&quot;focal_length&quot;:&quot;50&quot;,&quot;iso&quot;:&quot;500&quot;,&quot;shutter_speed&quot;:&quot;0.005&quot;,&quot;title&quot;:&quot;&quot;,&quot;orientation&quot;:&quot;0&quot;}\" data-image-title=\"newborn-constantin-2\" data-image-description=\"\" data-image-caption=\"\" data-medium-file=\"https:\/\/i0.wp.com\/lisatroeber-photography.com\/wp-content\/uploads\/2017\/05\/newborn-constantin-2.jpg?fit=200%2C300\" data-large-file=\"https:\/\/i0.wp.com\/lisatroeber-photography.com\/wp-content\/uploads\/2017\/05\/newborn-constantin-2.jpg?fit=667%2C1000\" class=\"aligncenter size-full wp-image-1150\" src=\"https:\/\/i0.wp.com\/lisatroeber-photography.com\/wp-content\/uploads\/2017\/05\/newborn-constantin-2.jpg?resize=667%2C1000\" alt=\"\" width=\"667\" height=\"1000\" srcset=\"https:\/\/i0.wp.com\/lisatroeber-photography.com\/wp-content\/uploads\/2017\/05\/newborn-constantin-2.jpg?w=667 667w, https:\/\/i0.wp.com\/lisatroeber-photography.com\/wp-content\/uploads\/2017\/05\/newborn-constantin-2.jpg?resize=200%2C300 200w\" sizes=\"(max-width: 667px) 100vw, 667px\" data-recalc-dims=\"1\" \/> <img loading=\"lazy\" decoding=\"async\" data-attachment-id=\"1151\" data-permalink=\"http:\/\/lisatroeber-photography.com\/index.php\/2017\/05\/02\/theresa\/newborn-constantin-3\/\" data-orig-file=\"https:\/\/i0.wp.com\/lisatroeber-photography.com\/wp-content\/uploads\/2017\/05\/newborn-constantin-3.jpg?fit=667%2C1000\" data-orig-size=\"667,1000\" data-comments-opened=\"1\" data-image-meta=\"{&quot;aperture&quot;:&quot;3.2&quot;,&quot;credit&quot;:&quot;&quot;,&quot;camera&quot;:&quot;Canon EOS 6D&quot;,&quot;caption&quot;:&quot;&quot;,&quot;created_timestamp&quot;:&quot;1493031047&quot;,&quot;copyright&quot;:&quot;&quot;,&quot;focal_length&quot;:&quot;50&quot;,&quot;iso&quot;:&quot;500&quot;,&quot;shutter_speed&quot;:&quot;0.005&quot;,&quot;title&quot;:&quot;&quot;,&quot;orientation&quot;:&quot;0&quot;}\" data-image-title=\"newborn-constantin-3\" data-image-description=\"\" data-image-caption=\"\" data-medium-file=\"https:\/\/i0.wp.com\/lisatroeber-photography.com\/wp-content\/uploads\/2017\/05\/newborn-constantin-3.jpg?fit=200%2C300\" data-large-file=\"https:\/\/i0.wp.com\/lisatroeber-photography.com\/wp-content\/uploads\/2017\/05\/newborn-constantin-3.jpg?fit=667%2C1000\" class=\"aligncenter size-full wp-image-1151\" src=\"https:\/\/i0.wp.com\/lisatroeber-photography.com\/wp-content\/uploads\/2017\/05\/newborn-constantin-3.jpg?resize=667%2C1000\" alt=\"\" width=\"667\" height=\"1000\" srcset=\"https:\/\/i0.wp.com\/lisatroeber-photography.com\/wp-content\/uploads\/2017\/05\/newborn-constantin-3.jpg?w=667 667w, https:\/\/i0.wp.com\/lisatroeber-photography.com\/wp-content\/uploads\/2017\/05\/newborn-constantin-3.jpg?resize=200%2C300 200w\" sizes=\"(max-width: 667px) 100vw, 667px\" data-recalc-dims=\"1\" \/> <img loading=\"lazy\" decoding=\"async\" data-attachment-id=\"1152\" data-permalink=\"http:\/\/lisatroeber-photography.com\/index.php\/2017\/05\/02\/theresa\/newborn-constantin-4\/\" data-orig-file=\"https:\/\/i0.wp.com\/lisatroeber-photography.com\/wp-content\/uploads\/2017\/05\/newborn-constantin-4.jpg?fit=667%2C1000\" data-orig-size=\"667,1000\" data-comments-opened=\"1\" data-image-meta=\"{&quot;aperture&quot;:&quot;2&quot;,&quot;credit&quot;:&quot;&quot;,&quot;camera&quot;:&quot;Canon EOS 6D&quot;,&quot;caption&quot;:&quot;&quot;,&quot;created_timestamp&quot;:&quot;1493031105&quot;,&quot;copyright&quot;:&quot;&quot;,&quot;focal_length&quot;:&quot;50&quot;,&quot;iso&quot;:&quot;500&quot;,&quot;shutter_speed&quot;:&quot;0.003125&quot;,&quot;title&quot;:&quot;&quot;,&quot;orientation&quot;:&quot;0&quot;}\" data-image-title=\"newborn-constantin-4\" data-image-description=\"\" data-image-caption=\"\" data-medium-file=\"https:\/\/i0.wp.com\/lisatroeber-photography.com\/wp-content\/uploads\/2017\/05\/newborn-constantin-4.jpg?fit=200%2C300\" data-large-file=\"https:\/\/i0.wp.com\/lisatroeber-photography.com\/wp-content\/uploads\/2017\/05\/newborn-constantin-4.jpg?fit=667%2C1000\" class=\"aligncenter size-full wp-image-1152\" src=\"https:\/\/i0.wp.com\/lisatroeber-photography.com\/wp-content\/uploads\/2017\/05\/newborn-constantin-4.jpg?resize=667%2C1000\" alt=\"\" width=\"667\" height=\"1000\" srcset=\"https:\/\/i0.wp.com\/lisatroeber-photography.com\/wp-content\/uploads\/2017\/05\/newborn-constantin-4.jpg?w=667 667w, https:\/\/i0.wp.com\/lisatroeber-photography.com\/wp-content\/uploads\/2017\/05\/newborn-constantin-4.jpg?resize=200%2C300 200w\" sizes=\"(max-width: 667px) 100vw, 667px\" data-recalc-dims=\"1\" \/> <img loading=\"lazy\" decoding=\"async\" data-attachment-id=\"1155\" data-permalink=\"http:\/\/lisatroeber-photography.com\/index.php\/2017\/05\/02\/theresa\/newborn-constantin-7\/\" data-orig-file=\"https:\/\/i0.wp.com\/lisatroeber-photography.com\/wp-content\/uploads\/2017\/05\/newborn-constantin-7.jpg?fit=1000%2C667\" data-orig-size=\"1000,667\" data-comments-opened=\"1\" data-image-meta=\"{&quot;aperture&quot;:&quot;2.5&quot;,&quot;credit&quot;:&quot;&quot;,&quot;camera&quot;:&quot;Canon EOS 6D&quot;,&quot;caption&quot;:&quot;&quot;,&quot;created_timestamp&quot;:&quot;1493031358&quot;,&quot;copyright&quot;:&quot;&quot;,&quot;focal_length&quot;:&quot;50&quot;,&quot;iso&quot;:&quot;500&quot;,&quot;shutter_speed&quot;:&quot;0.002&quot;,&quot;title&quot;:&quot;&quot;,&quot;orientation&quot;:&quot;0&quot;}\" data-image-title=\"newborn-constantin-7\" data-image-description=\"\" data-image-caption=\"\" data-medium-file=\"https:\/\/i0.wp.com\/lisatroeber-photography.com\/wp-content\/uploads\/2017\/05\/newborn-constantin-7.jpg?fit=300%2C200\" data-large-file=\"https:\/\/i0.wp.com\/lisatroeber-photography.com\/wp-content\/uploads\/2017\/05\/newborn-constantin-7.jpg?fit=1000%2C667\" class=\"aligncenter size-full wp-image-1155\" src=\"https:\/\/i0.wp.com\/lisatroeber-photography.com\/wp-content\/uploads\/2017\/05\/newborn-constantin-7.jpg?resize=1000%2C667\" alt=\"\" width=\"1000\" height=\"667\" srcset=\"https:\/\/i0.wp.com\/lisatroeber-photography.com\/wp-content\/uploads\/2017\/05\/newborn-constantin-7.jpg?w=1000 1000w, https:\/\/i0.wp.com\/lisatroeber-photography.com\/wp-content\/uploads\/2017\/05\/newborn-constantin-7.jpg?resize=300%2C200 300w, https:\/\/i0.wp.com\/lisatroeber-photography.com\/wp-content\/uploads\/2017\/05\/newborn-constantin-7.jpg?resize=768%2C512 768w\" sizes=\"(max-width: 1000px) 100vw, 1000px\" data-recalc-dims=\"1\" \/> <img loading=\"lazy\" decoding=\"async\" data-attachment-id=\"1156\" data-permalink=\"http:\/\/lisatroeber-photography.com\/index.php\/2017\/05\/02\/theresa\/newborn-constantin-8\/\" data-orig-file=\"https:\/\/i0.wp.com\/lisatroeber-photography.com\/wp-content\/uploads\/2017\/05\/newborn-constantin-8.jpg?fit=1000%2C667\" data-orig-size=\"1000,667\" data-comments-opened=\"1\" data-image-meta=\"{&quot;aperture&quot;:&quot;2.2&quot;,&quot;credit&quot;:&quot;&quot;,&quot;camera&quot;:&quot;Canon EOS 6D&quot;,&quot;caption&quot;:&quot;&quot;,&quot;created_timestamp&quot;:&quot;1493031469&quot;,&quot;copyright&quot;:&quot;&quot;,&quot;focal_length&quot;:&quot;85&quot;,&quot;iso&quot;:&quot;500&quot;,&quot;shutter_speed&quot;:&quot;0.0025&quot;,&quot;title&quot;:&quot;&quot;,&quot;orientation&quot;:&quot;0&quot;}\" data-image-title=\"newborn-constantin-8\" data-image-description=\"\" data-image-caption=\"\" data-medium-file=\"https:\/\/i0.wp.com\/lisatroeber-photography.com\/wp-content\/uploads\/2017\/05\/newborn-constantin-8.jpg?fit=300%2C200\" data-large-file=\"https:\/\/i0.wp.com\/lisatroeber-photography.com\/wp-content\/uploads\/2017\/05\/newborn-constantin-8.jpg?fit=1000%2C667\" class=\"aligncenter size-full wp-image-1156\" src=\"https:\/\/i0.wp.com\/lisatroeber-photography.com\/wp-content\/uploads\/2017\/05\/newborn-constantin-8.jpg?resize=1000%2C667\" alt=\"\" width=\"1000\" height=\"667\" srcset=\"https:\/\/i0.wp.com\/lisatroeber-photography.com\/wp-content\/uploads\/2017\/05\/newborn-constantin-8.jpg?w=1000 1000w, https:\/\/i0.wp.com\/lisatroeber-photography.com\/wp-content\/uploads\/2017\/05\/newborn-constantin-8.jpg?resize=300%2C200 300w, https:\/\/i0.wp.com\/lisatroeber-photography.com\/wp-content\/uploads\/2017\/05\/newborn-constantin-8.jpg?resize=768%2C512 768w\" sizes=\"(max-width: 1000px) 100vw, 1000px\" data-recalc-dims=\"1\" \/> <img loading=\"lazy\" decoding=\"async\" data-attachment-id=\"1157\" data-permalink=\"http:\/\/lisatroeber-photography.com\/index.php\/2017\/05\/02\/theresa\/newborn-constantin-9\/\" data-orig-file=\"https:\/\/i0.wp.com\/lisatroeber-photography.com\/wp-content\/uploads\/2017\/05\/newborn-constantin-9.jpg?fit=1000%2C667\" data-orig-size=\"1000,667\" data-comments-opened=\"1\" data-image-meta=\"{&quot;aperture&quot;:&quot;2.2&quot;,&quot;credit&quot;:&quot;&quot;,&quot;camera&quot;:&quot;Canon EOS 6D&quot;,&quot;caption&quot;:&quot;&quot;,&quot;created_timestamp&quot;:&quot;1493031575&quot;,&quot;copyright&quot;:&quot;&quot;,&quot;focal_length&quot;:&quot;50&quot;,&quot;iso&quot;:&quot;500&quot;,&quot;shutter_speed&quot;:&quot;0.0025&quot;,&quot;title&quot;:&quot;&quot;,&quot;orientation&quot;:&quot;0&quot;}\" data-image-title=\"newborn-constantin-9\" data-image-description=\"\" data-image-caption=\"\" data-medium-file=\"https:\/\/i0.wp.com\/lisatroeber-photography.com\/wp-content\/uploads\/2017\/05\/newborn-constantin-9.jpg?fit=300%2C200\" data-large-file=\"https:\/\/i0.wp.com\/lisatroeber-photography.com\/wp-content\/uploads\/2017\/05\/newborn-constantin-9.jpg?fit=1000%2C667\" class=\"aligncenter size-full wp-image-1157\" src=\"https:\/\/i0.wp.com\/lisatroeber-photography.com\/wp-content\/uploads\/2017\/05\/newborn-constantin-9.jpg?resize=1000%2C667\" alt=\"\" width=\"1000\" height=\"667\" srcset=\"https:\/\/i0.wp.com\/lisatroeber-photography.com\/wp-content\/uploads\/2017\/05\/newborn-constantin-9.jpg?w=1000 1000w, https:\/\/i0.wp.com\/lisatroeber-photography.com\/wp-content\/uploads\/2017\/05\/newborn-constantin-9.jpg?resize=300%2C200 300w, https:\/\/i0.wp.com\/lisatroeber-photography.com\/wp-content\/uploads\/2017\/05\/newborn-constantin-9.jpg?resize=768%2C512 768w\" sizes=\"(max-width: 1000px) 100vw, 1000px\" data-recalc-dims=\"1\" \/> <img loading=\"lazy\" decoding=\"async\" data-attachment-id=\"1158\" data-permalink=\"http:\/\/lisatroeber-photography.com\/index.php\/2017\/05\/02\/theresa\/newborn-constantin-10\/\" data-orig-file=\"https:\/\/i0.wp.com\/lisatroeber-photography.com\/wp-content\/uploads\/2017\/05\/newborn-constantin-10.jpg?fit=1000%2C667\" data-orig-size=\"1000,667\" data-comments-opened=\"1\" data-image-meta=\"{&quot;aperture&quot;:&quot;2.5&quot;,&quot;credit&quot;:&quot;&quot;,&quot;camera&quot;:&quot;Canon EOS 6D&quot;,&quot;caption&quot;:&quot;&quot;,&quot;created_timestamp&quot;:&quot;1493031654&quot;,&quot;copyright&quot;:&quot;&quot;,&quot;focal_length&quot;:&quot;50&quot;,&quot;iso&quot;:&quot;500&quot;,&quot;shutter_speed&quot;:&quot;0.003125&quot;,&quot;title&quot;:&quot;&quot;,&quot;orientation&quot;:&quot;0&quot;}\" data-image-title=\"newborn-constantin-10\" data-image-description=\"\" data-image-caption=\"\" data-medium-file=\"https:\/\/i0.wp.com\/lisatroeber-photography.com\/wp-content\/uploads\/2017\/05\/newborn-constantin-10.jpg?fit=300%2C200\" data-large-file=\"https:\/\/i0.wp.com\/lisatroeber-photography.com\/wp-content\/uploads\/2017\/05\/newborn-constantin-10.jpg?fit=1000%2C667\" class=\"aligncenter size-full wp-image-1158\" src=\"https:\/\/i0.wp.com\/lisatroeber-photography.com\/wp-content\/uploads\/2017\/05\/newborn-constantin-10.jpg?resize=1000%2C667\" alt=\"\" width=\"1000\" height=\"667\" srcset=\"https:\/\/i0.wp.com\/lisatroeber-photography.com\/wp-content\/uploads\/2017\/05\/newborn-constantin-10.jpg?w=1000 1000w, https:\/\/i0.wp.com\/lisatroeber-photography.com\/wp-content\/uploads\/2017\/05\/newborn-constantin-10.jpg?resize=300%2C200 300w, https:\/\/i0.wp.com\/lisatroeber-photography.com\/wp-content\/uploads\/2017\/05\/newborn-constantin-10.jpg?resize=768%2C512 768w\" sizes=\"(max-width: 1000px) 100vw, 1000px\" data-recalc-dims=\"1\" \/> <img loading=\"lazy\" decoding=\"async\" data-attachment-id=\"1159\" data-permalink=\"http:\/\/lisatroeber-photography.com\/index.php\/2017\/05\/02\/theresa\/newborn-constantin-11\/\" data-orig-file=\"https:\/\/i0.wp.com\/lisatroeber-photography.com\/wp-content\/uploads\/2017\/05\/newborn-constantin-11.jpg?fit=1000%2C667\" data-orig-size=\"1000,667\" data-comments-opened=\"1\" data-image-meta=\"{&quot;aperture&quot;:&quot;2.5&quot;,&quot;credit&quot;:&quot;&quot;,&quot;camera&quot;:&quot;Canon EOS 6D&quot;,&quot;caption&quot;:&quot;&quot;,&quot;created_timestamp&quot;:&quot;1493031667&quot;,&quot;copyright&quot;:&quot;&quot;,&quot;focal_length&quot;:&quot;50&quot;,&quot;iso&quot;:&quot;500&quot;,&quot;shutter_speed&quot;:&quot;0.003125&quot;,&quot;title&quot;:&quot;&quot;,&quot;orientation&quot;:&quot;0&quot;}\" data-image-title=\"newborn-constantin-11\" data-image-description=\"\" data-image-caption=\"\" data-medium-file=\"https:\/\/i0.wp.com\/lisatroeber-photography.com\/wp-content\/uploads\/2017\/05\/newborn-constantin-11.jpg?fit=300%2C200\" data-large-file=\"https:\/\/i0.wp.com\/lisatroeber-photography.com\/wp-content\/uploads\/2017\/05\/newborn-constantin-11.jpg?fit=1000%2C667\" class=\"aligncenter size-full wp-image-1159\" src=\"https:\/\/i0.wp.com\/lisatroeber-photography.com\/wp-content\/uploads\/2017\/05\/newborn-constantin-11.jpg?resize=1000%2C667\" alt=\"\" width=\"1000\" height=\"667\" srcset=\"https:\/\/i0.wp.com\/lisatroeber-photography.com\/wp-content\/uploads\/2017\/05\/newborn-constantin-11.jpg?w=1000 1000w, https:\/\/i0.wp.com\/lisatroeber-photography.com\/wp-content\/uploads\/2017\/05\/newborn-constantin-11.jpg?resize=300%2C200 300w, https:\/\/i0.wp.com\/lisatroeber-photography.com\/wp-content\/uploads\/2017\/05\/newborn-constantin-11.jpg?resize=768%2C512 768w\" sizes=\"(max-width: 1000px) 100vw, 1000px\" data-recalc-dims=\"1\" \/> <img loading=\"lazy\" decoding=\"async\" data-attachment-id=\"1160\" data-permalink=\"http:\/\/lisatroeber-photography.com\/index.php\/2017\/05\/02\/theresa\/newborn-constantin-12\/\" data-orig-file=\"https:\/\/i0.wp.com\/lisatroeber-photography.com\/wp-content\/uploads\/2017\/05\/newborn-constantin-12.jpg?fit=1000%2C667\" data-orig-size=\"1000,667\" data-comments-opened=\"1\" data-image-meta=\"{&quot;aperture&quot;:&quot;2.5&quot;,&quot;credit&quot;:&quot;&quot;,&quot;camera&quot;:&quot;Canon EOS 6D&quot;,&quot;caption&quot;:&quot;&quot;,&quot;created_timestamp&quot;:&quot;1493031707&quot;,&quot;copyright&quot;:&quot;&quot;,&quot;focal_length&quot;:&quot;50&quot;,&quot;iso&quot;:&quot;500&quot;,&quot;shutter_speed&quot;:&quot;0.003125&quot;,&quot;title&quot;:&quot;&quot;,&quot;orientation&quot;:&quot;0&quot;}\" data-image-title=\"newborn-constantin-12\" data-image-description=\"\" data-image-caption=\"\" data-medium-file=\"https:\/\/i0.wp.com\/lisatroeber-photography.com\/wp-content\/uploads\/2017\/05\/newborn-constantin-12.jpg?fit=300%2C200\" data-large-file=\"https:\/\/i0.wp.com\/lisatroeber-photography.com\/wp-content\/uploads\/2017\/05\/newborn-constantin-12.jpg?fit=1000%2C667\" class=\"aligncenter size-full wp-image-1160\" src=\"https:\/\/i0.wp.com\/lisatroeber-photography.com\/wp-content\/uploads\/2017\/05\/newborn-constantin-12.jpg?resize=1000%2C667\" alt=\"\" width=\"1000\" height=\"667\" srcset=\"https:\/\/i0.wp.com\/lisatroeber-photography.com\/wp-content\/uploads\/2017\/05\/newborn-constantin-12.jpg?w=1000 1000w, https:\/\/i0.wp.com\/lisatroeber-photography.com\/wp-content\/uploads\/2017\/05\/newborn-constantin-12.jpg?resize=300%2C200 300w, https:\/\/i0.wp.com\/lisatroeber-photography.com\/wp-content\/uploads\/2017\/05\/newborn-constantin-12.jpg?resize=768%2C512 768w\" sizes=\"(max-width: 1000px) 100vw, 1000px\" data-recalc-dims=\"1\" \/> <img loading=\"lazy\" decoding=\"async\" data-attachment-id=\"1161\" data-permalink=\"http:\/\/lisatroeber-photography.com\/index.php\/2017\/05\/02\/theresa\/newborn-constantin-13\/\" data-orig-file=\"https:\/\/i0.wp.com\/lisatroeber-photography.com\/wp-content\/uploads\/2017\/05\/newborn-constantin-13.jpg?fit=1000%2C667\" data-orig-size=\"1000,667\" data-comments-opened=\"1\" data-image-meta=\"{&quot;aperture&quot;:&quot;5.6&quot;,&quot;credit&quot;:&quot;&quot;,&quot;camera&quot;:&quot;Canon EOS 6D&quot;,&quot;caption&quot;:&quot;&quot;,&quot;created_timestamp&quot;:&quot;1493032100&quot;,&quot;copyright&quot;:&quot;&quot;,&quot;focal_length&quot;:&quot;50&quot;,&quot;iso&quot;:&quot;500&quot;,&quot;shutter_speed&quot;:&quot;0.00625&quot;,&quot;title&quot;:&quot;&quot;,&quot;orientation&quot;:&quot;0&quot;}\" data-image-title=\"newborn-constantin-13\" data-image-description=\"\" data-image-caption=\"\" data-medium-file=\"https:\/\/i0.wp.com\/lisatroeber-photography.com\/wp-content\/uploads\/2017\/05\/newborn-constantin-13.jpg?fit=300%2C200\" data-large-file=\"https:\/\/i0.wp.com\/lisatroeber-photography.com\/wp-content\/uploads\/2017\/05\/newborn-constantin-13.jpg?fit=1000%2C667\" class=\"aligncenter size-full wp-image-1161\" src=\"https:\/\/i0.wp.com\/lisatroeber-photography.com\/wp-content\/uploads\/2017\/05\/newborn-constantin-13.jpg?resize=1000%2C667\" alt=\"\" width=\"1000\" height=\"667\" srcset=\"https:\/\/i0.wp.com\/lisatroeber-photography.com\/wp-content\/uploads\/2017\/05\/newborn-constantin-13.jpg?w=1000 1000w, https:\/\/i0.wp.com\/lisatroeber-photography.com\/wp-content\/uploads\/2017\/05\/newborn-constantin-13.jpg?resize=300%2C200 300w, https:\/\/i0.wp.com\/lisatroeber-photography.com\/wp-content\/uploads\/2017\/05\/newborn-constantin-13.jpg?resize=768%2C512 768w\" sizes=\"(max-width: 1000px) 100vw, 1000px\" data-recalc-dims=\"1\" \/> <img loading=\"lazy\" decoding=\"async\" data-attachment-id=\"1162\" data-permalink=\"http:\/\/lisatroeber-photography.com\/index.php\/2017\/05\/02\/theresa\/newborn-constantin-14\/\" data-orig-file=\"https:\/\/i0.wp.com\/lisatroeber-photography.com\/wp-content\/uploads\/2017\/05\/newborn-constantin-14.jpg?fit=667%2C1000\" data-orig-size=\"667,1000\" data-comments-opened=\"1\" data-image-meta=\"{&quot;aperture&quot;:&quot;4.5&quot;,&quot;credit&quot;:&quot;&quot;,&quot;camera&quot;:&quot;Canon EOS 6D&quot;,&quot;caption&quot;:&quot;&quot;,&quot;created_timestamp&quot;:&quot;1493032142&quot;,&quot;copyright&quot;:&quot;&quot;,&quot;focal_length&quot;:&quot;50&quot;,&quot;iso&quot;:&quot;500&quot;,&quot;shutter_speed&quot;:&quot;0.00625&quot;,&quot;title&quot;:&quot;&quot;,&quot;orientation&quot;:&quot;0&quot;}\" data-image-title=\"newborn-constantin-14\" data-image-description=\"\" data-image-caption=\"\" data-medium-file=\"https:\/\/i0.wp.com\/lisatroeber-photography.com\/wp-content\/uploads\/2017\/05\/newborn-constantin-14.jpg?fit=200%2C300\" data-large-file=\"https:\/\/i0.wp.com\/lisatroeber-photography.com\/wp-content\/uploads\/2017\/05\/newborn-constantin-14.jpg?fit=667%2C1000\" class=\"aligncenter size-full wp-image-1162\" src=\"https:\/\/i0.wp.com\/lisatroeber-photography.com\/wp-content\/uploads\/2017\/05\/newborn-constantin-14.jpg?resize=667%2C1000\" alt=\"\" width=\"667\" height=\"1000\" srcset=\"https:\/\/i0.wp.com\/lisatroeber-photography.com\/wp-content\/uploads\/2017\/05\/newborn-constantin-14.jpg?w=667 667w, https:\/\/i0.wp.com\/lisatroeber-photography.com\/wp-content\/uploads\/2017\/05\/newborn-constantin-14.jpg?resize=200%2C300 200w\" sizes=\"(max-width: 667px) 100vw, 667px\" data-recalc-dims=\"1\" \/> <img loading=\"lazy\" decoding=\"async\" data-attachment-id=\"1163\" data-permalink=\"http:\/\/lisatroeber-photography.com\/index.php\/2017\/05\/02\/theresa\/newborn-constantin-15\/\" data-orig-file=\"https:\/\/i0.wp.com\/lisatroeber-photography.com\/wp-content\/uploads\/2017\/05\/newborn-constantin-15.jpg?fit=1000%2C667\" data-orig-size=\"1000,667\" data-comments-opened=\"1\" data-image-meta=\"{&quot;aperture&quot;:&quot;4.5&quot;,&quot;credit&quot;:&quot;&quot;,&quot;camera&quot;:&quot;Canon EOS 6D&quot;,&quot;caption&quot;:&quot;&quot;,&quot;created_timestamp&quot;:&quot;1493032164&quot;,&quot;copyright&quot;:&quot;&quot;,&quot;focal_length&quot;:&quot;50&quot;,&quot;iso&quot;:&quot;500&quot;,&quot;shutter_speed&quot;:&quot;0.008&quot;,&quot;title&quot;:&quot;&quot;,&quot;orientation&quot;:&quot;0&quot;}\" data-image-title=\"newborn-constantin-15\" data-image-description=\"\" data-image-caption=\"\" data-medium-file=\"https:\/\/i0.wp.com\/lisatroeber-photography.com\/wp-content\/uploads\/2017\/05\/newborn-constantin-15.jpg?fit=300%2C200\" data-large-file=\"https:\/\/i0.wp.com\/lisatroeber-photography.com\/wp-content\/uploads\/2017\/05\/newborn-constantin-15.jpg?fit=1000%2C667\" class=\"aligncenter size-full wp-image-1163\" src=\"https:\/\/i0.wp.com\/lisatroeber-photography.com\/wp-content\/uploads\/2017\/05\/newborn-constantin-15.jpg?resize=1000%2C667\" alt=\"\" width=\"1000\" height=\"667\" srcset=\"https:\/\/i0.wp.com\/lisatroeber-photography.com\/wp-content\/uploads\/2017\/05\/newborn-constantin-15.jpg?w=1000 1000w, https:\/\/i0.wp.com\/lisatroeber-photography.com\/wp-content\/uploads\/2017\/05\/newborn-constantin-15.jpg?resize=300%2C200 300w, https:\/\/i0.wp.com\/lisatroeber-photography.com\/wp-content\/uploads\/2017\/05\/newborn-constantin-15.jpg?resize=768%2C512 768w\" sizes=\"(max-width: 1000px) 100vw, 1000px\" data-recalc-dims=\"1\" \/> <img loading=\"lazy\" decoding=\"async\" data-attachment-id=\"1164\" data-permalink=\"http:\/\/lisatroeber-photography.com\/index.php\/2017\/05\/02\/theresa\/newborn-constantin-16\/\" data-orig-file=\"https:\/\/i0.wp.com\/lisatroeber-photography.com\/wp-content\/uploads\/2017\/05\/newborn-constantin-16.jpg?fit=1000%2C667\" data-orig-size=\"1000,667\" data-comments-opened=\"1\" data-image-meta=\"{&quot;aperture&quot;:&quot;2.2&quot;,&quot;credit&quot;:&quot;&quot;,&quot;camera&quot;:&quot;Canon EOS 6D&quot;,&quot;caption&quot;:&quot;&quot;,&quot;created_timestamp&quot;:&quot;1493032737&quot;,&quot;copyright&quot;:&quot;&quot;,&quot;focal_length&quot;:&quot;50&quot;,&quot;iso&quot;:&quot;500&quot;,&quot;shutter_speed&quot;:&quot;0.004&quot;,&quot;title&quot;:&quot;&quot;,&quot;orientation&quot;:&quot;0&quot;}\" data-image-title=\"newborn-constantin-16\" data-image-description=\"\" data-image-caption=\"\" data-medium-file=\"https:\/\/i0.wp.com\/lisatroeber-photography.com\/wp-content\/uploads\/2017\/05\/newborn-constantin-16.jpg?fit=300%2C200\" data-large-file=\"https:\/\/i0.wp.com\/lisatroeber-photography.com\/wp-content\/uploads\/2017\/05\/newborn-constantin-16.jpg?fit=1000%2C667\" class=\"aligncenter size-full wp-image-1164\" src=\"https:\/\/i0.wp.com\/lisatroeber-photography.com\/wp-content\/uploads\/2017\/05\/newborn-constantin-16.jpg?resize=1000%2C667\" alt=\"\" width=\"1000\" height=\"667\" srcset=\"https:\/\/i0.wp.com\/lisatroeber-photography.com\/wp-content\/uploads\/2017\/05\/newborn-constantin-16.jpg?w=1000 1000w, https:\/\/i0.wp.com\/lisatroeber-photography.com\/wp-content\/uploads\/2017\/05\/newborn-constantin-16.jpg?resize=300%2C200 300w, https:\/\/i0.wp.com\/lisatroeber-photography.com\/wp-content\/uploads\/2017\/05\/newborn-constantin-16.jpg?resize=768%2C512 768w\" sizes=\"(max-width: 1000px) 100vw, 1000px\" data-recalc-dims=\"1\" \/> <img loading=\"lazy\" decoding=\"async\" data-attachment-id=\"1165\" data-permalink=\"http:\/\/lisatroeber-photography.com\/index.php\/2017\/05\/02\/theresa\/newborn-constantin-17\/\" data-orig-file=\"https:\/\/i0.wp.com\/lisatroeber-photography.com\/wp-content\/uploads\/2017\/05\/newborn-constantin-17.jpg?fit=1000%2C667\" data-orig-size=\"1000,667\" data-comments-opened=\"1\" data-image-meta=\"{&quot;aperture&quot;:&quot;2.5&quot;,&quot;credit&quot;:&quot;&quot;,&quot;camera&quot;:&quot;Canon EOS 6D&quot;,&quot;caption&quot;:&quot;&quot;,&quot;created_timestamp&quot;:&quot;1493033113&quot;,&quot;copyright&quot;:&quot;&quot;,&quot;focal_length&quot;:&quot;50&quot;,&quot;iso&quot;:&quot;500&quot;,&quot;shutter_speed&quot;:&quot;0.0025&quot;,&quot;title&quot;:&quot;&quot;,&quot;orientation&quot;:&quot;0&quot;}\" data-image-title=\"newborn-constantin-17\" data-image-description=\"\" data-image-caption=\"\" data-medium-file=\"https:\/\/i0.wp.com\/lisatroeber-photography.com\/wp-content\/uploads\/2017\/05\/newborn-constantin-17.jpg?fit=300%2C200\" data-large-file=\"https:\/\/i0.wp.com\/lisatroeber-photography.com\/wp-content\/uploads\/2017\/05\/newborn-constantin-17.jpg?fit=1000%2C667\" class=\"aligncenter size-full wp-image-1165\" src=\"https:\/\/i0.wp.com\/lisatroeber-photography.com\/wp-content\/uploads\/2017\/05\/newborn-constantin-17.jpg?resize=1000%2C667\" alt=\"\" width=\"1000\" height=\"667\" srcset=\"https:\/\/i0.wp.com\/lisatroeber-photography.com\/wp-content\/uploads\/2017\/05\/newborn-constantin-17.jpg?w=1000 1000w, https:\/\/i0.wp.com\/lisatroeber-photography.com\/wp-content\/uploads\/2017\/05\/newborn-constantin-17.jpg?resize=300%2C200 300w, https:\/\/i0.wp.com\/lisatroeber-photography.com\/wp-content\/uploads\/2017\/05\/newborn-constantin-17.jpg?resize=768%2C512 768w\" sizes=\"(max-width: 1000px) 100vw, 1000px\" data-recalc-dims=\"1\" \/><\/p>\n","protected":false},"excerpt":{"rendered":"<p>Aufgepasst! Heute zeige ich euch einen echten, kleinen Engel! Der April war bis jetzt ein echter Babyboommonat &#8211; und das&#8230;<\/p>\n<div class=\"more-link\"><a href=\"http:\/\/lisatroeber-photography.com\/index.php\/2017\/05\/02\/theresa\/\">READ MORE<\/a><\/div>\n","protected":false},"author":1,"featured_media":1157,"comment_status":"open","ping_status":"open","sticky":false,"template":"","format":"standard","meta":{"_genesis_hide_title":false,"_genesis_hide_breadcrumbs":false,"_genesis_hide_singular_image":false,"_genesis_hide_footer_widgets":false,"_genesis_custom_body_class":"","_genesis_custom_post_class":"","_genesis_layout":"","jetpack_post_was_ever_published":false,"_jetpack_newsletter_access":"","_jetpack_dont_email_post_to_subs":false,"_jetpack_newsletter_tier_id":0,"footnotes":"","jetpack_publicize_message":"","jetpack_publicize_feature_enabled":true,"jetpack_social_post_already_shared":true,"jetpack_social_options":{"image_generator_settings":{"template":"highway","enabled":false}}},"categories":[7],"tags":[],"jetpack_publicize_connections":[],"jetpack_featured_media_url":"https:\/\/i0.wp.com\/lisatroeber-photography.com\/wp-content\/uploads\/2017\/05\/newborn-constantin-9.jpg?fit=1000%2C667","jetpack_sharing_enabled":false,"jetpack_shortlink":"https:\/\/wp.me\/s8sGNm-theresa","jetpack-related-posts":[{"id":1167,"url":"http:\/\/lisatroeber-photography.com\/index.php\/2017\/05\/02\/constantin\/","url_meta":{"origin":1148,"position":0},"title":"Constantin","author":"lisatroeber","date":"2. Mai 2017","format":false,"excerpt":"Erinnert ihr euch an das Shooting von der s\u00fc\u00dfen Theresa und ihrer Mama (Elke#1)? An dem Tag von ihrem Shooting fand n\u00e4mlich auch gleich ein zweites statt und zwar das vom s\u00fc\u00dfen Constantin und seiner Mama Elke#2 und seinem lieben Papa. Mitten im 18. Bezirk besuchte ich die vier inklusive\u2026","rel":"","context":"In &quot;Newborn&quot;","block_context":{"text":"Newborn","link":"http:\/\/lisatroeber-photography.com\/index.php\/category\/newborn\/"},"img":{"alt_text":"","src":"https:\/\/i0.wp.com\/lisatroeber-photography.com\/wp-content\/uploads\/2017\/05\/newborn-constantin-20.jpg?fit=1000%2C667&resize=350%2C200","width":350,"height":200,"srcset":"https:\/\/i0.wp.com\/lisatroeber-photography.com\/wp-content\/uploads\/2017\/05\/newborn-constantin-20.jpg?fit=1000%2C667&resize=350%2C200 1x, https:\/\/i0.wp.com\/lisatroeber-photography.com\/wp-content\/uploads\/2017\/05\/newborn-constantin-20.jpg?fit=1000%2C667&resize=525%2C300 1.5x, https:\/\/i0.wp.com\/lisatroeber-photography.com\/wp-content\/uploads\/2017\/05\/newborn-constantin-20.jpg?fit=1000%2C667&resize=700%2C400 2x"},"classes":[]},{"id":3137,"url":"http:\/\/lisatroeber-photography.com\/index.php\/2019\/03\/04\/strandshooting-in-kalifornien\/","url_meta":{"origin":1148,"position":1},"title":"Strandshooting in Kalifornien","author":"lisatroeber","date":"4. M\u00e4rz 2019","format":false,"excerpt":"Heute m\u00f6chte ich euch Fotos von einem ganz besonderen Shooting zeigen und zwar jenes mit der lieben Hanna und ihrem Tobi. Der Titel verr\u00e4t ja schon viel - die Bilder, die ich euch heute zeige, sind nicht wie sonst zuhause in \u00d6sterreich entstanden, sondern ungef\u00e4hr 10.000km weit weg an einem\u2026","rel":"","context":"In &quot;Couple&quot;","block_context":{"text":"Couple","link":"http:\/\/lisatroeber-photography.com\/index.php\/category\/couple\/"},"img":{"alt_text":"","src":"https:\/\/i0.wp.com\/lisatroeber-photography.com\/wp-content\/uploads\/2019\/03\/beachshooting-16.jpg?fit=1000%2C667&resize=350%2C200","width":350,"height":200,"srcset":"https:\/\/i0.wp.com\/lisatroeber-photography.com\/wp-content\/uploads\/2019\/03\/beachshooting-16.jpg?fit=1000%2C667&resize=350%2C200 1x, https:\/\/i0.wp.com\/lisatroeber-photography.com\/wp-content\/uploads\/2019\/03\/beachshooting-16.jpg?fit=1000%2C667&resize=525%2C300 1.5x, https:\/\/i0.wp.com\/lisatroeber-photography.com\/wp-content\/uploads\/2019\/03\/beachshooting-16.jpg?fit=1000%2C667&resize=700%2C400 2x"},"classes":[]},{"id":1568,"url":"http:\/\/lisatroeber-photography.com\/index.php\/2017\/11\/14\/hanna\/","url_meta":{"origin":1148,"position":2},"title":"Hanna","author":"lisatroeber","date":"14. November 2017","format":false,"excerpt":"Im Sommer war ich zu Besuch bei der kleinen Hanna und ihren lieben Eltern in St. P\u00f6lten. Beim Betreten von ihrem wundersch\u00f6nen neuen Haus war ich gleich mal verliebt: die liebe Martina hatte n\u00e4mlich alles so sch\u00f6n gestaltet mit hellen Farben und ganz viel Liebe zum Detail. Das \u00e4nderte sich\u2026","rel":"","context":"In &quot;Newborn&quot;","block_context":{"text":"Newborn","link":"http:\/\/lisatroeber-photography.com\/index.php\/category\/newborn\/"},"img":{"alt_text":"","src":"https:\/\/i0.wp.com\/lisatroeber-photography.com\/wp-content\/uploads\/2017\/11\/newborn-hanna-3.jpg?fit=1000%2C667&resize=350%2C200","width":350,"height":200,"srcset":"https:\/\/i0.wp.com\/lisatroeber-photography.com\/wp-content\/uploads\/2017\/11\/newborn-hanna-3.jpg?fit=1000%2C667&resize=350%2C200 1x, https:\/\/i0.wp.com\/lisatroeber-photography.com\/wp-content\/uploads\/2017\/11\/newborn-hanna-3.jpg?fit=1000%2C667&resize=525%2C300 1.5x, https:\/\/i0.wp.com\/lisatroeber-photography.com\/wp-content\/uploads\/2017\/11\/newborn-hanna-3.jpg?fit=1000%2C667&resize=700%2C400 2x"},"classes":[]},{"id":1830,"url":"http:\/\/lisatroeber-photography.com\/index.php\/2018\/02\/07\/jasmin\/","url_meta":{"origin":1148,"position":3},"title":"Jasmin","author":"lisatroeber","date":"7. Februar 2018","format":false,"excerpt":"An Tagen wie heute, wo hunderte Schneeflocken vom Himmel fallen, sehne ich mich schon so ein bisschen zur\u00fcck an die letzten warmen Sommerabende, wo man sich noch ganz spontan um 19:00 Uhr abends treffen konnte um ein paar Bilder zu schie\u00dfen. Irgendwann im August packte meine Freundin Jasmin und mich\u2026","rel":"","context":"In &quot;Portrait&quot;","block_context":{"text":"Portrait","link":"http:\/\/lisatroeber-photography.com\/index.php\/category\/portrait\/"},"img":{"alt_text":"","src":"https:\/\/i0.wp.com\/lisatroeber-photography.com\/wp-content\/uploads\/2018\/02\/portrait-jasmin-14.jpg?fit=1000%2C667&resize=350%2C200","width":350,"height":200,"srcset":"https:\/\/i0.wp.com\/lisatroeber-photography.com\/wp-content\/uploads\/2018\/02\/portrait-jasmin-14.jpg?fit=1000%2C667&resize=350%2C200 1x, https:\/\/i0.wp.com\/lisatroeber-photography.com\/wp-content\/uploads\/2018\/02\/portrait-jasmin-14.jpg?fit=1000%2C667&resize=525%2C300 1.5x, https:\/\/i0.wp.com\/lisatroeber-photography.com\/wp-content\/uploads\/2018\/02\/portrait-jasmin-14.jpg?fit=1000%2C667&resize=700%2C400 2x"},"classes":[]},{"id":1852,"url":"http:\/\/lisatroeber-photography.com\/index.php\/2018\/01\/27\/family-homestory\/","url_meta":{"origin":1148,"position":4},"title":"Family Homestory","author":"lisatroeber","date":"27. Januar 2018","format":false,"excerpt":"Heute zeige ich euch eine ganz besondere Homestory. Ich komme ja sehr oft zu meinen Kunden nach hause - meistens handelt es sich aber dabei um Newborn-oder Babybauchshootings. Doch Anfang Dezember erhielt ich eine Anfrage von der lieben Sandra und zwar hatte sie den Wunsch nach einem Weihnachtsshooting gemeinsam mit\u2026","rel":"","context":"In &quot;Family&quot;","block_context":{"text":"Family","link":"http:\/\/lisatroeber-photography.com\/index.php\/category\/family\/"},"img":{"alt_text":"","src":"https:\/\/i0.wp.com\/lisatroeber-photography.com\/wp-content\/uploads\/2018\/02\/Family-vier-13.jpg?fit=1000%2C667&resize=350%2C200","width":350,"height":200,"srcset":"https:\/\/i0.wp.com\/lisatroeber-photography.com\/wp-content\/uploads\/2018\/02\/Family-vier-13.jpg?fit=1000%2C667&resize=350%2C200 1x, https:\/\/i0.wp.com\/lisatroeber-photography.com\/wp-content\/uploads\/2018\/02\/Family-vier-13.jpg?fit=1000%2C667&resize=525%2C300 1.5x, https:\/\/i0.wp.com\/lisatroeber-photography.com\/wp-content\/uploads\/2018\/02\/Family-vier-13.jpg?fit=1000%2C667&resize=700%2C400 2x"},"classes":[]},{"id":1639,"url":"http:\/\/lisatroeber-photography.com\/index.php\/2017\/12\/05\/when-austria-meets-america\/","url_meta":{"origin":1148,"position":5},"title":"When Austria meets America","author":"lisatroeber","date":"5. Dezember 2017","format":false,"excerpt":"Heute m\u00f6chte ich euch Bilder von einem ganz besonderen Shooting zeigen und zwar vom Babybauchshooting mit der lieben Patricia und ihrem Paul. Begonnen haben unsere Pl\u00e4ne eigentlich schon weit vor Patricias Geburtstermin, denn wir hatten Gro\u00dfes vor! Ich liebe es ja besonders, wenn sich die werdenden Mamas so viel M\u00fche\u2026","rel":"","context":"In &quot;Family&quot;","block_context":{"text":"Family","link":"http:\/\/lisatroeber-photography.com\/index.php\/category\/family\/"},"img":{"alt_text":"","src":"https:\/\/i0.wp.com\/lisatroeber-photography.com\/wp-content\/uploads\/2017\/11\/Babybauch-Patricia-231.jpg?fit=1200%2C800&resize=350%2C200","width":350,"height":200,"srcset":"https:\/\/i0.wp.com\/lisatroeber-photography.com\/wp-content\/uploads\/2017\/11\/Babybauch-Patricia-231.jpg?fit=1200%2C800&resize=350%2C200 1x, https:\/\/i0.wp.com\/lisatroeber-photography.com\/wp-content\/uploads\/2017\/11\/Babybauch-Patricia-231.jpg?fit=1200%2C800&resize=525%2C300 1.5x, https:\/\/i0.wp.com\/lisatroeber-photography.com\/wp-content\/uploads\/2017\/11\/Babybauch-Patricia-231.jpg?fit=1200%2C800&resize=700%2C400 2x, https:\/\/i0.wp.com\/lisatroeber-photography.com\/wp-content\/uploads\/2017\/11\/Babybauch-Patricia-231.jpg?fit=1200%2C800&resize=1050%2C600 3x"},"classes":[]}],"_links":{"self":[{"href":"http:\/\/lisatroeber-photography.com\/index.php\/wp-json\/wp\/v2\/posts\/1148"}],"collection":[{"href":"http:\/\/lisatroeber-photography.com\/index.php\/wp-json\/wp\/v2\/posts"}],"about":[{"href":"http:\/\/lisatroeber-photography.com\/index.php\/wp-json\/wp\/v2\/types\/post"}],"author":[{"embeddable":true,"href":"http:\/\/lisatroeber-photography.com\/index.php\/wp-json\/wp\/v2\/users\/1"}],"replies":[{"embeddable":true,"href":"http:\/\/lisatroeber-photography.com\/index.php\/wp-json\/wp\/v2\/comments?post=1148"}],"version-history":[{"count":1,"href":"http:\/\/lisatroeber-photography.com\/index.php\/wp-json\/wp\/v2\/posts\/1148\/revisions"}],"predecessor-version":[{"id":1166,"href":"http:\/\/lisatroeber-photography.com\/index.php\/wp-json\/wp\/v2\/posts\/1148\/revisions\/1166"}],"wp:featuredmedia":[{"embeddable":true,"href":"http:\/\/lisatroeber-photography.com\/index.php\/wp-json\/wp\/v2\/media\/1157"}],"wp:attachment":[{"href":"http:\/\/lisatroeber-photography.com\/index.php\/wp-json\/wp\/v2\/media?parent=1148"}],"wp:term":[{"taxonomy":"category","embeddable":true,"href":"http:\/\/lisatroeber-photography.com\/index.php\/wp-json\/wp\/v2\/categories?post=1148"},{"taxonomy":"post_tag","embeddable":true,"href":"http:\/\/lisatroeber-photography.com\/index.php\/wp-json\/wp\/v2\/tags?post=1148"}],"curies":[{"name":"wp","href":"https:\/\/api.w.org\/{rel}","templated":true}]}}