{"id":1231,"date":"2017-05-06T15:56:44","date_gmt":"2017-05-06T13:56:44","guid":{"rendered":"http:\/\/lisatroeber-photography.com\/?p=1231"},"modified":"2017-05-21T16:14:34","modified_gmt":"2017-05-21T14:14:34","slug":"taufe-von-lilly-valerie","status":"publish","type":"post","link":"http:\/\/lisatroeber-photography.com\/index.php\/2017\/05\/06\/taufe-von-lilly-valerie\/","title":{"rendered":"Taufe von Lilly-Valerie"},"content":{"rendered":"<p style=\"text-align: center;\">Letzten Samstag hat uns ein ganz besonderes Ereignis erwartet, n\u00e4mlich die Taufe der kleinen Lilly-Valerie. Ich hatte damals schon die Taufe ihres gro\u00dfen Bruders Maximilian fotografisch begleitet und diesmal hatte ich die liebe Anna mit im Gep\u00e4ck, die unser erstes Taufvideo gefilmt hat. <!--more-->Obwohl die Zeremonie ziemlich emotionsgeladen war und einige Tr\u00e4nen flie\u00dfen mussten (auch fast bei uns!) war es aber eine wunderbare Feier, die voller Liebe von der lieben Mama Eva gestaltet wurde. Solche Kunden wie sie es sind, kann man sich wirklich nur w\u00fcnschen. Wir hoffen, dass wir nicht das letzte Mal bei eurer kleinen Familie dabei sein durften. Danke f\u00fcr alles (:<\/p>\n<p style=\"text-align: center;\">Psst! Ganz unten findet ihr auch noch das Video zur Taufe!<\/p>\n<p style=\"text-align: center;\"><img loading=\"lazy\" decoding=\"async\" data-attachment-id=\"1232\" data-permalink=\"http:\/\/lisatroeber-photography.com\/index.php\/2017\/05\/06\/taufe-von-lilly-valerie\/taufelilly-1\/\" data-orig-file=\"https:\/\/i0.wp.com\/lisatroeber-photography.com\/wp-content\/uploads\/2017\/05\/taufelilly-1.jpg?fit=667%2C1000\" data-orig-size=\"667,1000\" data-comments-opened=\"1\" data-image-meta=\"{&quot;aperture&quot;:&quot;2.5&quot;,&quot;credit&quot;:&quot;&quot;,&quot;camera&quot;:&quot;Canon EOS 6D&quot;,&quot;caption&quot;:&quot;&quot;,&quot;created_timestamp&quot;:&quot;1494068134&quot;,&quot;copyright&quot;:&quot;&quot;,&quot;focal_length&quot;:&quot;50&quot;,&quot;iso&quot;:&quot;500&quot;,&quot;shutter_speed&quot;:&quot;0.008&quot;,&quot;title&quot;:&quot;&quot;,&quot;orientation&quot;:&quot;0&quot;}\" data-image-title=\"taufelilly-1\" data-image-description=\"\" data-image-caption=\"\" data-medium-file=\"https:\/\/i0.wp.com\/lisatroeber-photography.com\/wp-content\/uploads\/2017\/05\/taufelilly-1.jpg?fit=200%2C300\" data-large-file=\"https:\/\/i0.wp.com\/lisatroeber-photography.com\/wp-content\/uploads\/2017\/05\/taufelilly-1.jpg?fit=667%2C1000\" class=\"aligncenter size-full wp-image-1232\" src=\"https:\/\/i0.wp.com\/lisatroeber-photography.com\/wp-content\/uploads\/2017\/05\/taufelilly-1.jpg?resize=667%2C1000\" alt=\"\" width=\"667\" height=\"1000\" srcset=\"https:\/\/i0.wp.com\/lisatroeber-photography.com\/wp-content\/uploads\/2017\/05\/taufelilly-1.jpg?w=667 667w, https:\/\/i0.wp.com\/lisatroeber-photography.com\/wp-content\/uploads\/2017\/05\/taufelilly-1.jpg?resize=200%2C300 200w\" sizes=\"(max-width: 667px) 100vw, 667px\" data-recalc-dims=\"1\" \/> <img loading=\"lazy\" decoding=\"async\" data-attachment-id=\"1233\" data-permalink=\"http:\/\/lisatroeber-photography.com\/index.php\/2017\/05\/06\/taufe-von-lilly-valerie\/taufelilly-2\/\" data-orig-file=\"https:\/\/i0.wp.com\/lisatroeber-photography.com\/wp-content\/uploads\/2017\/05\/taufelilly-2.jpg?fit=667%2C1000\" data-orig-size=\"667,1000\" data-comments-opened=\"1\" data-image-meta=\"{&quot;aperture&quot;:&quot;2.5&quot;,&quot;credit&quot;:&quot;&quot;,&quot;camera&quot;:&quot;Canon EOS 6D&quot;,&quot;caption&quot;:&quot;&quot;,&quot;created_timestamp&quot;:&quot;1494068407&quot;,&quot;copyright&quot;:&quot;&quot;,&quot;focal_length&quot;:&quot;50&quot;,&quot;iso&quot;:&quot;500&quot;,&quot;shutter_speed&quot;:&quot;0.00625&quot;,&quot;title&quot;:&quot;&quot;,&quot;orientation&quot;:&quot;0&quot;}\" data-image-title=\"taufelilly-2\" data-image-description=\"\" data-image-caption=\"\" data-medium-file=\"https:\/\/i0.wp.com\/lisatroeber-photography.com\/wp-content\/uploads\/2017\/05\/taufelilly-2.jpg?fit=200%2C300\" data-large-file=\"https:\/\/i0.wp.com\/lisatroeber-photography.com\/wp-content\/uploads\/2017\/05\/taufelilly-2.jpg?fit=667%2C1000\" class=\"aligncenter size-full wp-image-1233\" src=\"https:\/\/i0.wp.com\/lisatroeber-photography.com\/wp-content\/uploads\/2017\/05\/taufelilly-2.jpg?resize=667%2C1000\" alt=\"\" width=\"667\" height=\"1000\" srcset=\"https:\/\/i0.wp.com\/lisatroeber-photography.com\/wp-content\/uploads\/2017\/05\/taufelilly-2.jpg?w=667 667w, https:\/\/i0.wp.com\/lisatroeber-photography.com\/wp-content\/uploads\/2017\/05\/taufelilly-2.jpg?resize=200%2C300 200w\" sizes=\"(max-width: 667px) 100vw, 667px\" data-recalc-dims=\"1\" \/> <img loading=\"lazy\" decoding=\"async\" data-attachment-id=\"1234\" data-permalink=\"http:\/\/lisatroeber-photography.com\/index.php\/2017\/05\/06\/taufe-von-lilly-valerie\/taufelilly-3\/\" data-orig-file=\"https:\/\/i0.wp.com\/lisatroeber-photography.com\/wp-content\/uploads\/2017\/05\/taufelilly-3.jpg?fit=1000%2C667\" data-orig-size=\"1000,667\" data-comments-opened=\"1\" data-image-meta=\"{&quot;aperture&quot;:&quot;2.5&quot;,&quot;credit&quot;:&quot;&quot;,&quot;camera&quot;:&quot;Canon EOS 6D&quot;,&quot;caption&quot;:&quot;&quot;,&quot;created_timestamp&quot;:&quot;1494068447&quot;,&quot;copyright&quot;:&quot;&quot;,&quot;focal_length&quot;:&quot;50&quot;,&quot;iso&quot;:&quot;500&quot;,&quot;shutter_speed&quot;:&quot;0.00625&quot;,&quot;title&quot;:&quot;&quot;,&quot;orientation&quot;:&quot;0&quot;}\" data-image-title=\"taufelilly-3\" data-image-description=\"\" data-image-caption=\"\" data-medium-file=\"https:\/\/i0.wp.com\/lisatroeber-photography.com\/wp-content\/uploads\/2017\/05\/taufelilly-3.jpg?fit=300%2C200\" data-large-file=\"https:\/\/i0.wp.com\/lisatroeber-photography.com\/wp-content\/uploads\/2017\/05\/taufelilly-3.jpg?fit=1000%2C667\" class=\"aligncenter size-full wp-image-1234\" src=\"https:\/\/i0.wp.com\/lisatroeber-photography.com\/wp-content\/uploads\/2017\/05\/taufelilly-3.jpg?resize=1000%2C667\" alt=\"\" width=\"1000\" height=\"667\" srcset=\"https:\/\/i0.wp.com\/lisatroeber-photography.com\/wp-content\/uploads\/2017\/05\/taufelilly-3.jpg?w=1000 1000w, https:\/\/i0.wp.com\/lisatroeber-photography.com\/wp-content\/uploads\/2017\/05\/taufelilly-3.jpg?resize=300%2C200 300w, https:\/\/i0.wp.com\/lisatroeber-photography.com\/wp-content\/uploads\/2017\/05\/taufelilly-3.jpg?resize=768%2C512 768w\" sizes=\"(max-width: 1000px) 100vw, 1000px\" data-recalc-dims=\"1\" \/> <img loading=\"lazy\" decoding=\"async\" data-attachment-id=\"1236\" data-permalink=\"http:\/\/lisatroeber-photography.com\/index.php\/2017\/05\/06\/taufe-von-lilly-valerie\/taufelilly-5\/\" data-orig-file=\"https:\/\/i0.wp.com\/lisatroeber-photography.com\/wp-content\/uploads\/2017\/05\/taufelilly-5.jpg?fit=1000%2C667\" data-orig-size=\"1000,667\" data-comments-opened=\"1\" data-image-meta=\"{&quot;aperture&quot;:&quot;2.2&quot;,&quot;credit&quot;:&quot;&quot;,&quot;camera&quot;:&quot;Canon EOS 6D&quot;,&quot;caption&quot;:&quot;&quot;,&quot;created_timestamp&quot;:&quot;1494068713&quot;,&quot;copyright&quot;:&quot;&quot;,&quot;focal_length&quot;:&quot;85&quot;,&quot;iso&quot;:&quot;500&quot;,&quot;shutter_speed&quot;:&quot;0.00625&quot;,&quot;title&quot;:&quot;&quot;,&quot;orientation&quot;:&quot;0&quot;}\" data-image-title=\"taufelilly-5\" data-image-description=\"\" data-image-caption=\"\" data-medium-file=\"https:\/\/i0.wp.com\/lisatroeber-photography.com\/wp-content\/uploads\/2017\/05\/taufelilly-5.jpg?fit=300%2C200\" data-large-file=\"https:\/\/i0.wp.com\/lisatroeber-photography.com\/wp-content\/uploads\/2017\/05\/taufelilly-5.jpg?fit=1000%2C667\" class=\"aligncenter size-full wp-image-1236\" src=\"https:\/\/i0.wp.com\/lisatroeber-photography.com\/wp-content\/uploads\/2017\/05\/taufelilly-5.jpg?resize=1000%2C667\" alt=\"\" width=\"1000\" height=\"667\" srcset=\"https:\/\/i0.wp.com\/lisatroeber-photography.com\/wp-content\/uploads\/2017\/05\/taufelilly-5.jpg?w=1000 1000w, https:\/\/i0.wp.com\/lisatroeber-photography.com\/wp-content\/uploads\/2017\/05\/taufelilly-5.jpg?resize=300%2C200 300w, https:\/\/i0.wp.com\/lisatroeber-photography.com\/wp-content\/uploads\/2017\/05\/taufelilly-5.jpg?resize=768%2C512 768w\" sizes=\"(max-width: 1000px) 100vw, 1000px\" data-recalc-dims=\"1\" \/> <img loading=\"lazy\" decoding=\"async\" data-attachment-id=\"1237\" data-permalink=\"http:\/\/lisatroeber-photography.com\/index.php\/2017\/05\/06\/taufe-von-lilly-valerie\/taufelilly-6\/\" data-orig-file=\"https:\/\/i0.wp.com\/lisatroeber-photography.com\/wp-content\/uploads\/2017\/05\/taufelilly-6.jpg?fit=1000%2C667\" data-orig-size=\"1000,667\" data-comments-opened=\"1\" data-image-meta=\"{&quot;aperture&quot;:&quot;2.2&quot;,&quot;credit&quot;:&quot;&quot;,&quot;camera&quot;:&quot;Canon EOS 6D&quot;,&quot;caption&quot;:&quot;&quot;,&quot;created_timestamp&quot;:&quot;1494068730&quot;,&quot;copyright&quot;:&quot;&quot;,&quot;focal_length&quot;:&quot;85&quot;,&quot;iso&quot;:&quot;500&quot;,&quot;shutter_speed&quot;:&quot;0.00625&quot;,&quot;title&quot;:&quot;&quot;,&quot;orientation&quot;:&quot;0&quot;}\" data-image-title=\"taufelilly-6\" data-image-description=\"\" data-image-caption=\"\" data-medium-file=\"https:\/\/i0.wp.com\/lisatroeber-photography.com\/wp-content\/uploads\/2017\/05\/taufelilly-6.jpg?fit=300%2C200\" data-large-file=\"https:\/\/i0.wp.com\/lisatroeber-photography.com\/wp-content\/uploads\/2017\/05\/taufelilly-6.jpg?fit=1000%2C667\" class=\"aligncenter size-full wp-image-1237\" src=\"https:\/\/i0.wp.com\/lisatroeber-photography.com\/wp-content\/uploads\/2017\/05\/taufelilly-6.jpg?resize=1000%2C667\" alt=\"\" width=\"1000\" height=\"667\" srcset=\"https:\/\/i0.wp.com\/lisatroeber-photography.com\/wp-content\/uploads\/2017\/05\/taufelilly-6.jpg?w=1000 1000w, https:\/\/i0.wp.com\/lisatroeber-photography.com\/wp-content\/uploads\/2017\/05\/taufelilly-6.jpg?resize=300%2C200 300w, https:\/\/i0.wp.com\/lisatroeber-photography.com\/wp-content\/uploads\/2017\/05\/taufelilly-6.jpg?resize=768%2C512 768w\" sizes=\"(max-width: 1000px) 100vw, 1000px\" data-recalc-dims=\"1\" \/> <img loading=\"lazy\" decoding=\"async\" data-attachment-id=\"1238\" data-permalink=\"http:\/\/lisatroeber-photography.com\/index.php\/2017\/05\/06\/taufe-von-lilly-valerie\/taufelilly-7\/\" data-orig-file=\"https:\/\/i0.wp.com\/lisatroeber-photography.com\/wp-content\/uploads\/2017\/05\/taufelilly-7.jpg?fit=1000%2C667\" data-orig-size=\"1000,667\" data-comments-opened=\"1\" data-image-meta=\"{&quot;aperture&quot;:&quot;2.2&quot;,&quot;credit&quot;:&quot;&quot;,&quot;camera&quot;:&quot;Canon EOS 6D&quot;,&quot;caption&quot;:&quot;&quot;,&quot;created_timestamp&quot;:&quot;1494068778&quot;,&quot;copyright&quot;:&quot;&quot;,&quot;focal_length&quot;:&quot;85&quot;,&quot;iso&quot;:&quot;500&quot;,&quot;shutter_speed&quot;:&quot;0.00625&quot;,&quot;title&quot;:&quot;&quot;,&quot;orientation&quot;:&quot;0&quot;}\" data-image-title=\"taufelilly-7\" data-image-description=\"\" data-image-caption=\"\" data-medium-file=\"https:\/\/i0.wp.com\/lisatroeber-photography.com\/wp-content\/uploads\/2017\/05\/taufelilly-7.jpg?fit=300%2C200\" data-large-file=\"https:\/\/i0.wp.com\/lisatroeber-photography.com\/wp-content\/uploads\/2017\/05\/taufelilly-7.jpg?fit=1000%2C667\" class=\"aligncenter size-full wp-image-1238\" src=\"https:\/\/i0.wp.com\/lisatroeber-photography.com\/wp-content\/uploads\/2017\/05\/taufelilly-7.jpg?resize=1000%2C667\" alt=\"\" width=\"1000\" height=\"667\" srcset=\"https:\/\/i0.wp.com\/lisatroeber-photography.com\/wp-content\/uploads\/2017\/05\/taufelilly-7.jpg?w=1000 1000w, https:\/\/i0.wp.com\/lisatroeber-photography.com\/wp-content\/uploads\/2017\/05\/taufelilly-7.jpg?resize=300%2C200 300w, https:\/\/i0.wp.com\/lisatroeber-photography.com\/wp-content\/uploads\/2017\/05\/taufelilly-7.jpg?resize=768%2C512 768w\" sizes=\"(max-width: 1000px) 100vw, 1000px\" data-recalc-dims=\"1\" \/> <img loading=\"lazy\" decoding=\"async\" data-attachment-id=\"1239\" data-permalink=\"http:\/\/lisatroeber-photography.com\/index.php\/2017\/05\/06\/taufe-von-lilly-valerie\/taufelilly-8\/\" data-orig-file=\"https:\/\/i0.wp.com\/lisatroeber-photography.com\/wp-content\/uploads\/2017\/05\/taufelilly-8.jpg?fit=667%2C1000\" data-orig-size=\"667,1000\" data-comments-opened=\"1\" data-image-meta=\"{&quot;aperture&quot;:&quot;2.2&quot;,&quot;credit&quot;:&quot;&quot;,&quot;camera&quot;:&quot;Canon EOS 6D&quot;,&quot;caption&quot;:&quot;&quot;,&quot;created_timestamp&quot;:&quot;1494069037&quot;,&quot;copyright&quot;:&quot;&quot;,&quot;focal_length&quot;:&quot;85&quot;,&quot;iso&quot;:&quot;500&quot;,&quot;shutter_speed&quot;:&quot;0.005&quot;,&quot;title&quot;:&quot;&quot;,&quot;orientation&quot;:&quot;0&quot;}\" data-image-title=\"taufelilly-8\" data-image-description=\"\" data-image-caption=\"\" data-medium-file=\"https:\/\/i0.wp.com\/lisatroeber-photography.com\/wp-content\/uploads\/2017\/05\/taufelilly-8.jpg?fit=200%2C300\" data-large-file=\"https:\/\/i0.wp.com\/lisatroeber-photography.com\/wp-content\/uploads\/2017\/05\/taufelilly-8.jpg?fit=667%2C1000\" class=\"aligncenter size-full wp-image-1239\" src=\"https:\/\/i0.wp.com\/lisatroeber-photography.com\/wp-content\/uploads\/2017\/05\/taufelilly-8.jpg?resize=667%2C1000\" alt=\"\" width=\"667\" height=\"1000\" srcset=\"https:\/\/i0.wp.com\/lisatroeber-photography.com\/wp-content\/uploads\/2017\/05\/taufelilly-8.jpg?w=667 667w, https:\/\/i0.wp.com\/lisatroeber-photography.com\/wp-content\/uploads\/2017\/05\/taufelilly-8.jpg?resize=200%2C300 200w\" sizes=\"(max-width: 667px) 100vw, 667px\" data-recalc-dims=\"1\" \/> <img loading=\"lazy\" decoding=\"async\" data-attachment-id=\"1240\" data-permalink=\"http:\/\/lisatroeber-photography.com\/index.php\/2017\/05\/06\/taufe-von-lilly-valerie\/taufelilly-9\/\" data-orig-file=\"https:\/\/i0.wp.com\/lisatroeber-photography.com\/wp-content\/uploads\/2017\/05\/taufelilly-9.jpg?fit=1000%2C667\" data-orig-size=\"1000,667\" data-comments-opened=\"1\" data-image-meta=\"{&quot;aperture&quot;:&quot;2.2&quot;,&quot;credit&quot;:&quot;&quot;,&quot;camera&quot;:&quot;Canon EOS 6D&quot;,&quot;caption&quot;:&quot;&quot;,&quot;created_timestamp&quot;:&quot;1494069242&quot;,&quot;copyright&quot;:&quot;&quot;,&quot;focal_length&quot;:&quot;85&quot;,&quot;iso&quot;:&quot;500&quot;,&quot;shutter_speed&quot;:&quot;0.005&quot;,&quot;title&quot;:&quot;&quot;,&quot;orientation&quot;:&quot;0&quot;}\" data-image-title=\"taufelilly-9\" data-image-description=\"\" data-image-caption=\"\" data-medium-file=\"https:\/\/i0.wp.com\/lisatroeber-photography.com\/wp-content\/uploads\/2017\/05\/taufelilly-9.jpg?fit=300%2C200\" data-large-file=\"https:\/\/i0.wp.com\/lisatroeber-photography.com\/wp-content\/uploads\/2017\/05\/taufelilly-9.jpg?fit=1000%2C667\" class=\"aligncenter size-full wp-image-1240\" src=\"https:\/\/i0.wp.com\/lisatroeber-photography.com\/wp-content\/uploads\/2017\/05\/taufelilly-9.jpg?resize=1000%2C667\" alt=\"\" width=\"1000\" height=\"667\" srcset=\"https:\/\/i0.wp.com\/lisatroeber-photography.com\/wp-content\/uploads\/2017\/05\/taufelilly-9.jpg?w=1000 1000w, https:\/\/i0.wp.com\/lisatroeber-photography.com\/wp-content\/uploads\/2017\/05\/taufelilly-9.jpg?resize=300%2C200 300w, https:\/\/i0.wp.com\/lisatroeber-photography.com\/wp-content\/uploads\/2017\/05\/taufelilly-9.jpg?resize=768%2C512 768w\" sizes=\"(max-width: 1000px) 100vw, 1000px\" data-recalc-dims=\"1\" \/> <img loading=\"lazy\" decoding=\"async\" data-attachment-id=\"1241\" data-permalink=\"http:\/\/lisatroeber-photography.com\/index.php\/2017\/05\/06\/taufe-von-lilly-valerie\/taufelilly-10\/\" data-orig-file=\"https:\/\/i0.wp.com\/lisatroeber-photography.com\/wp-content\/uploads\/2017\/05\/taufelilly-10.jpg?fit=1000%2C667\" data-orig-size=\"1000,667\" data-comments-opened=\"1\" data-image-meta=\"{&quot;aperture&quot;:&quot;2.2&quot;,&quot;credit&quot;:&quot;&quot;,&quot;camera&quot;:&quot;Canon EOS 6D&quot;,&quot;caption&quot;:&quot;&quot;,&quot;created_timestamp&quot;:&quot;1494069289&quot;,&quot;copyright&quot;:&quot;&quot;,&quot;focal_length&quot;:&quot;85&quot;,&quot;iso&quot;:&quot;500&quot;,&quot;shutter_speed&quot;:&quot;0.005&quot;,&quot;title&quot;:&quot;&quot;,&quot;orientation&quot;:&quot;0&quot;}\" data-image-title=\"taufelilly-10\" data-image-description=\"\" data-image-caption=\"\" data-medium-file=\"https:\/\/i0.wp.com\/lisatroeber-photography.com\/wp-content\/uploads\/2017\/05\/taufelilly-10.jpg?fit=300%2C200\" data-large-file=\"https:\/\/i0.wp.com\/lisatroeber-photography.com\/wp-content\/uploads\/2017\/05\/taufelilly-10.jpg?fit=1000%2C667\" class=\"aligncenter size-full wp-image-1241\" src=\"https:\/\/i0.wp.com\/lisatroeber-photography.com\/wp-content\/uploads\/2017\/05\/taufelilly-10.jpg?resize=1000%2C667\" alt=\"\" width=\"1000\" height=\"667\" srcset=\"https:\/\/i0.wp.com\/lisatroeber-photography.com\/wp-content\/uploads\/2017\/05\/taufelilly-10.jpg?w=1000 1000w, https:\/\/i0.wp.com\/lisatroeber-photography.com\/wp-content\/uploads\/2017\/05\/taufelilly-10.jpg?resize=300%2C200 300w, https:\/\/i0.wp.com\/lisatroeber-photography.com\/wp-content\/uploads\/2017\/05\/taufelilly-10.jpg?resize=768%2C512 768w\" sizes=\"(max-width: 1000px) 100vw, 1000px\" data-recalc-dims=\"1\" \/> <img loading=\"lazy\" decoding=\"async\" data-attachment-id=\"1242\" data-permalink=\"http:\/\/lisatroeber-photography.com\/index.php\/2017\/05\/06\/taufe-von-lilly-valerie\/taufelilly-11\/\" data-orig-file=\"https:\/\/i0.wp.com\/lisatroeber-photography.com\/wp-content\/uploads\/2017\/05\/taufelilly-11.jpg?fit=1000%2C667\" data-orig-size=\"1000,667\" data-comments-opened=\"1\" data-image-meta=\"{&quot;aperture&quot;:&quot;2.2&quot;,&quot;credit&quot;:&quot;&quot;,&quot;camera&quot;:&quot;Canon EOS 6D&quot;,&quot;caption&quot;:&quot;&quot;,&quot;created_timestamp&quot;:&quot;1494069935&quot;,&quot;copyright&quot;:&quot;&quot;,&quot;focal_length&quot;:&quot;85&quot;,&quot;iso&quot;:&quot;500&quot;,&quot;shutter_speed&quot;:&quot;0.005&quot;,&quot;title&quot;:&quot;&quot;,&quot;orientation&quot;:&quot;0&quot;}\" data-image-title=\"taufelilly-11\" data-image-description=\"\" data-image-caption=\"\" data-medium-file=\"https:\/\/i0.wp.com\/lisatroeber-photography.com\/wp-content\/uploads\/2017\/05\/taufelilly-11.jpg?fit=300%2C200\" data-large-file=\"https:\/\/i0.wp.com\/lisatroeber-photography.com\/wp-content\/uploads\/2017\/05\/taufelilly-11.jpg?fit=1000%2C667\" class=\"aligncenter size-full wp-image-1242\" src=\"https:\/\/i0.wp.com\/lisatroeber-photography.com\/wp-content\/uploads\/2017\/05\/taufelilly-11.jpg?resize=1000%2C667\" alt=\"\" width=\"1000\" height=\"667\" srcset=\"https:\/\/i0.wp.com\/lisatroeber-photography.com\/wp-content\/uploads\/2017\/05\/taufelilly-11.jpg?w=1000 1000w, https:\/\/i0.wp.com\/lisatroeber-photography.com\/wp-content\/uploads\/2017\/05\/taufelilly-11.jpg?resize=300%2C200 300w, https:\/\/i0.wp.com\/lisatroeber-photography.com\/wp-content\/uploads\/2017\/05\/taufelilly-11.jpg?resize=768%2C512 768w\" sizes=\"(max-width: 1000px) 100vw, 1000px\" data-recalc-dims=\"1\" \/> <img loading=\"lazy\" decoding=\"async\" data-attachment-id=\"1243\" data-permalink=\"http:\/\/lisatroeber-photography.com\/index.php\/2017\/05\/06\/taufe-von-lilly-valerie\/taufelilly-12\/\" data-orig-file=\"https:\/\/i0.wp.com\/lisatroeber-photography.com\/wp-content\/uploads\/2017\/05\/taufelilly-12.jpg?fit=1000%2C667\" data-orig-size=\"1000,667\" data-comments-opened=\"1\" data-image-meta=\"{&quot;aperture&quot;:&quot;2.2&quot;,&quot;credit&quot;:&quot;&quot;,&quot;camera&quot;:&quot;Canon EOS 6D&quot;,&quot;caption&quot;:&quot;&quot;,&quot;created_timestamp&quot;:&quot;1494070301&quot;,&quot;copyright&quot;:&quot;&quot;,&quot;focal_length&quot;:&quot;85&quot;,&quot;iso&quot;:&quot;500&quot;,&quot;shutter_speed&quot;:&quot;0.005&quot;,&quot;title&quot;:&quot;&quot;,&quot;orientation&quot;:&quot;0&quot;}\" data-image-title=\"taufelilly-12\" data-image-description=\"\" data-image-caption=\"\" data-medium-file=\"https:\/\/i0.wp.com\/lisatroeber-photography.com\/wp-content\/uploads\/2017\/05\/taufelilly-12.jpg?fit=300%2C200\" data-large-file=\"https:\/\/i0.wp.com\/lisatroeber-photography.com\/wp-content\/uploads\/2017\/05\/taufelilly-12.jpg?fit=1000%2C667\" class=\"aligncenter size-full wp-image-1243\" src=\"https:\/\/i0.wp.com\/lisatroeber-photography.com\/wp-content\/uploads\/2017\/05\/taufelilly-12.jpg?resize=1000%2C667\" alt=\"\" width=\"1000\" height=\"667\" srcset=\"https:\/\/i0.wp.com\/lisatroeber-photography.com\/wp-content\/uploads\/2017\/05\/taufelilly-12.jpg?w=1000 1000w, https:\/\/i0.wp.com\/lisatroeber-photography.com\/wp-content\/uploads\/2017\/05\/taufelilly-12.jpg?resize=300%2C200 300w, https:\/\/i0.wp.com\/lisatroeber-photography.com\/wp-content\/uploads\/2017\/05\/taufelilly-12.jpg?resize=768%2C512 768w\" sizes=\"(max-width: 1000px) 100vw, 1000px\" data-recalc-dims=\"1\" \/> <img loading=\"lazy\" decoding=\"async\" data-attachment-id=\"1244\" data-permalink=\"http:\/\/lisatroeber-photography.com\/index.php\/2017\/05\/06\/taufe-von-lilly-valerie\/taufelilly-13\/\" data-orig-file=\"https:\/\/i0.wp.com\/lisatroeber-photography.com\/wp-content\/uploads\/2017\/05\/taufelilly-13.jpg?fit=667%2C1000\" data-orig-size=\"667,1000\" data-comments-opened=\"1\" data-image-meta=\"{&quot;aperture&quot;:&quot;2.8&quot;,&quot;credit&quot;:&quot;&quot;,&quot;camera&quot;:&quot;Canon EOS 6D&quot;,&quot;caption&quot;:&quot;&quot;,&quot;created_timestamp&quot;:&quot;1494070544&quot;,&quot;copyright&quot;:&quot;&quot;,&quot;focal_length&quot;:&quot;85&quot;,&quot;iso&quot;:&quot;500&quot;,&quot;shutter_speed&quot;:&quot;0.008&quot;,&quot;title&quot;:&quot;&quot;,&quot;orientation&quot;:&quot;0&quot;}\" data-image-title=\"taufelilly-13\" data-image-description=\"\" data-image-caption=\"\" data-medium-file=\"https:\/\/i0.wp.com\/lisatroeber-photography.com\/wp-content\/uploads\/2017\/05\/taufelilly-13.jpg?fit=200%2C300\" data-large-file=\"https:\/\/i0.wp.com\/lisatroeber-photography.com\/wp-content\/uploads\/2017\/05\/taufelilly-13.jpg?fit=667%2C1000\" class=\"aligncenter size-full wp-image-1244\" src=\"https:\/\/i0.wp.com\/lisatroeber-photography.com\/wp-content\/uploads\/2017\/05\/taufelilly-13.jpg?resize=667%2C1000\" alt=\"\" width=\"667\" height=\"1000\" srcset=\"https:\/\/i0.wp.com\/lisatroeber-photography.com\/wp-content\/uploads\/2017\/05\/taufelilly-13.jpg?w=667 667w, https:\/\/i0.wp.com\/lisatroeber-photography.com\/wp-content\/uploads\/2017\/05\/taufelilly-13.jpg?resize=200%2C300 200w\" sizes=\"(max-width: 667px) 100vw, 667px\" data-recalc-dims=\"1\" \/> <img loading=\"lazy\" decoding=\"async\" data-attachment-id=\"1245\" data-permalink=\"http:\/\/lisatroeber-photography.com\/index.php\/2017\/05\/06\/taufe-von-lilly-valerie\/taufelilly-14\/\" data-orig-file=\"https:\/\/i0.wp.com\/lisatroeber-photography.com\/wp-content\/uploads\/2017\/05\/taufelilly-14.jpg?fit=1000%2C667\" data-orig-size=\"1000,667\" data-comments-opened=\"1\" data-image-meta=\"{&quot;aperture&quot;:&quot;2.2&quot;,&quot;credit&quot;:&quot;&quot;,&quot;camera&quot;:&quot;Canon EOS 6D&quot;,&quot;caption&quot;:&quot;&quot;,&quot;created_timestamp&quot;:&quot;1494071176&quot;,&quot;copyright&quot;:&quot;&quot;,&quot;focal_length&quot;:&quot;85&quot;,&quot;iso&quot;:&quot;500&quot;,&quot;shutter_speed&quot;:&quot;0.004&quot;,&quot;title&quot;:&quot;&quot;,&quot;orientation&quot;:&quot;0&quot;}\" data-image-title=\"taufelilly-14\" data-image-description=\"\" data-image-caption=\"\" data-medium-file=\"https:\/\/i0.wp.com\/lisatroeber-photography.com\/wp-content\/uploads\/2017\/05\/taufelilly-14.jpg?fit=300%2C200\" data-large-file=\"https:\/\/i0.wp.com\/lisatroeber-photography.com\/wp-content\/uploads\/2017\/05\/taufelilly-14.jpg?fit=1000%2C667\" class=\"aligncenter size-full wp-image-1245\" src=\"https:\/\/i0.wp.com\/lisatroeber-photography.com\/wp-content\/uploads\/2017\/05\/taufelilly-14.jpg?resize=1000%2C667\" alt=\"\" width=\"1000\" height=\"667\" srcset=\"https:\/\/i0.wp.com\/lisatroeber-photography.com\/wp-content\/uploads\/2017\/05\/taufelilly-14.jpg?w=1000 1000w, https:\/\/i0.wp.com\/lisatroeber-photography.com\/wp-content\/uploads\/2017\/05\/taufelilly-14.jpg?resize=300%2C200 300w, https:\/\/i0.wp.com\/lisatroeber-photography.com\/wp-content\/uploads\/2017\/05\/taufelilly-14.jpg?resize=768%2C512 768w\" sizes=\"(max-width: 1000px) 100vw, 1000px\" data-recalc-dims=\"1\" \/> <img loading=\"lazy\" decoding=\"async\" data-attachment-id=\"1246\" data-permalink=\"http:\/\/lisatroeber-photography.com\/index.php\/2017\/05\/06\/taufe-von-lilly-valerie\/taufelilly-15\/\" data-orig-file=\"https:\/\/i0.wp.com\/lisatroeber-photography.com\/wp-content\/uploads\/2017\/05\/taufelilly-15.jpg?fit=1000%2C667\" data-orig-size=\"1000,667\" data-comments-opened=\"1\" data-image-meta=\"{&quot;aperture&quot;:&quot;2.5&quot;,&quot;credit&quot;:&quot;&quot;,&quot;camera&quot;:&quot;Canon EOS 6D&quot;,&quot;caption&quot;:&quot;&quot;,&quot;created_timestamp&quot;:&quot;1494071368&quot;,&quot;copyright&quot;:&quot;&quot;,&quot;focal_length&quot;:&quot;85&quot;,&quot;iso&quot;:&quot;500&quot;,&quot;shutter_speed&quot;:&quot;0.005&quot;,&quot;title&quot;:&quot;&quot;,&quot;orientation&quot;:&quot;0&quot;}\" data-image-title=\"taufelilly-15\" data-image-description=\"\" data-image-caption=\"\" data-medium-file=\"https:\/\/i0.wp.com\/lisatroeber-photography.com\/wp-content\/uploads\/2017\/05\/taufelilly-15.jpg?fit=300%2C200\" data-large-file=\"https:\/\/i0.wp.com\/lisatroeber-photography.com\/wp-content\/uploads\/2017\/05\/taufelilly-15.jpg?fit=1000%2C667\" class=\"aligncenter size-full wp-image-1246\" src=\"https:\/\/i0.wp.com\/lisatroeber-photography.com\/wp-content\/uploads\/2017\/05\/taufelilly-15.jpg?resize=1000%2C667\" alt=\"\" width=\"1000\" height=\"667\" srcset=\"https:\/\/i0.wp.com\/lisatroeber-photography.com\/wp-content\/uploads\/2017\/05\/taufelilly-15.jpg?w=1000 1000w, https:\/\/i0.wp.com\/lisatroeber-photography.com\/wp-content\/uploads\/2017\/05\/taufelilly-15.jpg?resize=300%2C200 300w, https:\/\/i0.wp.com\/lisatroeber-photography.com\/wp-content\/uploads\/2017\/05\/taufelilly-15.jpg?resize=768%2C512 768w\" sizes=\"(max-width: 1000px) 100vw, 1000px\" data-recalc-dims=\"1\" \/> <img loading=\"lazy\" decoding=\"async\" data-attachment-id=\"1247\" data-permalink=\"http:\/\/lisatroeber-photography.com\/index.php\/2017\/05\/06\/taufe-von-lilly-valerie\/taufelilly-16\/\" data-orig-file=\"https:\/\/i0.wp.com\/lisatroeber-photography.com\/wp-content\/uploads\/2017\/05\/taufelilly-16.jpg?fit=1000%2C667\" data-orig-size=\"1000,667\" data-comments-opened=\"1\" data-image-meta=\"{&quot;aperture&quot;:&quot;2.5&quot;,&quot;credit&quot;:&quot;&quot;,&quot;camera&quot;:&quot;Canon EOS 6D&quot;,&quot;caption&quot;:&quot;&quot;,&quot;created_timestamp&quot;:&quot;1494071508&quot;,&quot;copyright&quot;:&quot;&quot;,&quot;focal_length&quot;:&quot;85&quot;,&quot;iso&quot;:&quot;500&quot;,&quot;shutter_speed&quot;:&quot;0.005&quot;,&quot;title&quot;:&quot;&quot;,&quot;orientation&quot;:&quot;0&quot;}\" data-image-title=\"taufelilly-16\" data-image-description=\"\" data-image-caption=\"\" data-medium-file=\"https:\/\/i0.wp.com\/lisatroeber-photography.com\/wp-content\/uploads\/2017\/05\/taufelilly-16.jpg?fit=300%2C200\" data-large-file=\"https:\/\/i0.wp.com\/lisatroeber-photography.com\/wp-content\/uploads\/2017\/05\/taufelilly-16.jpg?fit=1000%2C667\" class=\"aligncenter size-full wp-image-1247\" src=\"https:\/\/i0.wp.com\/lisatroeber-photography.com\/wp-content\/uploads\/2017\/05\/taufelilly-16.jpg?resize=1000%2C667\" alt=\"\" width=\"1000\" height=\"667\" srcset=\"https:\/\/i0.wp.com\/lisatroeber-photography.com\/wp-content\/uploads\/2017\/05\/taufelilly-16.jpg?w=1000 1000w, https:\/\/i0.wp.com\/lisatroeber-photography.com\/wp-content\/uploads\/2017\/05\/taufelilly-16.jpg?resize=300%2C200 300w, https:\/\/i0.wp.com\/lisatroeber-photography.com\/wp-content\/uploads\/2017\/05\/taufelilly-16.jpg?resize=768%2C512 768w\" sizes=\"(max-width: 1000px) 100vw, 1000px\" data-recalc-dims=\"1\" \/> <img loading=\"lazy\" decoding=\"async\" data-attachment-id=\"1248\" data-permalink=\"http:\/\/lisatroeber-photography.com\/index.php\/2017\/05\/06\/taufe-von-lilly-valerie\/taufelilly-17\/\" data-orig-file=\"https:\/\/i0.wp.com\/lisatroeber-photography.com\/wp-content\/uploads\/2017\/05\/taufelilly-17.jpg?fit=667%2C1000\" data-orig-size=\"667,1000\" data-comments-opened=\"1\" data-image-meta=\"{&quot;aperture&quot;:&quot;2.8&quot;,&quot;credit&quot;:&quot;&quot;,&quot;camera&quot;:&quot;Canon EOS 6D&quot;,&quot;caption&quot;:&quot;&quot;,&quot;created_timestamp&quot;:&quot;1494072773&quot;,&quot;copyright&quot;:&quot;&quot;,&quot;focal_length&quot;:&quot;50&quot;,&quot;iso&quot;:&quot;500&quot;,&quot;shutter_speed&quot;:&quot;0.001&quot;,&quot;title&quot;:&quot;&quot;,&quot;orientation&quot;:&quot;0&quot;}\" data-image-title=\"taufelilly-17\" data-image-description=\"\" data-image-caption=\"\" data-medium-file=\"https:\/\/i0.wp.com\/lisatroeber-photography.com\/wp-content\/uploads\/2017\/05\/taufelilly-17.jpg?fit=200%2C300\" data-large-file=\"https:\/\/i0.wp.com\/lisatroeber-photography.com\/wp-content\/uploads\/2017\/05\/taufelilly-17.jpg?fit=667%2C1000\" class=\"aligncenter size-full wp-image-1248\" src=\"https:\/\/i0.wp.com\/lisatroeber-photography.com\/wp-content\/uploads\/2017\/05\/taufelilly-17.jpg?resize=667%2C1000\" alt=\"\" width=\"667\" height=\"1000\" srcset=\"https:\/\/i0.wp.com\/lisatroeber-photography.com\/wp-content\/uploads\/2017\/05\/taufelilly-17.jpg?w=667 667w, https:\/\/i0.wp.com\/lisatroeber-photography.com\/wp-content\/uploads\/2017\/05\/taufelilly-17.jpg?resize=200%2C300 200w\" sizes=\"(max-width: 667px) 100vw, 667px\" data-recalc-dims=\"1\" \/> <img loading=\"lazy\" decoding=\"async\" data-attachment-id=\"1249\" data-permalink=\"http:\/\/lisatroeber-photography.com\/index.php\/2017\/05\/06\/taufe-von-lilly-valerie\/taufelilly-18\/\" data-orig-file=\"https:\/\/i0.wp.com\/lisatroeber-photography.com\/wp-content\/uploads\/2017\/05\/taufelilly-18.jpg?fit=1000%2C667\" data-orig-size=\"1000,667\" data-comments-opened=\"1\" data-image-meta=\"{&quot;aperture&quot;:&quot;2.8&quot;,&quot;credit&quot;:&quot;&quot;,&quot;camera&quot;:&quot;Canon EOS 6D&quot;,&quot;caption&quot;:&quot;&quot;,&quot;created_timestamp&quot;:&quot;1494072919&quot;,&quot;copyright&quot;:&quot;&quot;,&quot;focal_length&quot;:&quot;50&quot;,&quot;iso&quot;:&quot;500&quot;,&quot;shutter_speed&quot;:&quot;0.001&quot;,&quot;title&quot;:&quot;&quot;,&quot;orientation&quot;:&quot;0&quot;}\" data-image-title=\"taufelilly-18\" data-image-description=\"\" data-image-caption=\"\" data-medium-file=\"https:\/\/i0.wp.com\/lisatroeber-photography.com\/wp-content\/uploads\/2017\/05\/taufelilly-18.jpg?fit=300%2C200\" data-large-file=\"https:\/\/i0.wp.com\/lisatroeber-photography.com\/wp-content\/uploads\/2017\/05\/taufelilly-18.jpg?fit=1000%2C667\" class=\"aligncenter size-full wp-image-1249\" src=\"https:\/\/i0.wp.com\/lisatroeber-photography.com\/wp-content\/uploads\/2017\/05\/taufelilly-18.jpg?resize=1000%2C667\" alt=\"\" width=\"1000\" height=\"667\" srcset=\"https:\/\/i0.wp.com\/lisatroeber-photography.com\/wp-content\/uploads\/2017\/05\/taufelilly-18.jpg?w=1000 1000w, https:\/\/i0.wp.com\/lisatroeber-photography.com\/wp-content\/uploads\/2017\/05\/taufelilly-18.jpg?resize=300%2C200 300w, https:\/\/i0.wp.com\/lisatroeber-photography.com\/wp-content\/uploads\/2017\/05\/taufelilly-18.jpg?resize=768%2C512 768w\" sizes=\"(max-width: 1000px) 100vw, 1000px\" data-recalc-dims=\"1\" \/> <img loading=\"lazy\" decoding=\"async\" data-attachment-id=\"1250\" data-permalink=\"http:\/\/lisatroeber-photography.com\/index.php\/2017\/05\/06\/taufe-von-lilly-valerie\/taufelilly-19\/\" data-orig-file=\"https:\/\/i0.wp.com\/lisatroeber-photography.com\/wp-content\/uploads\/2017\/05\/taufelilly-19.jpg?fit=667%2C1000\" data-orig-size=\"667,1000\" data-comments-opened=\"1\" data-image-meta=\"{&quot;aperture&quot;:&quot;2.8&quot;,&quot;credit&quot;:&quot;&quot;,&quot;camera&quot;:&quot;Canon EOS 6D&quot;,&quot;caption&quot;:&quot;&quot;,&quot;created_timestamp&quot;:&quot;1494073172&quot;,&quot;copyright&quot;:&quot;&quot;,&quot;focal_length&quot;:&quot;50&quot;,&quot;iso&quot;:&quot;500&quot;,&quot;shutter_speed&quot;:&quot;0.0008&quot;,&quot;title&quot;:&quot;&quot;,&quot;orientation&quot;:&quot;0&quot;}\" data-image-title=\"taufelilly-19\" data-image-description=\"\" data-image-caption=\"\" data-medium-file=\"https:\/\/i0.wp.com\/lisatroeber-photography.com\/wp-content\/uploads\/2017\/05\/taufelilly-19.jpg?fit=200%2C300\" data-large-file=\"https:\/\/i0.wp.com\/lisatroeber-photography.com\/wp-content\/uploads\/2017\/05\/taufelilly-19.jpg?fit=667%2C1000\" class=\"aligncenter size-full wp-image-1250\" src=\"https:\/\/i0.wp.com\/lisatroeber-photography.com\/wp-content\/uploads\/2017\/05\/taufelilly-19.jpg?resize=667%2C1000\" alt=\"\" width=\"667\" height=\"1000\" srcset=\"https:\/\/i0.wp.com\/lisatroeber-photography.com\/wp-content\/uploads\/2017\/05\/taufelilly-19.jpg?w=667 667w, https:\/\/i0.wp.com\/lisatroeber-photography.com\/wp-content\/uploads\/2017\/05\/taufelilly-19.jpg?resize=200%2C300 200w\" sizes=\"(max-width: 667px) 100vw, 667px\" data-recalc-dims=\"1\" \/> <img loading=\"lazy\" decoding=\"async\" data-attachment-id=\"1251\" data-permalink=\"http:\/\/lisatroeber-photography.com\/index.php\/2017\/05\/06\/taufe-von-lilly-valerie\/taufelilly-20\/\" data-orig-file=\"https:\/\/i0.wp.com\/lisatroeber-photography.com\/wp-content\/uploads\/2017\/05\/taufelilly-20.jpg?fit=667%2C1000\" data-orig-size=\"667,1000\" data-comments-opened=\"1\" data-image-meta=\"{&quot;aperture&quot;:&quot;1.8&quot;,&quot;credit&quot;:&quot;&quot;,&quot;camera&quot;:&quot;Canon EOS 6D&quot;,&quot;caption&quot;:&quot;&quot;,&quot;created_timestamp&quot;:&quot;1494077976&quot;,&quot;copyright&quot;:&quot;&quot;,&quot;focal_length&quot;:&quot;50&quot;,&quot;iso&quot;:&quot;500&quot;,&quot;shutter_speed&quot;:&quot;0.00625&quot;,&quot;title&quot;:&quot;&quot;,&quot;orientation&quot;:&quot;0&quot;}\" data-image-title=\"taufelilly-20\" data-image-description=\"\" data-image-caption=\"\" data-medium-file=\"https:\/\/i0.wp.com\/lisatroeber-photography.com\/wp-content\/uploads\/2017\/05\/taufelilly-20.jpg?fit=200%2C300\" data-large-file=\"https:\/\/i0.wp.com\/lisatroeber-photography.com\/wp-content\/uploads\/2017\/05\/taufelilly-20.jpg?fit=667%2C1000\" class=\"aligncenter size-full wp-image-1251\" src=\"https:\/\/i0.wp.com\/lisatroeber-photography.com\/wp-content\/uploads\/2017\/05\/taufelilly-20.jpg?resize=667%2C1000\" alt=\"\" width=\"667\" height=\"1000\" srcset=\"https:\/\/i0.wp.com\/lisatroeber-photography.com\/wp-content\/uploads\/2017\/05\/taufelilly-20.jpg?w=667 667w, https:\/\/i0.wp.com\/lisatroeber-photography.com\/wp-content\/uploads\/2017\/05\/taufelilly-20.jpg?resize=200%2C300 200w\" sizes=\"(max-width: 667px) 100vw, 667px\" data-recalc-dims=\"1\" \/> <img loading=\"lazy\" decoding=\"async\" data-attachment-id=\"1252\" data-permalink=\"http:\/\/lisatroeber-photography.com\/index.php\/2017\/05\/06\/taufe-von-lilly-valerie\/taufelilly-21\/\" data-orig-file=\"https:\/\/i0.wp.com\/lisatroeber-photography.com\/wp-content\/uploads\/2017\/05\/taufelilly-21.jpg?fit=667%2C1000\" data-orig-size=\"667,1000\" data-comments-opened=\"1\" data-image-meta=\"{&quot;aperture&quot;:&quot;2.5&quot;,&quot;credit&quot;:&quot;&quot;,&quot;camera&quot;:&quot;Canon EOS 6D&quot;,&quot;caption&quot;:&quot;&quot;,&quot;created_timestamp&quot;:&quot;1494080383&quot;,&quot;copyright&quot;:&quot;&quot;,&quot;focal_length&quot;:&quot;50&quot;,&quot;iso&quot;:&quot;100&quot;,&quot;shutter_speed&quot;:&quot;0.0008&quot;,&quot;title&quot;:&quot;&quot;,&quot;orientation&quot;:&quot;0&quot;}\" data-image-title=\"taufelilly-21\" data-image-description=\"\" data-image-caption=\"\" data-medium-file=\"https:\/\/i0.wp.com\/lisatroeber-photography.com\/wp-content\/uploads\/2017\/05\/taufelilly-21.jpg?fit=200%2C300\" data-large-file=\"https:\/\/i0.wp.com\/lisatroeber-photography.com\/wp-content\/uploads\/2017\/05\/taufelilly-21.jpg?fit=667%2C1000\" class=\"aligncenter size-full wp-image-1252\" src=\"https:\/\/i0.wp.com\/lisatroeber-photography.com\/wp-content\/uploads\/2017\/05\/taufelilly-21.jpg?resize=667%2C1000\" alt=\"\" width=\"667\" height=\"1000\" srcset=\"https:\/\/i0.wp.com\/lisatroeber-photography.com\/wp-content\/uploads\/2017\/05\/taufelilly-21.jpg?w=667 667w, https:\/\/i0.wp.com\/lisatroeber-photography.com\/wp-content\/uploads\/2017\/05\/taufelilly-21.jpg?resize=200%2C300 200w\" sizes=\"(max-width: 667px) 100vw, 667px\" data-recalc-dims=\"1\" \/><\/p>\n<hr \/>\n<div class=\"embed-vimeo\" style=\"text-align: center;\"><div class=\"flex-video\"><iframe loading=\"lazy\" src=\"https:\/\/player.vimeo.com\/video\/217874307\" width=\"600\" height=\"338\" frameborder=\"0\" webkitallowfullscreen mozallowfullscreen allowfullscreen><\/iframe><\/div><\/div>\n","protected":false},"excerpt":{"rendered":"<p>Letzten Samstag hat uns ein ganz besonderes Ereignis erwartet, n\u00e4mlich die Taufe der kleinen Lilly-Valerie. Ich hatte damals schon die&#8230;<\/p>\n<div class=\"more-link\"><a href=\"http:\/\/lisatroeber-photography.com\/index.php\/2017\/05\/06\/taufe-von-lilly-valerie\/\">READ MORE<\/a><\/div>\n","protected":false},"author":1,"featured_media":1246,"comment_status":"open","ping_status":"open","sticky":false,"template":"","format":"standard","meta":{"_genesis_hide_title":false,"_genesis_hide_breadcrumbs":false,"_genesis_hide_singular_image":false,"_genesis_hide_footer_widgets":false,"_genesis_custom_body_class":"","_genesis_custom_post_class":"","_genesis_layout":"","jetpack_post_was_ever_published":false,"_jetpack_newsletter_access":"","_jetpack_dont_email_post_to_subs":false,"_jetpack_newsletter_tier_id":0,"footnotes":"","jetpack_publicize_message":"","jetpack_publicize_feature_enabled":true,"jetpack_social_post_already_shared":true,"jetpack_social_options":{"image_generator_settings":{"template":"highway","enabled":false}}},"categories":[10],"tags":[],"jetpack_publicize_connections":[],"jetpack_featured_media_url":"https:\/\/i0.wp.com\/lisatroeber-photography.com\/wp-content\/uploads\/2017\/05\/taufelilly-15.jpg?fit=1000%2C667","jetpack_sharing_enabled":false,"jetpack_shortlink":"https:\/\/wp.me\/p8sGNm-jR","jetpack-related-posts":[{"id":1568,"url":"http:\/\/lisatroeber-photography.com\/index.php\/2017\/11\/14\/hanna\/","url_meta":{"origin":1231,"position":0},"title":"Hanna","author":"lisatroeber","date":"14. November 2017","format":false,"excerpt":"Im Sommer war ich zu Besuch bei der kleinen Hanna und ihren lieben Eltern in St. P\u00f6lten. Beim Betreten von ihrem wundersch\u00f6nen neuen Haus war ich gleich mal verliebt: die liebe Martina hatte n\u00e4mlich alles so sch\u00f6n gestaltet mit hellen Farben und ganz viel Liebe zum Detail. Das \u00e4nderte sich\u2026","rel":"","context":"In &quot;Newborn&quot;","block_context":{"text":"Newborn","link":"http:\/\/lisatroeber-photography.com\/index.php\/category\/newborn\/"},"img":{"alt_text":"","src":"https:\/\/i0.wp.com\/lisatroeber-photography.com\/wp-content\/uploads\/2017\/11\/newborn-hanna-3.jpg?fit=1000%2C667&resize=350%2C200","width":350,"height":200,"srcset":"https:\/\/i0.wp.com\/lisatroeber-photography.com\/wp-content\/uploads\/2017\/11\/newborn-hanna-3.jpg?fit=1000%2C667&resize=350%2C200 1x, https:\/\/i0.wp.com\/lisatroeber-photography.com\/wp-content\/uploads\/2017\/11\/newborn-hanna-3.jpg?fit=1000%2C667&resize=525%2C300 1.5x, https:\/\/i0.wp.com\/lisatroeber-photography.com\/wp-content\/uploads\/2017\/11\/newborn-hanna-3.jpg?fit=1000%2C667&resize=700%2C400 2x"},"classes":[]},{"id":1469,"url":"http:\/\/lisatroeber-photography.com\/index.php\/2017\/10\/11\/ines-daniel\/","url_meta":{"origin":1231,"position":1},"title":"Ines &#038; Daniel","author":"lisatroeber","date":"11. Oktober 2017","format":false,"excerpt":"Ende Juli war es endlich soweit und meine liebe Anna und ich starteten Richtung Oberwaltersdorf in das wundersch\u00f6ne Fontana. F\u00fcr alle unter euch, die die Location nicht kennen: Eigentlich ist das Fontana eine riesige Golfanlage mit blauem, glasklarem Wasser und wundersch\u00f6nen Wiesen rundum den Hochzeitssaal. Die liebe Ines wusste mit\u2026","rel":"","context":"In &quot;Wedding&quot;","block_context":{"text":"Wedding","link":"http:\/\/lisatroeber-photography.com\/index.php\/category\/wedding\/"},"img":{"alt_text":"","src":"https:\/\/i0.wp.com\/lisatroeber-photography.com\/wp-content\/uploads\/2017\/10\/inesunddaniel-56.jpg?fit=1000%2C667&resize=350%2C200","width":350,"height":200,"srcset":"https:\/\/i0.wp.com\/lisatroeber-photography.com\/wp-content\/uploads\/2017\/10\/inesunddaniel-56.jpg?fit=1000%2C667&resize=350%2C200 1x, https:\/\/i0.wp.com\/lisatroeber-photography.com\/wp-content\/uploads\/2017\/10\/inesunddaniel-56.jpg?fit=1000%2C667&resize=525%2C300 1.5x, https:\/\/i0.wp.com\/lisatroeber-photography.com\/wp-content\/uploads\/2017\/10\/inesunddaniel-56.jpg?fit=1000%2C667&resize=700%2C400 2x"},"classes":[]},{"id":3187,"url":"http:\/\/lisatroeber-photography.com\/index.php\/2019\/03\/15\/spaetsommerhochzeit-in-altlengbach\/","url_meta":{"origin":1231,"position":2},"title":"Sp\u00e4tsommerhochzeit in Altlengbach","author":"lisatroeber","date":"15. M\u00e4rz 2019","format":false,"excerpt":"Erinnert ihr euch noch an den August letzten Jahres? Wenn ich dann zur\u00fcckdenke f\u00e4llt mir vor allem eins ein: HITZE! Die meisten Hochzeiten in dem Monat verbrachten wir, gemeinsam mit unseren Brautpaaren, schwitzend, denn das Thermometer hatte nicht nur einmal die 35\u00baC Marke geknackt. Anders war es allerdings bei der\u2026","rel":"","context":"In &quot;Wedding&quot;","block_context":{"text":"Wedding","link":"http:\/\/lisatroeber-photography.com\/index.php\/category\/wedding\/"},"img":{"alt_text":"","src":"https:\/\/i0.wp.com\/lisatroeber-photography.com\/wp-content\/uploads\/2019\/03\/wedding-da-45.jpg?fit=1000%2C667&resize=350%2C200","width":350,"height":200,"srcset":"https:\/\/i0.wp.com\/lisatroeber-photography.com\/wp-content\/uploads\/2019\/03\/wedding-da-45.jpg?fit=1000%2C667&resize=350%2C200 1x, https:\/\/i0.wp.com\/lisatroeber-photography.com\/wp-content\/uploads\/2019\/03\/wedding-da-45.jpg?fit=1000%2C667&resize=525%2C300 1.5x, https:\/\/i0.wp.com\/lisatroeber-photography.com\/wp-content\/uploads\/2019\/03\/wedding-da-45.jpg?fit=1000%2C667&resize=700%2C400 2x"},"classes":[]},{"id":3546,"url":"http:\/\/lisatroeber-photography.com\/index.php\/2019\/12\/23\/christmas-minisessions-2019\/","url_meta":{"origin":1231,"position":3},"title":"Christmas Minisessions 2019","author":"lisatroeber","date":"23. Dezember 2019","format":false,"excerpt":"Ende November war es wieder so weit und wir durften ganz viele liebe Familien zu unseren Weihnachtsshootings in der Agentur der Eventschwestern begr\u00fc\u00dfen. Auf die Kekse, fertig, los! Wie schon letztes Jahr gab es neben Weihnachtsmusik, Zimtgeruch, hei\u00dfen Punsch und vielen bunten Keksen ganz viele liebe Menschen, die uns besucht\u2026","rel":"","context":"In &quot;Family&quot;","block_context":{"text":"Family","link":"http:\/\/lisatroeber-photography.com\/index.php\/category\/family\/"},"img":{"alt_text":"","src":"https:\/\/i0.wp.com\/lisatroeber-photography.com\/wp-content\/uploads\/2019\/12\/christmas-minisession2-3.jpg?fit=1200%2C800&resize=350%2C200","width":350,"height":200,"srcset":"https:\/\/i0.wp.com\/lisatroeber-photography.com\/wp-content\/uploads\/2019\/12\/christmas-minisession2-3.jpg?fit=1200%2C800&resize=350%2C200 1x, https:\/\/i0.wp.com\/lisatroeber-photography.com\/wp-content\/uploads\/2019\/12\/christmas-minisession2-3.jpg?fit=1200%2C800&resize=525%2C300 1.5x, https:\/\/i0.wp.com\/lisatroeber-photography.com\/wp-content\/uploads\/2019\/12\/christmas-minisession2-3.jpg?fit=1200%2C800&resize=700%2C400 2x, https:\/\/i0.wp.com\/lisatroeber-photography.com\/wp-content\/uploads\/2019\/12\/christmas-minisession2-3.jpg?fit=1200%2C800&resize=1050%2C600 3x"},"classes":[]},{"id":3091,"url":"http:\/\/lisatroeber-photography.com\/index.php\/2019\/02\/25\/cakesmash-shooting\/","url_meta":{"origin":1231,"position":4},"title":"Cakesmash Shooting","author":"lisatroeber","date":"25. Februar 2019","format":false,"excerpt":"Im Oktober 2018 hatten wir dieses Jahr unsere letzte Hochzeit und die Saison war offiziell beendet. Wir hatten wundersch\u00f6ne Wochen und Monate bei so tollen Festen verbracht, die sch\u00f6nsten Br\u00e4ute gesehen, die emotionalsten Reden geh\u00f6rt und die besten Torten verkostet. Und Torten sind jetzt irgendwie auch mein Stichwort! Wenige Tage\u2026","rel":"","context":"In &quot;Family&quot;","block_context":{"text":"Family","link":"http:\/\/lisatroeber-photography.com\/index.php\/category\/family\/"},"img":{"alt_text":"","src":"https:\/\/i0.wp.com\/lisatroeber-photography.com\/wp-content\/uploads\/2019\/02\/cakesmash-p-2.jpg?fit=1000%2C667&resize=350%2C200","width":350,"height":200,"srcset":"https:\/\/i0.wp.com\/lisatroeber-photography.com\/wp-content\/uploads\/2019\/02\/cakesmash-p-2.jpg?fit=1000%2C667&resize=350%2C200 1x, https:\/\/i0.wp.com\/lisatroeber-photography.com\/wp-content\/uploads\/2019\/02\/cakesmash-p-2.jpg?fit=1000%2C667&resize=525%2C300 1.5x, https:\/\/i0.wp.com\/lisatroeber-photography.com\/wp-content\/uploads\/2019\/02\/cakesmash-p-2.jpg?fit=1000%2C667&resize=700%2C400 2x"},"classes":[]},{"id":2922,"url":"http:\/\/lisatroeber-photography.com\/index.php\/2019\/02\/11\/evaphilipp\/","url_meta":{"origin":1231,"position":5},"title":"Eva + Philipp","author":"lisatroeber","date":"11. Februar 2019","format":false,"excerpt":"Nach sehr, sehr langer Abstinenz hier (ich f\u00fchle mich schuldig!) gibt es heute endlich einen neuen Blogbeitrag! Die vergangene Hochzeitssaison ist irgendwie gerade erst vorbei, dabei steht die neue schon in den Startl\u00f6chern. Mir kommt es so vor, als w\u00e4re die wundersch\u00f6ne und einzigartige Hochzeit von Eva und ihrem Philipp\u2026","rel":"","context":"In &quot;Wedding&quot;","block_context":{"text":"Wedding","link":"http:\/\/lisatroeber-photography.com\/index.php\/category\/wedding\/"},"img":{"alt_text":"","src":"https:\/\/i0.wp.com\/lisatroeber-photography.com\/wp-content\/uploads\/2019\/02\/hochzeit-ep-69.jpg?fit=1000%2C667&resize=350%2C200","width":350,"height":200,"srcset":"https:\/\/i0.wp.com\/lisatroeber-photography.com\/wp-content\/uploads\/2019\/02\/hochzeit-ep-69.jpg?fit=1000%2C667&resize=350%2C200 1x, https:\/\/i0.wp.com\/lisatroeber-photography.com\/wp-content\/uploads\/2019\/02\/hochzeit-ep-69.jpg?fit=1000%2C667&resize=525%2C300 1.5x, https:\/\/i0.wp.com\/lisatroeber-photography.com\/wp-content\/uploads\/2019\/02\/hochzeit-ep-69.jpg?fit=1000%2C667&resize=700%2C400 2x"},"classes":[]}],"_links":{"self":[{"href":"http:\/\/lisatroeber-photography.com\/index.php\/wp-json\/wp\/v2\/posts\/1231"}],"collection":[{"href":"http:\/\/lisatroeber-photography.com\/index.php\/wp-json\/wp\/v2\/posts"}],"about":[{"href":"http:\/\/lisatroeber-photography.com\/index.php\/wp-json\/wp\/v2\/types\/post"}],"author":[{"embeddable":true,"href":"http:\/\/lisatroeber-photography.com\/index.php\/wp-json\/wp\/v2\/users\/1"}],"replies":[{"embeddable":true,"href":"http:\/\/lisatroeber-photography.com\/index.php\/wp-json\/wp\/v2\/comments?post=1231"}],"version-history":[{"count":7,"href":"http:\/\/lisatroeber-photography.com\/index.php\/wp-json\/wp\/v2\/posts\/1231\/revisions"}],"predecessor-version":[{"id":1259,"href":"http:\/\/lisatroeber-photography.com\/index.php\/wp-json\/wp\/v2\/posts\/1231\/revisions\/1259"}],"wp:featuredmedia":[{"embeddable":true,"href":"http:\/\/lisatroeber-photography.com\/index.php\/wp-json\/wp\/v2\/media\/1246"}],"wp:attachment":[{"href":"http:\/\/lisatroeber-photography.com\/index.php\/wp-json\/wp\/v2\/media?parent=1231"}],"wp:term":[{"taxonomy":"category","embeddable":true,"href":"http:\/\/lisatroeber-photography.com\/index.php\/wp-json\/wp\/v2\/categories?post=1231"},{"taxonomy":"post_tag","embeddable":true,"href":"http:\/\/lisatroeber-photography.com\/index.php\/wp-json\/wp\/v2\/tags?post=1231"}],"curies":[{"name":"wp","href":"https:\/\/api.w.org\/{rel}","templated":true}]}}