{"id":1905,"date":"2018-03-20T12:38:41","date_gmt":"2018-03-20T11:38:41","guid":{"rendered":"http:\/\/lisatroeber-photography.com\/?p=1905"},"modified":"2018-03-20T12:38:41","modified_gmt":"2018-03-20T11:38:41","slug":"twins-inside","status":"publish","type":"post","link":"http:\/\/lisatroeber-photography.com\/index.php\/2018\/03\/20\/twins-inside\/","title":{"rendered":"twins inside!"},"content":{"rendered":"<p style=\"text-align: center;\">Kurz nach Weihnachten war ich zu Besuch bei der lieben Bettina und ihrem Kristijan. Jede und jeder, der meinen Blog schon l\u00e4nger verfolgt, kennt die Beiden, denn ich durfte sie damals schon bei ihrer Hochzeit in Kroatien auf der Insel Hvar begleiten. Seit diesem Sommer sind schon einige Jahre vergangen, weshalb es mich noch mehr freut, dass Bettina jetzt endlich, endlich Nachwuchs erwartet &#8211; und ja, gleich im Doppelpack!<!--more--><\/p>\n<p style=\"text-align: center;\">Die Beiden erwarten n\u00e4mlich Zwillinge und ich freu mich schon so sehr, wenn ich dann auch die Zwei vor der Linse habe. Jetzt aber noch kurz zu unserem Babybauchshooting mitten in der sch\u00f6nsten Winterlandschaft. Wir hatten n\u00e4mlich soo ein Gl\u00fcck als wir in der Fr\u00fch aufgewacht sind und alles weiss war &#8211; einfach wundersch\u00f6n und perfekt f\u00fcr so ein besonderes Shooting. Nachdem wir uns aber bei den Minusgraden herausgewagt hatten, ging es rein und es entstanden noch richtig kuschelige und gem\u00fctliche Fotos alleine und zweit. Bei Bettina ist immer alles perfekt organisiert und dekoriert, weshalb ich gleich wusste: Das wird super! Aber jetzt seht einfach mal selbst!<\/p>\n<p><img loading=\"lazy\" decoding=\"async\" data-attachment-id=\"1906\" data-permalink=\"http:\/\/lisatroeber-photography.com\/index.php\/2018\/03\/20\/twins-inside\/babybauch-bk-1\/\" data-orig-file=\"https:\/\/i0.wp.com\/lisatroeber-photography.com\/wp-content\/uploads\/2018\/03\/babybauch-bk-1.jpg?fit=1000%2C667\" data-orig-size=\"1000,667\" data-comments-opened=\"1\" data-image-meta=\"{&quot;aperture&quot;:&quot;2.2&quot;,&quot;credit&quot;:&quot;&quot;,&quot;camera&quot;:&quot;Canon EOS 6D&quot;,&quot;caption&quot;:&quot;&quot;,&quot;created_timestamp&quot;:&quot;1515929502&quot;,&quot;copyright&quot;:&quot;&quot;,&quot;focal_length&quot;:&quot;35&quot;,&quot;iso&quot;:&quot;100&quot;,&quot;shutter_speed&quot;:&quot;0.004&quot;,&quot;title&quot;:&quot;&quot;,&quot;orientation&quot;:&quot;0&quot;}\" data-image-title=\"babybauch-bk-1\" data-image-description=\"\" data-image-caption=\"\" data-medium-file=\"https:\/\/i0.wp.com\/lisatroeber-photography.com\/wp-content\/uploads\/2018\/03\/babybauch-bk-1.jpg?fit=300%2C200\" data-large-file=\"https:\/\/i0.wp.com\/lisatroeber-photography.com\/wp-content\/uploads\/2018\/03\/babybauch-bk-1.jpg?fit=1000%2C667\" class=\"aligncenter size-full wp-image-1906\" src=\"https:\/\/i0.wp.com\/lisatroeber-photography.com\/wp-content\/uploads\/2018\/03\/babybauch-bk-1.jpg?resize=1000%2C667\" alt=\"\" width=\"1000\" height=\"667\" srcset=\"https:\/\/i0.wp.com\/lisatroeber-photography.com\/wp-content\/uploads\/2018\/03\/babybauch-bk-1.jpg?w=1000 1000w, https:\/\/i0.wp.com\/lisatroeber-photography.com\/wp-content\/uploads\/2018\/03\/babybauch-bk-1.jpg?resize=300%2C200 300w, https:\/\/i0.wp.com\/lisatroeber-photography.com\/wp-content\/uploads\/2018\/03\/babybauch-bk-1.jpg?resize=768%2C512 768w\" sizes=\"(max-width: 1000px) 100vw, 1000px\" data-recalc-dims=\"1\" \/> <img loading=\"lazy\" decoding=\"async\" data-attachment-id=\"1923\" data-permalink=\"http:\/\/lisatroeber-photography.com\/index.php\/2018\/03\/20\/twins-inside\/babybauch-bk1\/\" data-orig-file=\"https:\/\/i0.wp.com\/lisatroeber-photography.com\/wp-content\/uploads\/2018\/03\/babybauch-bk1.jpg?fit=4249%2C2834\" data-orig-size=\"4249,2834\" data-comments-opened=\"1\" data-image-meta=\"{&quot;aperture&quot;:&quot;0&quot;,&quot;credit&quot;:&quot;&quot;,&quot;camera&quot;:&quot;&quot;,&quot;caption&quot;:&quot;&quot;,&quot;created_timestamp&quot;:&quot;0&quot;,&quot;copyright&quot;:&quot;&quot;,&quot;focal_length&quot;:&quot;0&quot;,&quot;iso&quot;:&quot;0&quot;,&quot;shutter_speed&quot;:&quot;0&quot;,&quot;title&quot;:&quot;&quot;,&quot;orientation&quot;:&quot;0&quot;}\" data-image-title=\"babybauch-bk1\" data-image-description=\"\" data-image-caption=\"\" data-medium-file=\"https:\/\/i0.wp.com\/lisatroeber-photography.com\/wp-content\/uploads\/2018\/03\/babybauch-bk1.jpg?fit=300%2C200\" data-large-file=\"https:\/\/i0.wp.com\/lisatroeber-photography.com\/wp-content\/uploads\/2018\/03\/babybauch-bk1.jpg?fit=1024%2C683\" class=\"aligncenter size-full wp-image-1923\" src=\"https:\/\/i0.wp.com\/lisatroeber-photography.com\/wp-content\/uploads\/2018\/03\/babybauch-bk1.jpg?resize=4249%2C2834\" alt=\"\" width=\"4249\" height=\"2834\" srcset=\"https:\/\/i0.wp.com\/lisatroeber-photography.com\/wp-content\/uploads\/2018\/03\/babybauch-bk1.jpg?w=4249 4249w, https:\/\/i0.wp.com\/lisatroeber-photography.com\/wp-content\/uploads\/2018\/03\/babybauch-bk1.jpg?resize=300%2C200 300w, https:\/\/i0.wp.com\/lisatroeber-photography.com\/wp-content\/uploads\/2018\/03\/babybauch-bk1.jpg?resize=768%2C512 768w, https:\/\/i0.wp.com\/lisatroeber-photography.com\/wp-content\/uploads\/2018\/03\/babybauch-bk1.jpg?resize=1024%2C683 1024w, https:\/\/i0.wp.com\/lisatroeber-photography.com\/wp-content\/uploads\/2018\/03\/babybauch-bk1.jpg?w=2000 2000w, https:\/\/i0.wp.com\/lisatroeber-photography.com\/wp-content\/uploads\/2018\/03\/babybauch-bk1.jpg?w=3000 3000w\" sizes=\"(max-width: 1000px) 100vw, 1000px\" data-recalc-dims=\"1\" \/><img loading=\"lazy\" decoding=\"async\" data-attachment-id=\"1907\" data-permalink=\"http:\/\/lisatroeber-photography.com\/index.php\/2018\/03\/20\/twins-inside\/babybauch-bk-2\/\" data-orig-file=\"https:\/\/i0.wp.com\/lisatroeber-photography.com\/wp-content\/uploads\/2018\/03\/babybauch-bk-2.jpg?fit=1000%2C667\" data-orig-size=\"1000,667\" data-comments-opened=\"1\" data-image-meta=\"{&quot;aperture&quot;:&quot;2.2&quot;,&quot;credit&quot;:&quot;&quot;,&quot;camera&quot;:&quot;Canon EOS 6D&quot;,&quot;caption&quot;:&quot;&quot;,&quot;created_timestamp&quot;:&quot;1515929594&quot;,&quot;copyright&quot;:&quot;&quot;,&quot;focal_length&quot;:&quot;35&quot;,&quot;iso&quot;:&quot;100&quot;,&quot;shutter_speed&quot;:&quot;0.004&quot;,&quot;title&quot;:&quot;&quot;,&quot;orientation&quot;:&quot;0&quot;}\" data-image-title=\"babybauch-bk-2\" data-image-description=\"\" data-image-caption=\"\" data-medium-file=\"https:\/\/i0.wp.com\/lisatroeber-photography.com\/wp-content\/uploads\/2018\/03\/babybauch-bk-2.jpg?fit=300%2C200\" data-large-file=\"https:\/\/i0.wp.com\/lisatroeber-photography.com\/wp-content\/uploads\/2018\/03\/babybauch-bk-2.jpg?fit=1000%2C667\" class=\"aligncenter size-full wp-image-1907\" src=\"https:\/\/i0.wp.com\/lisatroeber-photography.com\/wp-content\/uploads\/2018\/03\/babybauch-bk-2.jpg?resize=1000%2C667\" alt=\"\" width=\"1000\" height=\"667\" srcset=\"https:\/\/i0.wp.com\/lisatroeber-photography.com\/wp-content\/uploads\/2018\/03\/babybauch-bk-2.jpg?w=1000 1000w, https:\/\/i0.wp.com\/lisatroeber-photography.com\/wp-content\/uploads\/2018\/03\/babybauch-bk-2.jpg?resize=300%2C200 300w, https:\/\/i0.wp.com\/lisatroeber-photography.com\/wp-content\/uploads\/2018\/03\/babybauch-bk-2.jpg?resize=768%2C512 768w\" sizes=\"(max-width: 1000px) 100vw, 1000px\" data-recalc-dims=\"1\" \/> <img loading=\"lazy\" decoding=\"async\" data-attachment-id=\"1924\" data-permalink=\"http:\/\/lisatroeber-photography.com\/index.php\/2018\/03\/20\/twins-inside\/babybauch-bk2\/\" data-orig-file=\"https:\/\/i0.wp.com\/lisatroeber-photography.com\/wp-content\/uploads\/2018\/03\/babybauch-bk2.jpg?fit=4249%2C2834\" data-orig-size=\"4249,2834\" data-comments-opened=\"1\" data-image-meta=\"{&quot;aperture&quot;:&quot;0&quot;,&quot;credit&quot;:&quot;&quot;,&quot;camera&quot;:&quot;&quot;,&quot;caption&quot;:&quot;&quot;,&quot;created_timestamp&quot;:&quot;0&quot;,&quot;copyright&quot;:&quot;&quot;,&quot;focal_length&quot;:&quot;0&quot;,&quot;iso&quot;:&quot;0&quot;,&quot;shutter_speed&quot;:&quot;0&quot;,&quot;title&quot;:&quot;&quot;,&quot;orientation&quot;:&quot;0&quot;}\" data-image-title=\"babybauch-bk2\" data-image-description=\"\" data-image-caption=\"\" data-medium-file=\"https:\/\/i0.wp.com\/lisatroeber-photography.com\/wp-content\/uploads\/2018\/03\/babybauch-bk2.jpg?fit=300%2C200\" data-large-file=\"https:\/\/i0.wp.com\/lisatroeber-photography.com\/wp-content\/uploads\/2018\/03\/babybauch-bk2.jpg?fit=1024%2C683\" class=\"aligncenter size-full wp-image-1924\" src=\"https:\/\/i0.wp.com\/lisatroeber-photography.com\/wp-content\/uploads\/2018\/03\/babybauch-bk2.jpg?resize=4249%2C2834\" alt=\"\" width=\"4249\" height=\"2834\" srcset=\"https:\/\/i0.wp.com\/lisatroeber-photography.com\/wp-content\/uploads\/2018\/03\/babybauch-bk2.jpg?w=4249 4249w, https:\/\/i0.wp.com\/lisatroeber-photography.com\/wp-content\/uploads\/2018\/03\/babybauch-bk2.jpg?resize=300%2C200 300w, https:\/\/i0.wp.com\/lisatroeber-photography.com\/wp-content\/uploads\/2018\/03\/babybauch-bk2.jpg?resize=768%2C512 768w, https:\/\/i0.wp.com\/lisatroeber-photography.com\/wp-content\/uploads\/2018\/03\/babybauch-bk2.jpg?resize=1024%2C683 1024w, https:\/\/i0.wp.com\/lisatroeber-photography.com\/wp-content\/uploads\/2018\/03\/babybauch-bk2.jpg?w=2000 2000w, https:\/\/i0.wp.com\/lisatroeber-photography.com\/wp-content\/uploads\/2018\/03\/babybauch-bk2.jpg?w=3000 3000w\" sizes=\"(max-width: 1000px) 100vw, 1000px\" data-recalc-dims=\"1\" \/><img loading=\"lazy\" decoding=\"async\" data-attachment-id=\"1908\" data-permalink=\"http:\/\/lisatroeber-photography.com\/index.php\/2018\/03\/20\/twins-inside\/babybauch-bk-3\/\" data-orig-file=\"https:\/\/i0.wp.com\/lisatroeber-photography.com\/wp-content\/uploads\/2018\/03\/babybauch-bk-3.jpg?fit=1000%2C667\" data-orig-size=\"1000,667\" data-comments-opened=\"1\" data-image-meta=\"{&quot;aperture&quot;:&quot;2&quot;,&quot;credit&quot;:&quot;&quot;,&quot;camera&quot;:&quot;Canon EOS 6D&quot;,&quot;caption&quot;:&quot;&quot;,&quot;created_timestamp&quot;:&quot;1515929652&quot;,&quot;copyright&quot;:&quot;&quot;,&quot;focal_length&quot;:&quot;35&quot;,&quot;iso&quot;:&quot;100&quot;,&quot;shutter_speed&quot;:&quot;0.004&quot;,&quot;title&quot;:&quot;&quot;,&quot;orientation&quot;:&quot;0&quot;}\" data-image-title=\"babybauch-bk-3\" data-image-description=\"\" data-image-caption=\"\" data-medium-file=\"https:\/\/i0.wp.com\/lisatroeber-photography.com\/wp-content\/uploads\/2018\/03\/babybauch-bk-3.jpg?fit=300%2C200\" data-large-file=\"https:\/\/i0.wp.com\/lisatroeber-photography.com\/wp-content\/uploads\/2018\/03\/babybauch-bk-3.jpg?fit=1000%2C667\" class=\"aligncenter size-full wp-image-1908\" src=\"https:\/\/i0.wp.com\/lisatroeber-photography.com\/wp-content\/uploads\/2018\/03\/babybauch-bk-3.jpg?resize=1000%2C667\" alt=\"\" width=\"1000\" height=\"667\" srcset=\"https:\/\/i0.wp.com\/lisatroeber-photography.com\/wp-content\/uploads\/2018\/03\/babybauch-bk-3.jpg?w=1000 1000w, https:\/\/i0.wp.com\/lisatroeber-photography.com\/wp-content\/uploads\/2018\/03\/babybauch-bk-3.jpg?resize=300%2C200 300w, https:\/\/i0.wp.com\/lisatroeber-photography.com\/wp-content\/uploads\/2018\/03\/babybauch-bk-3.jpg?resize=768%2C512 768w\" sizes=\"(max-width: 1000px) 100vw, 1000px\" data-recalc-dims=\"1\" \/> <img loading=\"lazy\" decoding=\"async\" data-attachment-id=\"1925\" data-permalink=\"http:\/\/lisatroeber-photography.com\/index.php\/2018\/03\/20\/twins-inside\/babybauch-bk3\/\" data-orig-file=\"https:\/\/i0.wp.com\/lisatroeber-photography.com\/wp-content\/uploads\/2018\/03\/babybauch-bk3.jpg?fit=4249%2C2834\" data-orig-size=\"4249,2834\" data-comments-opened=\"1\" data-image-meta=\"{&quot;aperture&quot;:&quot;0&quot;,&quot;credit&quot;:&quot;&quot;,&quot;camera&quot;:&quot;&quot;,&quot;caption&quot;:&quot;&quot;,&quot;created_timestamp&quot;:&quot;0&quot;,&quot;copyright&quot;:&quot;&quot;,&quot;focal_length&quot;:&quot;0&quot;,&quot;iso&quot;:&quot;0&quot;,&quot;shutter_speed&quot;:&quot;0&quot;,&quot;title&quot;:&quot;&quot;,&quot;orientation&quot;:&quot;0&quot;}\" data-image-title=\"babybauch-bk3\" data-image-description=\"\" data-image-caption=\"\" data-medium-file=\"https:\/\/i0.wp.com\/lisatroeber-photography.com\/wp-content\/uploads\/2018\/03\/babybauch-bk3.jpg?fit=300%2C200\" data-large-file=\"https:\/\/i0.wp.com\/lisatroeber-photography.com\/wp-content\/uploads\/2018\/03\/babybauch-bk3.jpg?fit=1024%2C683\" class=\"aligncenter size-full wp-image-1925\" src=\"https:\/\/i0.wp.com\/lisatroeber-photography.com\/wp-content\/uploads\/2018\/03\/babybauch-bk3.jpg?resize=4249%2C2834\" alt=\"\" width=\"4249\" height=\"2834\" srcset=\"https:\/\/i0.wp.com\/lisatroeber-photography.com\/wp-content\/uploads\/2018\/03\/babybauch-bk3.jpg?w=4249 4249w, https:\/\/i0.wp.com\/lisatroeber-photography.com\/wp-content\/uploads\/2018\/03\/babybauch-bk3.jpg?resize=300%2C200 300w, https:\/\/i0.wp.com\/lisatroeber-photography.com\/wp-content\/uploads\/2018\/03\/babybauch-bk3.jpg?resize=768%2C512 768w, https:\/\/i0.wp.com\/lisatroeber-photography.com\/wp-content\/uploads\/2018\/03\/babybauch-bk3.jpg?resize=1024%2C683 1024w, https:\/\/i0.wp.com\/lisatroeber-photography.com\/wp-content\/uploads\/2018\/03\/babybauch-bk3.jpg?w=2000 2000w, https:\/\/i0.wp.com\/lisatroeber-photography.com\/wp-content\/uploads\/2018\/03\/babybauch-bk3.jpg?w=3000 3000w\" sizes=\"(max-width: 1000px) 100vw, 1000px\" data-recalc-dims=\"1\" \/><img loading=\"lazy\" decoding=\"async\" data-attachment-id=\"1909\" data-permalink=\"http:\/\/lisatroeber-photography.com\/index.php\/2018\/03\/20\/twins-inside\/babybauch-bk-4\/\" data-orig-file=\"https:\/\/i0.wp.com\/lisatroeber-photography.com\/wp-content\/uploads\/2018\/03\/babybauch-bk-4.jpg?fit=1000%2C667\" data-orig-size=\"1000,667\" data-comments-opened=\"1\" data-image-meta=\"{&quot;aperture&quot;:&quot;2&quot;,&quot;credit&quot;:&quot;&quot;,&quot;camera&quot;:&quot;Canon EOS 6D&quot;,&quot;caption&quot;:&quot;&quot;,&quot;created_timestamp&quot;:&quot;1515929657&quot;,&quot;copyright&quot;:&quot;&quot;,&quot;focal_length&quot;:&quot;35&quot;,&quot;iso&quot;:&quot;100&quot;,&quot;shutter_speed&quot;:&quot;0.004&quot;,&quot;title&quot;:&quot;&quot;,&quot;orientation&quot;:&quot;0&quot;}\" data-image-title=\"babybauch-bk-4\" data-image-description=\"\" data-image-caption=\"\" data-medium-file=\"https:\/\/i0.wp.com\/lisatroeber-photography.com\/wp-content\/uploads\/2018\/03\/babybauch-bk-4.jpg?fit=300%2C200\" data-large-file=\"https:\/\/i0.wp.com\/lisatroeber-photography.com\/wp-content\/uploads\/2018\/03\/babybauch-bk-4.jpg?fit=1000%2C667\" class=\"aligncenter size-full wp-image-1909\" src=\"https:\/\/i0.wp.com\/lisatroeber-photography.com\/wp-content\/uploads\/2018\/03\/babybauch-bk-4.jpg?resize=1000%2C667\" alt=\"\" width=\"1000\" height=\"667\" srcset=\"https:\/\/i0.wp.com\/lisatroeber-photography.com\/wp-content\/uploads\/2018\/03\/babybauch-bk-4.jpg?w=1000 1000w, https:\/\/i0.wp.com\/lisatroeber-photography.com\/wp-content\/uploads\/2018\/03\/babybauch-bk-4.jpg?resize=300%2C200 300w, https:\/\/i0.wp.com\/lisatroeber-photography.com\/wp-content\/uploads\/2018\/03\/babybauch-bk-4.jpg?resize=768%2C512 768w\" sizes=\"(max-width: 1000px) 100vw, 1000px\" data-recalc-dims=\"1\" \/> <img loading=\"lazy\" decoding=\"async\" data-attachment-id=\"1910\" data-permalink=\"http:\/\/lisatroeber-photography.com\/index.php\/2018\/03\/20\/twins-inside\/babybauch-bk-5\/\" data-orig-file=\"https:\/\/i0.wp.com\/lisatroeber-photography.com\/wp-content\/uploads\/2018\/03\/babybauch-bk-5.jpg?fit=1000%2C667\" data-orig-size=\"1000,667\" data-comments-opened=\"1\" data-image-meta=\"{&quot;aperture&quot;:&quot;2&quot;,&quot;credit&quot;:&quot;&quot;,&quot;camera&quot;:&quot;Canon EOS 6D&quot;,&quot;caption&quot;:&quot;&quot;,&quot;created_timestamp&quot;:&quot;1515929924&quot;,&quot;copyright&quot;:&quot;&quot;,&quot;focal_length&quot;:&quot;35&quot;,&quot;iso&quot;:&quot;100&quot;,&quot;shutter_speed&quot;:&quot;0.00625&quot;,&quot;title&quot;:&quot;&quot;,&quot;orientation&quot;:&quot;0&quot;}\" data-image-title=\"babybauch-bk-5\" data-image-description=\"\" data-image-caption=\"\" data-medium-file=\"https:\/\/i0.wp.com\/lisatroeber-photography.com\/wp-content\/uploads\/2018\/03\/babybauch-bk-5.jpg?fit=300%2C200\" data-large-file=\"https:\/\/i0.wp.com\/lisatroeber-photography.com\/wp-content\/uploads\/2018\/03\/babybauch-bk-5.jpg?fit=1000%2C667\" class=\"aligncenter size-full wp-image-1910\" src=\"https:\/\/i0.wp.com\/lisatroeber-photography.com\/wp-content\/uploads\/2018\/03\/babybauch-bk-5.jpg?resize=1000%2C667\" alt=\"\" width=\"1000\" height=\"667\" srcset=\"https:\/\/i0.wp.com\/lisatroeber-photography.com\/wp-content\/uploads\/2018\/03\/babybauch-bk-5.jpg?w=1000 1000w, https:\/\/i0.wp.com\/lisatroeber-photography.com\/wp-content\/uploads\/2018\/03\/babybauch-bk-5.jpg?resize=300%2C200 300w, https:\/\/i0.wp.com\/lisatroeber-photography.com\/wp-content\/uploads\/2018\/03\/babybauch-bk-5.jpg?resize=768%2C512 768w\" sizes=\"(max-width: 1000px) 100vw, 1000px\" data-recalc-dims=\"1\" \/> <img loading=\"lazy\" decoding=\"async\" data-attachment-id=\"1911\" data-permalink=\"http:\/\/lisatroeber-photography.com\/index.php\/2018\/03\/20\/twins-inside\/babybauch-bk-6\/\" data-orig-file=\"https:\/\/i0.wp.com\/lisatroeber-photography.com\/wp-content\/uploads\/2018\/03\/babybauch-bk-6.jpg?fit=1000%2C667\" data-orig-size=\"1000,667\" data-comments-opened=\"1\" data-image-meta=\"{&quot;aperture&quot;:&quot;2&quot;,&quot;credit&quot;:&quot;&quot;,&quot;camera&quot;:&quot;Canon EOS 6D&quot;,&quot;caption&quot;:&quot;&quot;,&quot;created_timestamp&quot;:&quot;1515929982&quot;,&quot;copyright&quot;:&quot;&quot;,&quot;focal_length&quot;:&quot;35&quot;,&quot;iso&quot;:&quot;100&quot;,&quot;shutter_speed&quot;:&quot;0.00625&quot;,&quot;title&quot;:&quot;&quot;,&quot;orientation&quot;:&quot;0&quot;}\" data-image-title=\"babybauch-bk-6\" data-image-description=\"\" data-image-caption=\"\" data-medium-file=\"https:\/\/i0.wp.com\/lisatroeber-photography.com\/wp-content\/uploads\/2018\/03\/babybauch-bk-6.jpg?fit=300%2C200\" data-large-file=\"https:\/\/i0.wp.com\/lisatroeber-photography.com\/wp-content\/uploads\/2018\/03\/babybauch-bk-6.jpg?fit=1000%2C667\" class=\"aligncenter size-full wp-image-1911\" src=\"https:\/\/i0.wp.com\/lisatroeber-photography.com\/wp-content\/uploads\/2018\/03\/babybauch-bk-6.jpg?resize=1000%2C667\" alt=\"\" width=\"1000\" height=\"667\" srcset=\"https:\/\/i0.wp.com\/lisatroeber-photography.com\/wp-content\/uploads\/2018\/03\/babybauch-bk-6.jpg?w=1000 1000w, https:\/\/i0.wp.com\/lisatroeber-photography.com\/wp-content\/uploads\/2018\/03\/babybauch-bk-6.jpg?resize=300%2C200 300w, https:\/\/i0.wp.com\/lisatroeber-photography.com\/wp-content\/uploads\/2018\/03\/babybauch-bk-6.jpg?resize=768%2C512 768w\" sizes=\"(max-width: 1000px) 100vw, 1000px\" data-recalc-dims=\"1\" \/> <img loading=\"lazy\" decoding=\"async\" data-attachment-id=\"1912\" data-permalink=\"http:\/\/lisatroeber-photography.com\/index.php\/2018\/03\/20\/twins-inside\/babybauch-bk-7\/\" data-orig-file=\"https:\/\/i0.wp.com\/lisatroeber-photography.com\/wp-content\/uploads\/2018\/03\/babybauch-bk-7.jpg?fit=1000%2C667\" data-orig-size=\"1000,667\" data-comments-opened=\"1\" data-image-meta=\"{&quot;aperture&quot;:&quot;2&quot;,&quot;credit&quot;:&quot;&quot;,&quot;camera&quot;:&quot;Canon EOS 6D&quot;,&quot;caption&quot;:&quot;&quot;,&quot;created_timestamp&quot;:&quot;1515930058&quot;,&quot;copyright&quot;:&quot;&quot;,&quot;focal_length&quot;:&quot;35&quot;,&quot;iso&quot;:&quot;100&quot;,&quot;shutter_speed&quot;:&quot;0.00625&quot;,&quot;title&quot;:&quot;&quot;,&quot;orientation&quot;:&quot;0&quot;}\" data-image-title=\"babybauch-bk-7\" data-image-description=\"\" data-image-caption=\"\" data-medium-file=\"https:\/\/i0.wp.com\/lisatroeber-photography.com\/wp-content\/uploads\/2018\/03\/babybauch-bk-7.jpg?fit=300%2C200\" data-large-file=\"https:\/\/i0.wp.com\/lisatroeber-photography.com\/wp-content\/uploads\/2018\/03\/babybauch-bk-7.jpg?fit=1000%2C667\" class=\"aligncenter size-full wp-image-1912\" src=\"https:\/\/i0.wp.com\/lisatroeber-photography.com\/wp-content\/uploads\/2018\/03\/babybauch-bk-7.jpg?resize=1000%2C667\" alt=\"\" width=\"1000\" height=\"667\" srcset=\"https:\/\/i0.wp.com\/lisatroeber-photography.com\/wp-content\/uploads\/2018\/03\/babybauch-bk-7.jpg?w=1000 1000w, https:\/\/i0.wp.com\/lisatroeber-photography.com\/wp-content\/uploads\/2018\/03\/babybauch-bk-7.jpg?resize=300%2C200 300w, https:\/\/i0.wp.com\/lisatroeber-photography.com\/wp-content\/uploads\/2018\/03\/babybauch-bk-7.jpg?resize=768%2C512 768w\" sizes=\"(max-width: 1000px) 100vw, 1000px\" data-recalc-dims=\"1\" \/> <img loading=\"lazy\" decoding=\"async\" data-attachment-id=\"1913\" data-permalink=\"http:\/\/lisatroeber-photography.com\/index.php\/2018\/03\/20\/twins-inside\/babybauch-bk-8\/\" data-orig-file=\"https:\/\/i0.wp.com\/lisatroeber-photography.com\/wp-content\/uploads\/2018\/03\/babybauch-bk-8.jpg?fit=1000%2C667\" data-orig-size=\"1000,667\" data-comments-opened=\"1\" data-image-meta=\"{&quot;aperture&quot;:&quot;2&quot;,&quot;credit&quot;:&quot;&quot;,&quot;camera&quot;:&quot;Canon EOS 6D&quot;,&quot;caption&quot;:&quot;&quot;,&quot;created_timestamp&quot;:&quot;1515930124&quot;,&quot;copyright&quot;:&quot;&quot;,&quot;focal_length&quot;:&quot;35&quot;,&quot;iso&quot;:&quot;100&quot;,&quot;shutter_speed&quot;:&quot;0.00625&quot;,&quot;title&quot;:&quot;&quot;,&quot;orientation&quot;:&quot;0&quot;}\" data-image-title=\"babybauch-bk-8\" data-image-description=\"\" data-image-caption=\"\" data-medium-file=\"https:\/\/i0.wp.com\/lisatroeber-photography.com\/wp-content\/uploads\/2018\/03\/babybauch-bk-8.jpg?fit=300%2C200\" data-large-file=\"https:\/\/i0.wp.com\/lisatroeber-photography.com\/wp-content\/uploads\/2018\/03\/babybauch-bk-8.jpg?fit=1000%2C667\" class=\"aligncenter size-full wp-image-1913\" src=\"https:\/\/i0.wp.com\/lisatroeber-photography.com\/wp-content\/uploads\/2018\/03\/babybauch-bk-8.jpg?resize=1000%2C667\" alt=\"\" width=\"1000\" height=\"667\" srcset=\"https:\/\/i0.wp.com\/lisatroeber-photography.com\/wp-content\/uploads\/2018\/03\/babybauch-bk-8.jpg?w=1000 1000w, https:\/\/i0.wp.com\/lisatroeber-photography.com\/wp-content\/uploads\/2018\/03\/babybauch-bk-8.jpg?resize=300%2C200 300w, https:\/\/i0.wp.com\/lisatroeber-photography.com\/wp-content\/uploads\/2018\/03\/babybauch-bk-8.jpg?resize=768%2C512 768w\" sizes=\"(max-width: 1000px) 100vw, 1000px\" data-recalc-dims=\"1\" \/> <img loading=\"lazy\" decoding=\"async\" data-attachment-id=\"1914\" data-permalink=\"http:\/\/lisatroeber-photography.com\/index.php\/2018\/03\/20\/twins-inside\/babybauch-bk-9\/\" data-orig-file=\"https:\/\/i0.wp.com\/lisatroeber-photography.com\/wp-content\/uploads\/2018\/03\/babybauch-bk-9.jpg?fit=1000%2C667\" data-orig-size=\"1000,667\" data-comments-opened=\"1\" data-image-meta=\"{&quot;aperture&quot;:&quot;2.2&quot;,&quot;credit&quot;:&quot;&quot;,&quot;camera&quot;:&quot;Canon EOS 6D&quot;,&quot;caption&quot;:&quot;&quot;,&quot;created_timestamp&quot;:&quot;1515930311&quot;,&quot;copyright&quot;:&quot;&quot;,&quot;focal_length&quot;:&quot;35&quot;,&quot;iso&quot;:&quot;100&quot;,&quot;shutter_speed&quot;:&quot;0.005&quot;,&quot;title&quot;:&quot;&quot;,&quot;orientation&quot;:&quot;0&quot;}\" data-image-title=\"babybauch-bk-9\" data-image-description=\"\" data-image-caption=\"\" data-medium-file=\"https:\/\/i0.wp.com\/lisatroeber-photography.com\/wp-content\/uploads\/2018\/03\/babybauch-bk-9.jpg?fit=300%2C200\" data-large-file=\"https:\/\/i0.wp.com\/lisatroeber-photography.com\/wp-content\/uploads\/2018\/03\/babybauch-bk-9.jpg?fit=1000%2C667\" class=\"aligncenter size-full wp-image-1914\" src=\"https:\/\/i0.wp.com\/lisatroeber-photography.com\/wp-content\/uploads\/2018\/03\/babybauch-bk-9.jpg?resize=1000%2C667\" alt=\"\" width=\"1000\" height=\"667\" srcset=\"https:\/\/i0.wp.com\/lisatroeber-photography.com\/wp-content\/uploads\/2018\/03\/babybauch-bk-9.jpg?w=1000 1000w, https:\/\/i0.wp.com\/lisatroeber-photography.com\/wp-content\/uploads\/2018\/03\/babybauch-bk-9.jpg?resize=300%2C200 300w, https:\/\/i0.wp.com\/lisatroeber-photography.com\/wp-content\/uploads\/2018\/03\/babybauch-bk-9.jpg?resize=768%2C512 768w\" sizes=\"(max-width: 1000px) 100vw, 1000px\" data-recalc-dims=\"1\" \/> <img loading=\"lazy\" decoding=\"async\" data-attachment-id=\"1926\" data-permalink=\"http:\/\/lisatroeber-photography.com\/index.php\/2018\/03\/20\/twins-inside\/babybauch-bk4\/\" data-orig-file=\"https:\/\/i0.wp.com\/lisatroeber-photography.com\/wp-content\/uploads\/2018\/03\/babybauch-bk4.jpg?fit=4249%2C2834\" data-orig-size=\"4249,2834\" data-comments-opened=\"1\" data-image-meta=\"{&quot;aperture&quot;:&quot;0&quot;,&quot;credit&quot;:&quot;&quot;,&quot;camera&quot;:&quot;&quot;,&quot;caption&quot;:&quot;&quot;,&quot;created_timestamp&quot;:&quot;0&quot;,&quot;copyright&quot;:&quot;&quot;,&quot;focal_length&quot;:&quot;0&quot;,&quot;iso&quot;:&quot;0&quot;,&quot;shutter_speed&quot;:&quot;0&quot;,&quot;title&quot;:&quot;&quot;,&quot;orientation&quot;:&quot;0&quot;}\" data-image-title=\"babybauch-bk4\" data-image-description=\"\" data-image-caption=\"\" data-medium-file=\"https:\/\/i0.wp.com\/lisatroeber-photography.com\/wp-content\/uploads\/2018\/03\/babybauch-bk4.jpg?fit=300%2C200\" data-large-file=\"https:\/\/i0.wp.com\/lisatroeber-photography.com\/wp-content\/uploads\/2018\/03\/babybauch-bk4.jpg?fit=1024%2C683\" class=\"aligncenter size-full wp-image-1926\" src=\"https:\/\/i0.wp.com\/lisatroeber-photography.com\/wp-content\/uploads\/2018\/03\/babybauch-bk4.jpg?resize=4249%2C2834\" alt=\"\" width=\"4249\" height=\"2834\" srcset=\"https:\/\/i0.wp.com\/lisatroeber-photography.com\/wp-content\/uploads\/2018\/03\/babybauch-bk4.jpg?w=4249 4249w, https:\/\/i0.wp.com\/lisatroeber-photography.com\/wp-content\/uploads\/2018\/03\/babybauch-bk4.jpg?resize=300%2C200 300w, https:\/\/i0.wp.com\/lisatroeber-photography.com\/wp-content\/uploads\/2018\/03\/babybauch-bk4.jpg?resize=768%2C512 768w, https:\/\/i0.wp.com\/lisatroeber-photography.com\/wp-content\/uploads\/2018\/03\/babybauch-bk4.jpg?resize=1024%2C683 1024w, https:\/\/i0.wp.com\/lisatroeber-photography.com\/wp-content\/uploads\/2018\/03\/babybauch-bk4.jpg?w=2000 2000w, https:\/\/i0.wp.com\/lisatroeber-photography.com\/wp-content\/uploads\/2018\/03\/babybauch-bk4.jpg?w=3000 3000w\" sizes=\"(max-width: 1000px) 100vw, 1000px\" data-recalc-dims=\"1\" \/><img loading=\"lazy\" decoding=\"async\" data-attachment-id=\"1915\" data-permalink=\"http:\/\/lisatroeber-photography.com\/index.php\/2018\/03\/20\/twins-inside\/babybauch-bk-10\/\" data-orig-file=\"https:\/\/i0.wp.com\/lisatroeber-photography.com\/wp-content\/uploads\/2018\/03\/babybauch-bk-10.jpg?fit=1000%2C667\" data-orig-size=\"1000,667\" data-comments-opened=\"1\" data-image-meta=\"{&quot;aperture&quot;:&quot;2&quot;,&quot;credit&quot;:&quot;&quot;,&quot;camera&quot;:&quot;Canon EOS 6D&quot;,&quot;caption&quot;:&quot;&quot;,&quot;created_timestamp&quot;:&quot;1515933609&quot;,&quot;copyright&quot;:&quot;&quot;,&quot;focal_length&quot;:&quot;35&quot;,&quot;iso&quot;:&quot;250&quot;,&quot;shutter_speed&quot;:&quot;0.008&quot;,&quot;title&quot;:&quot;&quot;,&quot;orientation&quot;:&quot;0&quot;}\" data-image-title=\"babybauch-bk-10\" data-image-description=\"\" data-image-caption=\"\" data-medium-file=\"https:\/\/i0.wp.com\/lisatroeber-photography.com\/wp-content\/uploads\/2018\/03\/babybauch-bk-10.jpg?fit=300%2C200\" data-large-file=\"https:\/\/i0.wp.com\/lisatroeber-photography.com\/wp-content\/uploads\/2018\/03\/babybauch-bk-10.jpg?fit=1000%2C667\" class=\"aligncenter size-full wp-image-1915\" src=\"https:\/\/i0.wp.com\/lisatroeber-photography.com\/wp-content\/uploads\/2018\/03\/babybauch-bk-10.jpg?resize=1000%2C667\" alt=\"\" width=\"1000\" height=\"667\" srcset=\"https:\/\/i0.wp.com\/lisatroeber-photography.com\/wp-content\/uploads\/2018\/03\/babybauch-bk-10.jpg?w=1000 1000w, https:\/\/i0.wp.com\/lisatroeber-photography.com\/wp-content\/uploads\/2018\/03\/babybauch-bk-10.jpg?resize=300%2C200 300w, https:\/\/i0.wp.com\/lisatroeber-photography.com\/wp-content\/uploads\/2018\/03\/babybauch-bk-10.jpg?resize=768%2C512 768w\" sizes=\"(max-width: 1000px) 100vw, 1000px\" data-recalc-dims=\"1\" \/> <img loading=\"lazy\" decoding=\"async\" data-attachment-id=\"1928\" data-permalink=\"http:\/\/lisatroeber-photography.com\/index.php\/2018\/03\/20\/twins-inside\/babybauch-bk6\/\" data-orig-file=\"https:\/\/i0.wp.com\/lisatroeber-photography.com\/wp-content\/uploads\/2018\/03\/babybauch-bk6.jpg?fit=4249%2C2834\" data-orig-size=\"4249,2834\" data-comments-opened=\"1\" data-image-meta=\"{&quot;aperture&quot;:&quot;0&quot;,&quot;credit&quot;:&quot;&quot;,&quot;camera&quot;:&quot;&quot;,&quot;caption&quot;:&quot;&quot;,&quot;created_timestamp&quot;:&quot;0&quot;,&quot;copyright&quot;:&quot;&quot;,&quot;focal_length&quot;:&quot;0&quot;,&quot;iso&quot;:&quot;0&quot;,&quot;shutter_speed&quot;:&quot;0&quot;,&quot;title&quot;:&quot;&quot;,&quot;orientation&quot;:&quot;0&quot;}\" data-image-title=\"babybauch-bk6\" data-image-description=\"\" data-image-caption=\"\" data-medium-file=\"https:\/\/i0.wp.com\/lisatroeber-photography.com\/wp-content\/uploads\/2018\/03\/babybauch-bk6.jpg?fit=300%2C200\" data-large-file=\"https:\/\/i0.wp.com\/lisatroeber-photography.com\/wp-content\/uploads\/2018\/03\/babybauch-bk6.jpg?fit=1024%2C683\" class=\"aligncenter size-full wp-image-1928\" src=\"https:\/\/i0.wp.com\/lisatroeber-photography.com\/wp-content\/uploads\/2018\/03\/babybauch-bk6.jpg?resize=4249%2C2834\" alt=\"\" width=\"4249\" height=\"2834\" srcset=\"https:\/\/i0.wp.com\/lisatroeber-photography.com\/wp-content\/uploads\/2018\/03\/babybauch-bk6.jpg?w=4249 4249w, https:\/\/i0.wp.com\/lisatroeber-photography.com\/wp-content\/uploads\/2018\/03\/babybauch-bk6.jpg?resize=300%2C200 300w, https:\/\/i0.wp.com\/lisatroeber-photography.com\/wp-content\/uploads\/2018\/03\/babybauch-bk6.jpg?resize=768%2C512 768w, https:\/\/i0.wp.com\/lisatroeber-photography.com\/wp-content\/uploads\/2018\/03\/babybauch-bk6.jpg?resize=1024%2C683 1024w, https:\/\/i0.wp.com\/lisatroeber-photography.com\/wp-content\/uploads\/2018\/03\/babybauch-bk6.jpg?w=2000 2000w, https:\/\/i0.wp.com\/lisatroeber-photography.com\/wp-content\/uploads\/2018\/03\/babybauch-bk6.jpg?w=3000 3000w\" sizes=\"(max-width: 1000px) 100vw, 1000px\" data-recalc-dims=\"1\" \/><img loading=\"lazy\" decoding=\"async\" data-attachment-id=\"1916\" data-permalink=\"http:\/\/lisatroeber-photography.com\/index.php\/2018\/03\/20\/twins-inside\/babybauch-bk-11\/\" data-orig-file=\"https:\/\/i0.wp.com\/lisatroeber-photography.com\/wp-content\/uploads\/2018\/03\/babybauch-bk-11.jpg?fit=1000%2C667\" data-orig-size=\"1000,667\" data-comments-opened=\"1\" data-image-meta=\"{&quot;aperture&quot;:&quot;2&quot;,&quot;credit&quot;:&quot;&quot;,&quot;camera&quot;:&quot;Canon EOS 6D&quot;,&quot;caption&quot;:&quot;&quot;,&quot;created_timestamp&quot;:&quot;1515933993&quot;,&quot;copyright&quot;:&quot;&quot;,&quot;focal_length&quot;:&quot;35&quot;,&quot;iso&quot;:&quot;320&quot;,&quot;shutter_speed&quot;:&quot;0.008&quot;,&quot;title&quot;:&quot;&quot;,&quot;orientation&quot;:&quot;0&quot;}\" data-image-title=\"babybauch-bk-11\" data-image-description=\"\" data-image-caption=\"\" data-medium-file=\"https:\/\/i0.wp.com\/lisatroeber-photography.com\/wp-content\/uploads\/2018\/03\/babybauch-bk-11.jpg?fit=300%2C200\" data-large-file=\"https:\/\/i0.wp.com\/lisatroeber-photography.com\/wp-content\/uploads\/2018\/03\/babybauch-bk-11.jpg?fit=1000%2C667\" class=\"aligncenter size-full wp-image-1916\" src=\"https:\/\/i0.wp.com\/lisatroeber-photography.com\/wp-content\/uploads\/2018\/03\/babybauch-bk-11.jpg?resize=1000%2C667\" alt=\"\" width=\"1000\" height=\"667\" srcset=\"https:\/\/i0.wp.com\/lisatroeber-photography.com\/wp-content\/uploads\/2018\/03\/babybauch-bk-11.jpg?w=1000 1000w, https:\/\/i0.wp.com\/lisatroeber-photography.com\/wp-content\/uploads\/2018\/03\/babybauch-bk-11.jpg?resize=300%2C200 300w, https:\/\/i0.wp.com\/lisatroeber-photography.com\/wp-content\/uploads\/2018\/03\/babybauch-bk-11.jpg?resize=768%2C512 768w\" sizes=\"(max-width: 1000px) 100vw, 1000px\" data-recalc-dims=\"1\" \/> <img loading=\"lazy\" decoding=\"async\" data-attachment-id=\"1927\" data-permalink=\"http:\/\/lisatroeber-photography.com\/index.php\/2018\/03\/20\/twins-inside\/babybauch-bk5\/\" data-orig-file=\"https:\/\/i0.wp.com\/lisatroeber-photography.com\/wp-content\/uploads\/2018\/03\/babybauch-bk5.jpg?fit=4249%2C2834\" data-orig-size=\"4249,2834\" data-comments-opened=\"1\" data-image-meta=\"{&quot;aperture&quot;:&quot;0&quot;,&quot;credit&quot;:&quot;&quot;,&quot;camera&quot;:&quot;&quot;,&quot;caption&quot;:&quot;&quot;,&quot;created_timestamp&quot;:&quot;0&quot;,&quot;copyright&quot;:&quot;&quot;,&quot;focal_length&quot;:&quot;0&quot;,&quot;iso&quot;:&quot;0&quot;,&quot;shutter_speed&quot;:&quot;0&quot;,&quot;title&quot;:&quot;&quot;,&quot;orientation&quot;:&quot;0&quot;}\" data-image-title=\"babybauch-bk5\" data-image-description=\"\" data-image-caption=\"\" data-medium-file=\"https:\/\/i0.wp.com\/lisatroeber-photography.com\/wp-content\/uploads\/2018\/03\/babybauch-bk5.jpg?fit=300%2C200\" data-large-file=\"https:\/\/i0.wp.com\/lisatroeber-photography.com\/wp-content\/uploads\/2018\/03\/babybauch-bk5.jpg?fit=1024%2C683\" class=\"aligncenter size-full wp-image-1927\" src=\"https:\/\/i0.wp.com\/lisatroeber-photography.com\/wp-content\/uploads\/2018\/03\/babybauch-bk5.jpg?resize=4249%2C2834\" alt=\"\" width=\"4249\" height=\"2834\" srcset=\"https:\/\/i0.wp.com\/lisatroeber-photography.com\/wp-content\/uploads\/2018\/03\/babybauch-bk5.jpg?w=4249 4249w, https:\/\/i0.wp.com\/lisatroeber-photography.com\/wp-content\/uploads\/2018\/03\/babybauch-bk5.jpg?resize=300%2C200 300w, https:\/\/i0.wp.com\/lisatroeber-photography.com\/wp-content\/uploads\/2018\/03\/babybauch-bk5.jpg?resize=768%2C512 768w, https:\/\/i0.wp.com\/lisatroeber-photography.com\/wp-content\/uploads\/2018\/03\/babybauch-bk5.jpg?resize=1024%2C683 1024w, https:\/\/i0.wp.com\/lisatroeber-photography.com\/wp-content\/uploads\/2018\/03\/babybauch-bk5.jpg?w=2000 2000w, https:\/\/i0.wp.com\/lisatroeber-photography.com\/wp-content\/uploads\/2018\/03\/babybauch-bk5.jpg?w=3000 3000w\" sizes=\"(max-width: 1000px) 100vw, 1000px\" data-recalc-dims=\"1\" \/><img loading=\"lazy\" decoding=\"async\" data-attachment-id=\"1917\" data-permalink=\"http:\/\/lisatroeber-photography.com\/index.php\/2018\/03\/20\/twins-inside\/babybauch-bk-12\/\" data-orig-file=\"https:\/\/i0.wp.com\/lisatroeber-photography.com\/wp-content\/uploads\/2018\/03\/babybauch-bk-12.jpg?fit=1000%2C667\" data-orig-size=\"1000,667\" data-comments-opened=\"1\" data-image-meta=\"{&quot;aperture&quot;:&quot;3.2&quot;,&quot;credit&quot;:&quot;&quot;,&quot;camera&quot;:&quot;Canon EOS 6D&quot;,&quot;caption&quot;:&quot;&quot;,&quot;created_timestamp&quot;:&quot;1515934811&quot;,&quot;copyright&quot;:&quot;&quot;,&quot;focal_length&quot;:&quot;35&quot;,&quot;iso&quot;:&quot;160&quot;,&quot;shutter_speed&quot;:&quot;0.00625&quot;,&quot;title&quot;:&quot;&quot;,&quot;orientation&quot;:&quot;0&quot;}\" data-image-title=\"babybauch-bk-12\" data-image-description=\"\" data-image-caption=\"\" data-medium-file=\"https:\/\/i0.wp.com\/lisatroeber-photography.com\/wp-content\/uploads\/2018\/03\/babybauch-bk-12.jpg?fit=300%2C200\" data-large-file=\"https:\/\/i0.wp.com\/lisatroeber-photography.com\/wp-content\/uploads\/2018\/03\/babybauch-bk-12.jpg?fit=1000%2C667\" class=\"aligncenter size-full wp-image-1917\" src=\"https:\/\/i0.wp.com\/lisatroeber-photography.com\/wp-content\/uploads\/2018\/03\/babybauch-bk-12.jpg?resize=1000%2C667\" alt=\"\" width=\"1000\" height=\"667\" srcset=\"https:\/\/i0.wp.com\/lisatroeber-photography.com\/wp-content\/uploads\/2018\/03\/babybauch-bk-12.jpg?w=1000 1000w, https:\/\/i0.wp.com\/lisatroeber-photography.com\/wp-content\/uploads\/2018\/03\/babybauch-bk-12.jpg?resize=300%2C200 300w, https:\/\/i0.wp.com\/lisatroeber-photography.com\/wp-content\/uploads\/2018\/03\/babybauch-bk-12.jpg?resize=768%2C512 768w\" sizes=\"(max-width: 1000px) 100vw, 1000px\" data-recalc-dims=\"1\" \/> <img loading=\"lazy\" decoding=\"async\" data-attachment-id=\"1929\" data-permalink=\"http:\/\/lisatroeber-photography.com\/index.php\/2018\/03\/20\/twins-inside\/babybauch-bk7\/\" data-orig-file=\"https:\/\/i0.wp.com\/lisatroeber-photography.com\/wp-content\/uploads\/2018\/03\/babybauch-bk7.jpg?fit=4249%2C2834\" data-orig-size=\"4249,2834\" data-comments-opened=\"1\" data-image-meta=\"{&quot;aperture&quot;:&quot;0&quot;,&quot;credit&quot;:&quot;&quot;,&quot;camera&quot;:&quot;&quot;,&quot;caption&quot;:&quot;&quot;,&quot;created_timestamp&quot;:&quot;0&quot;,&quot;copyright&quot;:&quot;&quot;,&quot;focal_length&quot;:&quot;0&quot;,&quot;iso&quot;:&quot;0&quot;,&quot;shutter_speed&quot;:&quot;0&quot;,&quot;title&quot;:&quot;&quot;,&quot;orientation&quot;:&quot;0&quot;}\" data-image-title=\"babybauch-bk7\" data-image-description=\"\" data-image-caption=\"\" data-medium-file=\"https:\/\/i0.wp.com\/lisatroeber-photography.com\/wp-content\/uploads\/2018\/03\/babybauch-bk7.jpg?fit=300%2C200\" data-large-file=\"https:\/\/i0.wp.com\/lisatroeber-photography.com\/wp-content\/uploads\/2018\/03\/babybauch-bk7.jpg?fit=1024%2C683\" class=\"aligncenter size-full wp-image-1929\" src=\"https:\/\/i0.wp.com\/lisatroeber-photography.com\/wp-content\/uploads\/2018\/03\/babybauch-bk7.jpg?resize=4249%2C2834\" alt=\"\" width=\"4249\" height=\"2834\" srcset=\"https:\/\/i0.wp.com\/lisatroeber-photography.com\/wp-content\/uploads\/2018\/03\/babybauch-bk7.jpg?w=4249 4249w, https:\/\/i0.wp.com\/lisatroeber-photography.com\/wp-content\/uploads\/2018\/03\/babybauch-bk7.jpg?resize=300%2C200 300w, https:\/\/i0.wp.com\/lisatroeber-photography.com\/wp-content\/uploads\/2018\/03\/babybauch-bk7.jpg?resize=768%2C512 768w, https:\/\/i0.wp.com\/lisatroeber-photography.com\/wp-content\/uploads\/2018\/03\/babybauch-bk7.jpg?resize=1024%2C683 1024w, https:\/\/i0.wp.com\/lisatroeber-photography.com\/wp-content\/uploads\/2018\/03\/babybauch-bk7.jpg?w=2000 2000w, https:\/\/i0.wp.com\/lisatroeber-photography.com\/wp-content\/uploads\/2018\/03\/babybauch-bk7.jpg?w=3000 3000w\" sizes=\"(max-width: 1000px) 100vw, 1000px\" data-recalc-dims=\"1\" \/><img loading=\"lazy\" decoding=\"async\" data-attachment-id=\"1918\" data-permalink=\"http:\/\/lisatroeber-photography.com\/index.php\/2018\/03\/20\/twins-inside\/babybauch-bk-13\/\" data-orig-file=\"https:\/\/i0.wp.com\/lisatroeber-photography.com\/wp-content\/uploads\/2018\/03\/babybauch-bk-13.jpg?fit=1000%2C667\" data-orig-size=\"1000,667\" data-comments-opened=\"1\" data-image-meta=\"{&quot;aperture&quot;:&quot;3.2&quot;,&quot;credit&quot;:&quot;&quot;,&quot;camera&quot;:&quot;Canon EOS 6D&quot;,&quot;caption&quot;:&quot;&quot;,&quot;created_timestamp&quot;:&quot;1515935014&quot;,&quot;copyright&quot;:&quot;&quot;,&quot;focal_length&quot;:&quot;35&quot;,&quot;iso&quot;:&quot;4000&quot;,&quot;shutter_speed&quot;:&quot;0.008&quot;,&quot;title&quot;:&quot;&quot;,&quot;orientation&quot;:&quot;0&quot;}\" data-image-title=\"babybauch-bk-13\" data-image-description=\"\" data-image-caption=\"\" data-medium-file=\"https:\/\/i0.wp.com\/lisatroeber-photography.com\/wp-content\/uploads\/2018\/03\/babybauch-bk-13.jpg?fit=300%2C200\" data-large-file=\"https:\/\/i0.wp.com\/lisatroeber-photography.com\/wp-content\/uploads\/2018\/03\/babybauch-bk-13.jpg?fit=1000%2C667\" class=\"aligncenter size-full wp-image-1918\" src=\"https:\/\/i0.wp.com\/lisatroeber-photography.com\/wp-content\/uploads\/2018\/03\/babybauch-bk-13.jpg?resize=1000%2C667\" alt=\"\" width=\"1000\" height=\"667\" srcset=\"https:\/\/i0.wp.com\/lisatroeber-photography.com\/wp-content\/uploads\/2018\/03\/babybauch-bk-13.jpg?w=1000 1000w, https:\/\/i0.wp.com\/lisatroeber-photography.com\/wp-content\/uploads\/2018\/03\/babybauch-bk-13.jpg?resize=300%2C200 300w, https:\/\/i0.wp.com\/lisatroeber-photography.com\/wp-content\/uploads\/2018\/03\/babybauch-bk-13.jpg?resize=768%2C512 768w\" sizes=\"(max-width: 1000px) 100vw, 1000px\" data-recalc-dims=\"1\" \/> <img loading=\"lazy\" decoding=\"async\" data-attachment-id=\"1919\" data-permalink=\"http:\/\/lisatroeber-photography.com\/index.php\/2018\/03\/20\/twins-inside\/babybauch-bk-14\/\" data-orig-file=\"https:\/\/i0.wp.com\/lisatroeber-photography.com\/wp-content\/uploads\/2018\/03\/babybauch-bk-14.jpg?fit=1000%2C667\" data-orig-size=\"1000,667\" data-comments-opened=\"1\" data-image-meta=\"{&quot;aperture&quot;:&quot;2&quot;,&quot;credit&quot;:&quot;&quot;,&quot;camera&quot;:&quot;Canon EOS 6D&quot;,&quot;caption&quot;:&quot;&quot;,&quot;created_timestamp&quot;:&quot;1515935461&quot;,&quot;copyright&quot;:&quot;&quot;,&quot;focal_length&quot;:&quot;35&quot;,&quot;iso&quot;:&quot;100&quot;,&quot;shutter_speed&quot;:&quot;0.01&quot;,&quot;title&quot;:&quot;&quot;,&quot;orientation&quot;:&quot;0&quot;}\" data-image-title=\"babybauch-bk-14\" data-image-description=\"\" data-image-caption=\"\" data-medium-file=\"https:\/\/i0.wp.com\/lisatroeber-photography.com\/wp-content\/uploads\/2018\/03\/babybauch-bk-14.jpg?fit=300%2C200\" data-large-file=\"https:\/\/i0.wp.com\/lisatroeber-photography.com\/wp-content\/uploads\/2018\/03\/babybauch-bk-14.jpg?fit=1000%2C667\" class=\"aligncenter size-full wp-image-1919\" src=\"https:\/\/i0.wp.com\/lisatroeber-photography.com\/wp-content\/uploads\/2018\/03\/babybauch-bk-14.jpg?resize=1000%2C667\" alt=\"\" width=\"1000\" height=\"667\" srcset=\"https:\/\/i0.wp.com\/lisatroeber-photography.com\/wp-content\/uploads\/2018\/03\/babybauch-bk-14.jpg?w=1000 1000w, https:\/\/i0.wp.com\/lisatroeber-photography.com\/wp-content\/uploads\/2018\/03\/babybauch-bk-14.jpg?resize=300%2C200 300w, https:\/\/i0.wp.com\/lisatroeber-photography.com\/wp-content\/uploads\/2018\/03\/babybauch-bk-14.jpg?resize=768%2C512 768w\" sizes=\"(max-width: 1000px) 100vw, 1000px\" data-recalc-dims=\"1\" \/> <img loading=\"lazy\" decoding=\"async\" data-attachment-id=\"1931\" data-permalink=\"http:\/\/lisatroeber-photography.com\/index.php\/2018\/03\/20\/twins-inside\/babybauch-bk9\/\" data-orig-file=\"https:\/\/i0.wp.com\/lisatroeber-photography.com\/wp-content\/uploads\/2018\/03\/babybauch-bk9.jpg?fit=4249%2C2834\" data-orig-size=\"4249,2834\" data-comments-opened=\"1\" data-image-meta=\"{&quot;aperture&quot;:&quot;0&quot;,&quot;credit&quot;:&quot;&quot;,&quot;camera&quot;:&quot;&quot;,&quot;caption&quot;:&quot;&quot;,&quot;created_timestamp&quot;:&quot;0&quot;,&quot;copyright&quot;:&quot;&quot;,&quot;focal_length&quot;:&quot;0&quot;,&quot;iso&quot;:&quot;0&quot;,&quot;shutter_speed&quot;:&quot;0&quot;,&quot;title&quot;:&quot;&quot;,&quot;orientation&quot;:&quot;0&quot;}\" data-image-title=\"babybauch-bk9\" data-image-description=\"\" data-image-caption=\"\" data-medium-file=\"https:\/\/i0.wp.com\/lisatroeber-photography.com\/wp-content\/uploads\/2018\/03\/babybauch-bk9.jpg?fit=300%2C200\" data-large-file=\"https:\/\/i0.wp.com\/lisatroeber-photography.com\/wp-content\/uploads\/2018\/03\/babybauch-bk9.jpg?fit=1024%2C683\" class=\"aligncenter size-full wp-image-1931\" src=\"https:\/\/i0.wp.com\/lisatroeber-photography.com\/wp-content\/uploads\/2018\/03\/babybauch-bk9.jpg?resize=4249%2C2834\" alt=\"\" width=\"4249\" height=\"2834\" srcset=\"https:\/\/i0.wp.com\/lisatroeber-photography.com\/wp-content\/uploads\/2018\/03\/babybauch-bk9.jpg?w=4249 4249w, https:\/\/i0.wp.com\/lisatroeber-photography.com\/wp-content\/uploads\/2018\/03\/babybauch-bk9.jpg?resize=300%2C200 300w, https:\/\/i0.wp.com\/lisatroeber-photography.com\/wp-content\/uploads\/2018\/03\/babybauch-bk9.jpg?resize=768%2C512 768w, https:\/\/i0.wp.com\/lisatroeber-photography.com\/wp-content\/uploads\/2018\/03\/babybauch-bk9.jpg?resize=1024%2C683 1024w, https:\/\/i0.wp.com\/lisatroeber-photography.com\/wp-content\/uploads\/2018\/03\/babybauch-bk9.jpg?w=2000 2000w, https:\/\/i0.wp.com\/lisatroeber-photography.com\/wp-content\/uploads\/2018\/03\/babybauch-bk9.jpg?w=3000 3000w\" sizes=\"(max-width: 1000px) 100vw, 1000px\" data-recalc-dims=\"1\" \/><img loading=\"lazy\" decoding=\"async\" data-attachment-id=\"1920\" data-permalink=\"http:\/\/lisatroeber-photography.com\/index.php\/2018\/03\/20\/twins-inside\/babybauch-bk-15\/\" data-orig-file=\"https:\/\/i0.wp.com\/lisatroeber-photography.com\/wp-content\/uploads\/2018\/03\/babybauch-bk-15.jpg?fit=1000%2C667\" data-orig-size=\"1000,667\" data-comments-opened=\"1\" data-image-meta=\"{&quot;aperture&quot;:&quot;2&quot;,&quot;credit&quot;:&quot;&quot;,&quot;camera&quot;:&quot;Canon EOS 6D&quot;,&quot;caption&quot;:&quot;&quot;,&quot;created_timestamp&quot;:&quot;1515935551&quot;,&quot;copyright&quot;:&quot;&quot;,&quot;focal_length&quot;:&quot;35&quot;,&quot;iso&quot;:&quot;100&quot;,&quot;shutter_speed&quot;:&quot;0.01&quot;,&quot;title&quot;:&quot;&quot;,&quot;orientation&quot;:&quot;0&quot;}\" data-image-title=\"babybauch-bk-15\" data-image-description=\"\" data-image-caption=\"\" data-medium-file=\"https:\/\/i0.wp.com\/lisatroeber-photography.com\/wp-content\/uploads\/2018\/03\/babybauch-bk-15.jpg?fit=300%2C200\" data-large-file=\"https:\/\/i0.wp.com\/lisatroeber-photography.com\/wp-content\/uploads\/2018\/03\/babybauch-bk-15.jpg?fit=1000%2C667\" class=\"aligncenter size-full wp-image-1920\" src=\"https:\/\/i0.wp.com\/lisatroeber-photography.com\/wp-content\/uploads\/2018\/03\/babybauch-bk-15.jpg?resize=1000%2C667\" alt=\"\" width=\"1000\" height=\"667\" srcset=\"https:\/\/i0.wp.com\/lisatroeber-photography.com\/wp-content\/uploads\/2018\/03\/babybauch-bk-15.jpg?w=1000 1000w, https:\/\/i0.wp.com\/lisatroeber-photography.com\/wp-content\/uploads\/2018\/03\/babybauch-bk-15.jpg?resize=300%2C200 300w, https:\/\/i0.wp.com\/lisatroeber-photography.com\/wp-content\/uploads\/2018\/03\/babybauch-bk-15.jpg?resize=768%2C512 768w\" sizes=\"(max-width: 1000px) 100vw, 1000px\" data-recalc-dims=\"1\" \/> <img loading=\"lazy\" decoding=\"async\" data-attachment-id=\"1930\" data-permalink=\"http:\/\/lisatroeber-photography.com\/index.php\/2018\/03\/20\/twins-inside\/babybauch-bk8\/\" data-orig-file=\"https:\/\/i0.wp.com\/lisatroeber-photography.com\/wp-content\/uploads\/2018\/03\/babybauch-bk8.jpg?fit=4249%2C2834\" data-orig-size=\"4249,2834\" data-comments-opened=\"1\" data-image-meta=\"{&quot;aperture&quot;:&quot;0&quot;,&quot;credit&quot;:&quot;&quot;,&quot;camera&quot;:&quot;&quot;,&quot;caption&quot;:&quot;&quot;,&quot;created_timestamp&quot;:&quot;0&quot;,&quot;copyright&quot;:&quot;&quot;,&quot;focal_length&quot;:&quot;0&quot;,&quot;iso&quot;:&quot;0&quot;,&quot;shutter_speed&quot;:&quot;0&quot;,&quot;title&quot;:&quot;&quot;,&quot;orientation&quot;:&quot;0&quot;}\" data-image-title=\"babybauch-bk8\" data-image-description=\"\" data-image-caption=\"\" data-medium-file=\"https:\/\/i0.wp.com\/lisatroeber-photography.com\/wp-content\/uploads\/2018\/03\/babybauch-bk8.jpg?fit=300%2C200\" data-large-file=\"https:\/\/i0.wp.com\/lisatroeber-photography.com\/wp-content\/uploads\/2018\/03\/babybauch-bk8.jpg?fit=1024%2C683\" class=\"aligncenter size-full wp-image-1930\" src=\"https:\/\/i0.wp.com\/lisatroeber-photography.com\/wp-content\/uploads\/2018\/03\/babybauch-bk8.jpg?resize=4249%2C2834\" alt=\"\" width=\"4249\" height=\"2834\" srcset=\"https:\/\/i0.wp.com\/lisatroeber-photography.com\/wp-content\/uploads\/2018\/03\/babybauch-bk8.jpg?w=4249 4249w, https:\/\/i0.wp.com\/lisatroeber-photography.com\/wp-content\/uploads\/2018\/03\/babybauch-bk8.jpg?resize=300%2C200 300w, https:\/\/i0.wp.com\/lisatroeber-photography.com\/wp-content\/uploads\/2018\/03\/babybauch-bk8.jpg?resize=768%2C512 768w, https:\/\/i0.wp.com\/lisatroeber-photography.com\/wp-content\/uploads\/2018\/03\/babybauch-bk8.jpg?resize=1024%2C683 1024w, https:\/\/i0.wp.com\/lisatroeber-photography.com\/wp-content\/uploads\/2018\/03\/babybauch-bk8.jpg?w=2000 2000w, https:\/\/i0.wp.com\/lisatroeber-photography.com\/wp-content\/uploads\/2018\/03\/babybauch-bk8.jpg?w=3000 3000w\" sizes=\"(max-width: 1000px) 100vw, 1000px\" data-recalc-dims=\"1\" \/><img loading=\"lazy\" decoding=\"async\" data-attachment-id=\"1922\" data-permalink=\"http:\/\/lisatroeber-photography.com\/index.php\/2018\/03\/20\/twins-inside\/babybauch-bk-18\/\" data-orig-file=\"https:\/\/i0.wp.com\/lisatroeber-photography.com\/wp-content\/uploads\/2018\/03\/babybauch-bk-18.jpg?fit=1000%2C667\" data-orig-size=\"1000,667\" data-comments-opened=\"1\" data-image-meta=\"{&quot;aperture&quot;:&quot;2.5&quot;,&quot;credit&quot;:&quot;&quot;,&quot;camera&quot;:&quot;Canon EOS 6D&quot;,&quot;caption&quot;:&quot;&quot;,&quot;created_timestamp&quot;:&quot;1515938332&quot;,&quot;copyright&quot;:&quot;&quot;,&quot;focal_length&quot;:&quot;35&quot;,&quot;iso&quot;:&quot;800&quot;,&quot;shutter_speed&quot;:&quot;0.00625&quot;,&quot;title&quot;:&quot;&quot;,&quot;orientation&quot;:&quot;0&quot;}\" data-image-title=\"babybauch-bk-18\" data-image-description=\"\" data-image-caption=\"\" data-medium-file=\"https:\/\/i0.wp.com\/lisatroeber-photography.com\/wp-content\/uploads\/2018\/03\/babybauch-bk-18.jpg?fit=300%2C200\" data-large-file=\"https:\/\/i0.wp.com\/lisatroeber-photography.com\/wp-content\/uploads\/2018\/03\/babybauch-bk-18.jpg?fit=1000%2C667\" class=\"aligncenter size-full wp-image-1922\" src=\"https:\/\/i0.wp.com\/lisatroeber-photography.com\/wp-content\/uploads\/2018\/03\/babybauch-bk-18.jpg?resize=1000%2C667\" alt=\"\" width=\"1000\" height=\"667\" srcset=\"https:\/\/i0.wp.com\/lisatroeber-photography.com\/wp-content\/uploads\/2018\/03\/babybauch-bk-18.jpg?w=1000 1000w, https:\/\/i0.wp.com\/lisatroeber-photography.com\/wp-content\/uploads\/2018\/03\/babybauch-bk-18.jpg?resize=300%2C200 300w, https:\/\/i0.wp.com\/lisatroeber-photography.com\/wp-content\/uploads\/2018\/03\/babybauch-bk-18.jpg?resize=768%2C512 768w\" sizes=\"(max-width: 1000px) 100vw, 1000px\" data-recalc-dims=\"1\" \/> <img loading=\"lazy\" decoding=\"async\" data-attachment-id=\"1932\" data-permalink=\"http:\/\/lisatroeber-photography.com\/index.php\/2018\/03\/20\/twins-inside\/babybauch-bk10\/\" data-orig-file=\"https:\/\/i0.wp.com\/lisatroeber-photography.com\/wp-content\/uploads\/2018\/03\/babybauch-bk10.jpg?fit=4249%2C2834\" data-orig-size=\"4249,2834\" data-comments-opened=\"1\" data-image-meta=\"{&quot;aperture&quot;:&quot;0&quot;,&quot;credit&quot;:&quot;&quot;,&quot;camera&quot;:&quot;&quot;,&quot;caption&quot;:&quot;&quot;,&quot;created_timestamp&quot;:&quot;0&quot;,&quot;copyright&quot;:&quot;&quot;,&quot;focal_length&quot;:&quot;0&quot;,&quot;iso&quot;:&quot;0&quot;,&quot;shutter_speed&quot;:&quot;0&quot;,&quot;title&quot;:&quot;&quot;,&quot;orientation&quot;:&quot;0&quot;}\" data-image-title=\"babybauch-bk10\" data-image-description=\"\" data-image-caption=\"\" data-medium-file=\"https:\/\/i0.wp.com\/lisatroeber-photography.com\/wp-content\/uploads\/2018\/03\/babybauch-bk10.jpg?fit=300%2C200\" data-large-file=\"https:\/\/i0.wp.com\/lisatroeber-photography.com\/wp-content\/uploads\/2018\/03\/babybauch-bk10.jpg?fit=1024%2C683\" class=\"aligncenter size-full wp-image-1932\" src=\"https:\/\/i0.wp.com\/lisatroeber-photography.com\/wp-content\/uploads\/2018\/03\/babybauch-bk10.jpg?resize=4249%2C2834\" alt=\"\" width=\"4249\" height=\"2834\" srcset=\"https:\/\/i0.wp.com\/lisatroeber-photography.com\/wp-content\/uploads\/2018\/03\/babybauch-bk10.jpg?w=4249 4249w, https:\/\/i0.wp.com\/lisatroeber-photography.com\/wp-content\/uploads\/2018\/03\/babybauch-bk10.jpg?resize=300%2C200 300w, https:\/\/i0.wp.com\/lisatroeber-photography.com\/wp-content\/uploads\/2018\/03\/babybauch-bk10.jpg?resize=768%2C512 768w, https:\/\/i0.wp.com\/lisatroeber-photography.com\/wp-content\/uploads\/2018\/03\/babybauch-bk10.jpg?resize=1024%2C683 1024w, https:\/\/i0.wp.com\/lisatroeber-photography.com\/wp-content\/uploads\/2018\/03\/babybauch-bk10.jpg?w=2000 2000w, https:\/\/i0.wp.com\/lisatroeber-photography.com\/wp-content\/uploads\/2018\/03\/babybauch-bk10.jpg?w=3000 3000w\" sizes=\"(max-width: 1000px) 100vw, 1000px\" data-recalc-dims=\"1\" \/><\/p>\n","protected":false},"excerpt":{"rendered":"<p>Kurz nach Weihnachten war ich zu Besuch bei der lieben Bettina und ihrem Kristijan. Jede und jeder, der meinen Blog&#8230;<\/p>\n<div class=\"more-link\"><a href=\"http:\/\/lisatroeber-photography.com\/index.php\/2018\/03\/20\/twins-inside\/\">READ MORE<\/a><\/div>\n","protected":false},"author":1,"featured_media":1907,"comment_status":"open","ping_status":"open","sticky":false,"template":"","format":"standard","meta":{"_genesis_hide_title":false,"_genesis_hide_breadcrumbs":false,"_genesis_hide_singular_image":false,"_genesis_hide_footer_widgets":false,"_genesis_custom_body_class":"","_genesis_custom_post_class":"","_genesis_layout":"","jetpack_post_was_ever_published":false,"_jetpack_newsletter_access":"","_jetpack_dont_email_post_to_subs":false,"_jetpack_newsletter_tier_id":0,"footnotes":"","jetpack_publicize_message":"","jetpack_publicize_feature_enabled":true,"jetpack_social_post_already_shared":true,"jetpack_social_options":{"image_generator_settings":{"template":"highway","enabled":false}}},"categories":[10],"tags":[],"jetpack_publicize_connections":[],"jetpack_featured_media_url":"https:\/\/i0.wp.com\/lisatroeber-photography.com\/wp-content\/uploads\/2018\/03\/babybauch-bk-2.jpg?fit=1000%2C667","jetpack_sharing_enabled":false,"jetpack_shortlink":"https:\/\/wp.me\/p8sGNm-uJ","jetpack-related-posts":[{"id":3367,"url":"http:\/\/lisatroeber-photography.com\/index.php\/2019\/04\/16\/emotionale-gartenhochzeit-im-gruenen\/","url_meta":{"origin":1905,"position":0},"title":"Emotionale Gartenhochzeit im Gr\u00fcnen","author":"lisatroeber","date":"16. April 2019","format":false,"excerpt":"Nachdem unsere erste Hochzeit 2019 schon wieder Vergangenheit ist, muss ich euch unbedingt von der ersten Hochzeit im letzten Jahr erz\u00e4hlen. Der Tag war nicht nur f\u00fcr das Brautpaar Lisa und Stefan total aufregend, sondern vor allem auch f\u00fcr uns. Wir kennen die beiden schon gef\u00fchlt eine Ewigkeit, haben so\u2026","rel":"","context":"In &quot;Wedding&quot;","block_context":{"text":"Wedding","link":"http:\/\/lisatroeber-photography.com\/index.php\/category\/wedding\/"},"img":{"alt_text":"","src":"https:\/\/i0.wp.com\/lisatroeber-photography.com\/wp-content\/uploads\/2019\/04\/wedding-sl-13.jpg?fit=1000%2C667&resize=350%2C200","width":350,"height":200,"srcset":"https:\/\/i0.wp.com\/lisatroeber-photography.com\/wp-content\/uploads\/2019\/04\/wedding-sl-13.jpg?fit=1000%2C667&resize=350%2C200 1x, https:\/\/i0.wp.com\/lisatroeber-photography.com\/wp-content\/uploads\/2019\/04\/wedding-sl-13.jpg?fit=1000%2C667&resize=525%2C300 1.5x, https:\/\/i0.wp.com\/lisatroeber-photography.com\/wp-content\/uploads\/2019\/04\/wedding-sl-13.jpg?fit=1000%2C667&resize=700%2C400 2x"},"classes":[]},{"id":1325,"url":"http:\/\/lisatroeber-photography.com\/index.php\/2017\/06\/03\/klaudia-andreas\/","url_meta":{"origin":1905,"position":1},"title":"Klaudia &#038; Andreas","author":"lisatroeber","date":"3. Juni 2017","format":false,"excerpt":"Am 3. Juni fand endlich die Hochzeit von Klaudia und Andreas im wundersch\u00f6nen Sch\u00fctzen am Gebirge statt. Ihr fragt euch wieso \"endlich\"? Naja .. eigentlich wollten sich die beiden schon letztes Jahr im September das Ja-Wort geben, allerdings kam da die Geburt von Klaudias kleinen Nichte dazwischen und so wurde\u2026","rel":"","context":"In &quot;Wedding&quot;","block_context":{"text":"Wedding","link":"http:\/\/lisatroeber-photography.com\/index.php\/category\/wedding\/"},"img":{"alt_text":"","src":"https:\/\/i0.wp.com\/lisatroeber-photography.com\/wp-content\/uploads\/2017\/06\/Wedding-KlaudiaAndi-24.jpg?fit=1000%2C667&resize=350%2C200","width":350,"height":200,"srcset":"https:\/\/i0.wp.com\/lisatroeber-photography.com\/wp-content\/uploads\/2017\/06\/Wedding-KlaudiaAndi-24.jpg?fit=1000%2C667&resize=350%2C200 1x, https:\/\/i0.wp.com\/lisatroeber-photography.com\/wp-content\/uploads\/2017\/06\/Wedding-KlaudiaAndi-24.jpg?fit=1000%2C667&resize=525%2C300 1.5x, https:\/\/i0.wp.com\/lisatroeber-photography.com\/wp-content\/uploads\/2017\/06\/Wedding-KlaudiaAndi-24.jpg?fit=1000%2C667&resize=700%2C400 2x"},"classes":[]},{"id":666,"url":"http:\/\/lisatroeber-photography.com\/index.php\/2013\/08\/23\/bettina-kristijan\/","url_meta":{"origin":1905,"position":2},"title":"Bettina &#038; Kristijan","author":"lisatroeber","date":"23. August 2013","format":false,"excerpt":"Im Sommer 2012 war es dann endlich soweit und die Hochzeit von Bettina und Kristijan fand auf der wundersch\u00f6nen Insel Hvar in Kroatien statt. Nach der tollen standesamtlichen Trauung im Palais Auersperg in Wien war ich mir sicher: diese Hochzeit wird die vergangene noch einmal \u00fcbertreffen! Nach einer langen Auto-\u2026","rel":"","context":"In &quot;Wedding&quot;","block_context":{"text":"Wedding","link":"http:\/\/lisatroeber-photography.com\/index.php\/category\/wedding\/"},"img":{"alt_text":"","src":"https:\/\/i0.wp.com\/lisatroeber-photography.com\/wp-content\/uploads\/2017\/03\/blogbeitrag-39.jpg?fit=1000%2C667&resize=350%2C200","width":350,"height":200,"srcset":"https:\/\/i0.wp.com\/lisatroeber-photography.com\/wp-content\/uploads\/2017\/03\/blogbeitrag-39.jpg?fit=1000%2C667&resize=350%2C200 1x, https:\/\/i0.wp.com\/lisatroeber-photography.com\/wp-content\/uploads\/2017\/03\/blogbeitrag-39.jpg?fit=1000%2C667&resize=525%2C300 1.5x, https:\/\/i0.wp.com\/lisatroeber-photography.com\/wp-content\/uploads\/2017\/03\/blogbeitrag-39.jpg?fit=1000%2C667&resize=700%2C400 2x"},"classes":[]},{"id":3946,"url":"http:\/\/lisatroeber-photography.com\/index.php\/2021\/03\/17\/babybauchshooting-im-schnee\/","url_meta":{"origin":1905,"position":3},"title":"Babybauchshooting im Schnee","author":"lisatroeber","date":"17. M\u00e4rz 2021","format":false,"excerpt":"Bevor der Fr\u00fchling sich hoffentlich endlich ank\u00fcndigt (immerhin haben wir mittlerweile Mitte M\u00e4rz) muss ich euch noch unbedingt die Bilder zeigen, die gemeinsam mit der lieben Marie und ihrem Sebastian auf der hohen Wand entstanden sind. Mittlerweile ist der kleine Noah schon auf der Welt und der Schnee wohl mittlerweile\u2026","rel":"","context":"In &quot;Couple&quot;","block_context":{"text":"Couple","link":"http:\/\/lisatroeber-photography.com\/index.php\/category\/couple\/"},"img":{"alt_text":"","src":"https:\/\/i0.wp.com\/lisatroeber-photography.com\/wp-content\/uploads\/2021\/03\/babybauch-kreutzinger-16-scaled.jpg?fit=1200%2C800&resize=350%2C200","width":350,"height":200,"srcset":"https:\/\/i0.wp.com\/lisatroeber-photography.com\/wp-content\/uploads\/2021\/03\/babybauch-kreutzinger-16-scaled.jpg?fit=1200%2C800&resize=350%2C200 1x, https:\/\/i0.wp.com\/lisatroeber-photography.com\/wp-content\/uploads\/2021\/03\/babybauch-kreutzinger-16-scaled.jpg?fit=1200%2C800&resize=525%2C300 1.5x, https:\/\/i0.wp.com\/lisatroeber-photography.com\/wp-content\/uploads\/2021\/03\/babybauch-kreutzinger-16-scaled.jpg?fit=1200%2C800&resize=700%2C400 2x, https:\/\/i0.wp.com\/lisatroeber-photography.com\/wp-content\/uploads\/2021\/03\/babybauch-kreutzinger-16-scaled.jpg?fit=1200%2C800&resize=1050%2C600 3x"},"classes":[]},{"id":3187,"url":"http:\/\/lisatroeber-photography.com\/index.php\/2019\/03\/15\/spaetsommerhochzeit-in-altlengbach\/","url_meta":{"origin":1905,"position":4},"title":"Sp\u00e4tsommerhochzeit in Altlengbach","author":"lisatroeber","date":"15. M\u00e4rz 2019","format":false,"excerpt":"Erinnert ihr euch noch an den August letzten Jahres? Wenn ich dann zur\u00fcckdenke f\u00e4llt mir vor allem eins ein: HITZE! Die meisten Hochzeiten in dem Monat verbrachten wir, gemeinsam mit unseren Brautpaaren, schwitzend, denn das Thermometer hatte nicht nur einmal die 35\u00baC Marke geknackt. Anders war es allerdings bei der\u2026","rel":"","context":"In &quot;Wedding&quot;","block_context":{"text":"Wedding","link":"http:\/\/lisatroeber-photography.com\/index.php\/category\/wedding\/"},"img":{"alt_text":"","src":"https:\/\/i0.wp.com\/lisatroeber-photography.com\/wp-content\/uploads\/2019\/03\/wedding-da-45.jpg?fit=1000%2C667&resize=350%2C200","width":350,"height":200,"srcset":"https:\/\/i0.wp.com\/lisatroeber-photography.com\/wp-content\/uploads\/2019\/03\/wedding-da-45.jpg?fit=1000%2C667&resize=350%2C200 1x, https:\/\/i0.wp.com\/lisatroeber-photography.com\/wp-content\/uploads\/2019\/03\/wedding-da-45.jpg?fit=1000%2C667&resize=525%2C300 1.5x, https:\/\/i0.wp.com\/lisatroeber-photography.com\/wp-content\/uploads\/2019\/03\/wedding-da-45.jpg?fit=1000%2C667&resize=700%2C400 2x"},"classes":[]},{"id":3137,"url":"http:\/\/lisatroeber-photography.com\/index.php\/2019\/03\/04\/strandshooting-in-kalifornien\/","url_meta":{"origin":1905,"position":5},"title":"Strandshooting in Kalifornien","author":"lisatroeber","date":"4. M\u00e4rz 2019","format":false,"excerpt":"Heute m\u00f6chte ich euch Fotos von einem ganz besonderen Shooting zeigen und zwar jenes mit der lieben Hanna und ihrem Tobi. Der Titel verr\u00e4t ja schon viel - die Bilder, die ich euch heute zeige, sind nicht wie sonst zuhause in \u00d6sterreich entstanden, sondern ungef\u00e4hr 10.000km weit weg an einem\u2026","rel":"","context":"In &quot;Couple&quot;","block_context":{"text":"Couple","link":"http:\/\/lisatroeber-photography.com\/index.php\/category\/couple\/"},"img":{"alt_text":"","src":"https:\/\/i0.wp.com\/lisatroeber-photography.com\/wp-content\/uploads\/2019\/03\/beachshooting-16.jpg?fit=1000%2C667&resize=350%2C200","width":350,"height":200,"srcset":"https:\/\/i0.wp.com\/lisatroeber-photography.com\/wp-content\/uploads\/2019\/03\/beachshooting-16.jpg?fit=1000%2C667&resize=350%2C200 1x, https:\/\/i0.wp.com\/lisatroeber-photography.com\/wp-content\/uploads\/2019\/03\/beachshooting-16.jpg?fit=1000%2C667&resize=525%2C300 1.5x, https:\/\/i0.wp.com\/lisatroeber-photography.com\/wp-content\/uploads\/2019\/03\/beachshooting-16.jpg?fit=1000%2C667&resize=700%2C400 2x"},"classes":[]}],"_links":{"self":[{"href":"http:\/\/lisatroeber-photography.com\/index.php\/wp-json\/wp\/v2\/posts\/1905"}],"collection":[{"href":"http:\/\/lisatroeber-photography.com\/index.php\/wp-json\/wp\/v2\/posts"}],"about":[{"href":"http:\/\/lisatroeber-photography.com\/index.php\/wp-json\/wp\/v2\/types\/post"}],"author":[{"embeddable":true,"href":"http:\/\/lisatroeber-photography.com\/index.php\/wp-json\/wp\/v2\/users\/1"}],"replies":[{"embeddable":true,"href":"http:\/\/lisatroeber-photography.com\/index.php\/wp-json\/wp\/v2\/comments?post=1905"}],"version-history":[{"count":2,"href":"http:\/\/lisatroeber-photography.com\/index.php\/wp-json\/wp\/v2\/posts\/1905\/revisions"}],"predecessor-version":[{"id":1934,"href":"http:\/\/lisatroeber-photography.com\/index.php\/wp-json\/wp\/v2\/posts\/1905\/revisions\/1934"}],"wp:featuredmedia":[{"embeddable":true,"href":"http:\/\/lisatroeber-photography.com\/index.php\/wp-json\/wp\/v2\/media\/1907"}],"wp:attachment":[{"href":"http:\/\/lisatroeber-photography.com\/index.php\/wp-json\/wp\/v2\/media?parent=1905"}],"wp:term":[{"taxonomy":"category","embeddable":true,"href":"http:\/\/lisatroeber-photography.com\/index.php\/wp-json\/wp\/v2\/categories?post=1905"},{"taxonomy":"post_tag","embeddable":true,"href":"http:\/\/lisatroeber-photography.com\/index.php\/wp-json\/wp\/v2\/tags?post=1905"}],"curies":[{"name":"wp","href":"https:\/\/api.w.org\/{rel}","templated":true}]}}