{"id":3187,"date":"2019-03-15T11:30:34","date_gmt":"2019-03-15T10:30:34","guid":{"rendered":"http:\/\/lisatroeber-photography.com\/?p=3187"},"modified":"2019-03-26T18:08:12","modified_gmt":"2019-03-26T17:08:12","slug":"spaetsommerhochzeit-in-altlengbach","status":"publish","type":"post","link":"http:\/\/lisatroeber-photography.com\/index.php\/2019\/03\/15\/spaetsommerhochzeit-in-altlengbach\/","title":{"rendered":"Sp\u00e4tsommerhochzeit in Altlengbach"},"content":{"rendered":"\n<p style=\"text-align:center\">Erinnert ihr euch noch an den August letzten Jahres? Wenn ich dann zur\u00fcckdenke f\u00e4llt mir vor allem eins ein: HITZE! Die meisten Hochzeiten in dem Monat verbrachten wir, gemeinsam mit unseren Brautpaaren, schwitzend, denn das Thermometer hatte nicht nur einmal die 35\u00baC Marke geknackt.<\/p>\n\n\n\n<p style=\"text-align:center\">Anders war es allerdings bei der Hochzeit von der wunderbaren Denise und ihrem Alex. Ein Wochenende, das sprichw\u00f6rtlich ins Wasser fiel und das Wetter pl\u00f6tzlich eine Kehrtwende machte, denn nach Wochen der Hitze konnten wir erstmals wieder mit Weste zu einer Hochzeit aufbrechen. Was f\u00fcr uns immer ganz angenehm ist, beschert aber den Brautpaaren oft Kopfzerbrechen, vor allem, wenn die Trauung im Freien stattfinden soll. <\/p>\n\n\n\n<p style=\"text-align:center\">Ganz anders als bei diesem Brautpaar. Als wir Alex Hotelzimmer zum Getting Ready betraten hatten wir schon etwas Angst vor betr\u00fcbten Gesichtern, doch was uns entgegenkam war nicht nur ihr s\u00fc\u00dfester Hund Balou, sondern auch ein superfr\u00f6hlicher Br\u00e4utigam mit einem Strahlen im Gesicht und h\u00f6chster Erwartung endlich, endlich seine Denise heiraten zu d\u00fcrfen &#8211; &#8222;Es tr\u00f6pfelt doch nur!&#8220; Also konnten alle Spr\u00fcche, die wir uns zum Tr\u00f6sten \u00fcberlegt hatten, \u00fcber Bord geworfen werden und wir hatten mega Spa\u00df mit den Beiden. Die Trauung selbst konnte dann auch drau\u00dfen abgehalten werden und selbst unser Paarshooting stand unter einem guten Stern. Gerade hier zeigt sich, dass es nicht immer Sonnenschein braucht an eurem Hochzeitstag, denn durch die diesige Stimmung entstanden ganz besondere und einzigartige Fotos mit so lieben Menschen, die wir nach der kurzen Zeit schon Freunde nennen d\u00fcrfen.<\/p>\n\n\n\n<p style=\"text-align:center\">Es war so sch\u00f6n mit euch den Tag zu verbringen und euch vorher beizustehen. Ich freu mich schon auf die weitere Zeit mit euch und hoffe, euch noch ganz lange begleiten zu d\u00fcrfen! <\/p>\n\n\n\n<center><i class=\"icon ion-ios-close-empty\"><\/i><\/center>\n\n\n\n<p style=\"text-align:center\">Location: <a rel=\"noreferrer noopener\" aria-label=\"Hotel Lengbachhof  (opens in a new tab)\" href=\"http:\/\/www.lengbachhof.at\" target=\"_blank\">Hotel Lengbachhof <\/a> \/\/ Kleid: <a rel=\"noreferrer noopener\" aria-label=\"Prinzessin (opens in a new tab)\" href=\"http:\/\/www.prinzessin-mode.at\" target=\"_blank\">Prinzessin<\/a> \/\/ Anzug: <a rel=\"noreferrer noopener\" aria-label=\"Dressmann (opens in a new tab)\" href=\"https:\/\/dressmann.com\/at\/\" target=\"_blank\">Dressmann<\/a> \/\/ Papeterie: Anna Rieger  \/\/ Ringe: <a rel=\"noreferrer noopener\" aria-label=\"Feichtinger  (opens in a new tab)\" href=\"https:\/\/www.feichtinger.biz\" target=\"_blank\">Feichtinger<\/a> \/\/ Ohrringe: <a href=\"https:\/\/www.newone-shop.com\" target=\"_blank\" rel=\"noreferrer noopener\" aria-label=\" (opens in a new tab)\">New One<\/a> \/\/ \/\/ Make up: <a rel=\"noreferrer noopener\" aria-label=\"Annabella Loci Make up (opens in a new tab)\" href=\"https:\/\/www.instagram.com\/nkg.makeup\/?hl=de\" target=\"_blank\">Nicole Kristin Glanz<\/a> \/\/ Blumen &amp; Hunde-Blumenkranz: Durch die Blume \u2022 Erna Kainrad \/\/ Torte: DIY \/\/ Video: <a rel=\"noreferrer noopener\" href=\"http:\/\/www.lisanna.at\" target=\"_blank\">LISANNA Videography<\/a><\/p>\n\n\n\n<div class=\"wp-block-jetpack-tiled-gallery aligncenter is-style-rectangular\"><div class=\"tiled-gallery__gallery\"><div class=\"tiled-gallery__row\"><div class=\"tiled-gallery__col\"><figure class=\"tiled-gallery__item\"><img decoding=\"async\" data-attachment-id=\"3188\" data-permalink=\"http:\/\/lisatroeber-photography.com\/index.php\/2019\/03\/15\/spaetsommerhochzeit-in-altlengbach\/wedding-da-1\/\" data-orig-file=\"https:\/\/i0.wp.com\/lisatroeber-photography.com\/wp-content\/uploads\/2019\/03\/wedding-da-1.jpg?fit=667%2C1000\" data-orig-size=\"667,1000\" data-comments-opened=\"0\" data-image-meta=\"{&quot;aperture&quot;:&quot;2.8&quot;,&quot;credit&quot;:&quot;&quot;,&quot;camera&quot;:&quot;Canon EOS 5D Mark IV&quot;,&quot;caption&quot;:&quot;&quot;,&quot;created_timestamp&quot;:&quot;1535204300&quot;,&quot;copyright&quot;:&quot;&quot;,&quot;focal_length&quot;:&quot;50&quot;,&quot;iso&quot;:&quot;100&quot;,&quot;shutter_speed&quot;:&quot;0.005&quot;,&quot;title&quot;:&quot;&quot;,&quot;orientation&quot;:&quot;0&quot;}\" data-image-title=\"wedding-da-1\" data-image-description=\"\" data-image-caption=\"\" data-medium-file=\"https:\/\/i0.wp.com\/lisatroeber-photography.com\/wp-content\/uploads\/2019\/03\/wedding-da-1.jpg?fit=200%2C300\" data-large-file=\"https:\/\/i0.wp.com\/lisatroeber-photography.com\/wp-content\/uploads\/2019\/03\/wedding-da-1.jpg?fit=667%2C1000\" data-attachment-id=\"3188\" data-permalink=\"http:\/\/lisatroeber-photography.com\/index.php\/2019\/03\/15\/spaetsommerhochzeit-in-altlengbach\/wedding-da-1\/\" data-orig-file=\"https:\/\/i0.wp.com\/lisatroeber-photography.com\/wp-content\/uploads\/2019\/03\/wedding-da-1.jpg?fit=667%2C1000\" data-orig-size=\"667,1000\" data-comments-opened=\"0\" data-image-meta=\"{&quot;aperture&quot;:&quot;2.8&quot;,&quot;credit&quot;:&quot;&quot;,&quot;camera&quot;:&quot;Canon EOS 5D Mark IV&quot;,&quot;caption&quot;:&quot;&quot;,&quot;created_timestamp&quot;:&quot;1535204300&quot;,&quot;copyright&quot;:&quot;&quot;,&quot;focal_length&quot;:&quot;50&quot;,&quot;iso&quot;:&quot;100&quot;,&quot;shutter_speed&quot;:&quot;0.005&quot;,&quot;title&quot;:&quot;&quot;,&quot;orientation&quot;:&quot;0&quot;}\" data-image-title=\"wedding-da-1\" data-image-description=\"\" data-image-caption=\"\" data-medium-file=\"https:\/\/i0.wp.com\/lisatroeber-photography.com\/wp-content\/uploads\/2019\/03\/wedding-da-1.jpg?fit=200%2C300\" data-large-file=\"https:\/\/i0.wp.com\/lisatroeber-photography.com\/wp-content\/uploads\/2019\/03\/wedding-da-1.jpg?fit=667%2C1000\" srcset=\"https:\/\/i1.wp.com\/lisatroeber-photography.com\/wp-content\/uploads\/2019\/03\/wedding-da-1.jpg?strip=info&#038;w=600 600w,https:\/\/i1.wp.com\/lisatroeber-photography.com\/wp-content\/uploads\/2019\/03\/wedding-da-1.jpg?strip=info&#038;w=667 667w\" alt=\"\" data-height=\"1000\" data-id=\"3188\" data-link=\"http:\/\/lisatroeber-photography.com\/index.php\/2019\/03\/15\/spaetsommerhochzeit-in-altlengbach\/wedding-da-1\/\" data-url=\"http:\/\/lisatroeber-photography.com\/wp-content\/uploads\/2019\/03\/wedding-da-1.jpg\" data-width=\"667\" src=\"https:\/\/i1.wp.com\/lisatroeber-photography.com\/wp-content\/uploads\/2019\/03\/wedding-da-1.jpg\"\/><\/figure><\/div><div class=\"tiled-gallery__col\"><figure class=\"tiled-gallery__item\"><img decoding=\"async\" data-attachment-id=\"3189\" data-permalink=\"http:\/\/lisatroeber-photography.com\/index.php\/2019\/03\/15\/spaetsommerhochzeit-in-altlengbach\/wedding-da-2\/\" data-orig-file=\"https:\/\/i0.wp.com\/lisatroeber-photography.com\/wp-content\/uploads\/2019\/03\/wedding-da-2.jpg?fit=667%2C1000\" data-orig-size=\"667,1000\" data-comments-opened=\"0\" data-image-meta=\"{&quot;aperture&quot;:&quot;2.8&quot;,&quot;credit&quot;:&quot;&quot;,&quot;camera&quot;:&quot;Canon EOS 5D Mark IV&quot;,&quot;caption&quot;:&quot;&quot;,&quot;created_timestamp&quot;:&quot;1535204430&quot;,&quot;copyright&quot;:&quot;&quot;,&quot;focal_length&quot;:&quot;50&quot;,&quot;iso&quot;:&quot;100&quot;,&quot;shutter_speed&quot;:&quot;0.005&quot;,&quot;title&quot;:&quot;&quot;,&quot;orientation&quot;:&quot;0&quot;}\" data-image-title=\"wedding-da-2\" data-image-description=\"\" data-image-caption=\"\" data-medium-file=\"https:\/\/i0.wp.com\/lisatroeber-photography.com\/wp-content\/uploads\/2019\/03\/wedding-da-2.jpg?fit=200%2C300\" data-large-file=\"https:\/\/i0.wp.com\/lisatroeber-photography.com\/wp-content\/uploads\/2019\/03\/wedding-da-2.jpg?fit=667%2C1000\" data-attachment-id=\"3189\" data-permalink=\"http:\/\/lisatroeber-photography.com\/index.php\/2019\/03\/15\/spaetsommerhochzeit-in-altlengbach\/wedding-da-2\/\" data-orig-file=\"https:\/\/i0.wp.com\/lisatroeber-photography.com\/wp-content\/uploads\/2019\/03\/wedding-da-2.jpg?fit=667%2C1000\" data-orig-size=\"667,1000\" data-comments-opened=\"0\" data-image-meta=\"{&quot;aperture&quot;:&quot;2.8&quot;,&quot;credit&quot;:&quot;&quot;,&quot;camera&quot;:&quot;Canon EOS 5D Mark IV&quot;,&quot;caption&quot;:&quot;&quot;,&quot;created_timestamp&quot;:&quot;1535204430&quot;,&quot;copyright&quot;:&quot;&quot;,&quot;focal_length&quot;:&quot;50&quot;,&quot;iso&quot;:&quot;100&quot;,&quot;shutter_speed&quot;:&quot;0.005&quot;,&quot;title&quot;:&quot;&quot;,&quot;orientation&quot;:&quot;0&quot;}\" data-image-title=\"wedding-da-2\" data-image-description=\"\" data-image-caption=\"\" data-medium-file=\"https:\/\/i0.wp.com\/lisatroeber-photography.com\/wp-content\/uploads\/2019\/03\/wedding-da-2.jpg?fit=200%2C300\" data-large-file=\"https:\/\/i0.wp.com\/lisatroeber-photography.com\/wp-content\/uploads\/2019\/03\/wedding-da-2.jpg?fit=667%2C1000\" srcset=\"https:\/\/i1.wp.com\/lisatroeber-photography.com\/wp-content\/uploads\/2019\/03\/wedding-da-2.jpg?strip=info&#038;w=600 600w,https:\/\/i1.wp.com\/lisatroeber-photography.com\/wp-content\/uploads\/2019\/03\/wedding-da-2.jpg?strip=info&#038;w=667 667w\" alt=\"\" data-height=\"1000\" data-id=\"3189\" data-link=\"http:\/\/lisatroeber-photography.com\/index.php\/2019\/03\/15\/spaetsommerhochzeit-in-altlengbach\/wedding-da-2\/\" data-url=\"http:\/\/lisatroeber-photography.com\/wp-content\/uploads\/2019\/03\/wedding-da-2.jpg\" data-width=\"667\" src=\"https:\/\/i1.wp.com\/lisatroeber-photography.com\/wp-content\/uploads\/2019\/03\/wedding-da-2.jpg\"\/><\/figure><\/div><\/div><div class=\"tiled-gallery__row\"><div class=\"tiled-gallery__col\"><figure class=\"tiled-gallery__item\"><img decoding=\"async\" data-attachment-id=\"3190\" data-permalink=\"http:\/\/lisatroeber-photography.com\/index.php\/2019\/03\/15\/spaetsommerhochzeit-in-altlengbach\/wedding-da-3\/\" data-orig-file=\"https:\/\/i0.wp.com\/lisatroeber-photography.com\/wp-content\/uploads\/2019\/03\/wedding-da-3.jpg?fit=1000%2C667\" data-orig-size=\"1000,667\" data-comments-opened=\"0\" data-image-meta=\"{&quot;aperture&quot;:&quot;2.5&quot;,&quot;credit&quot;:&quot;&quot;,&quot;camera&quot;:&quot;Canon EOS 5D Mark IV&quot;,&quot;caption&quot;:&quot;&quot;,&quot;created_timestamp&quot;:&quot;1535204651&quot;,&quot;copyright&quot;:&quot;&quot;,&quot;focal_length&quot;:&quot;50&quot;,&quot;iso&quot;:&quot;100&quot;,&quot;shutter_speed&quot;:&quot;0.005&quot;,&quot;title&quot;:&quot;&quot;,&quot;orientation&quot;:&quot;0&quot;}\" data-image-title=\"wedding-da-3\" data-image-description=\"\" data-image-caption=\"\" data-medium-file=\"https:\/\/i0.wp.com\/lisatroeber-photography.com\/wp-content\/uploads\/2019\/03\/wedding-da-3.jpg?fit=300%2C200\" data-large-file=\"https:\/\/i0.wp.com\/lisatroeber-photography.com\/wp-content\/uploads\/2019\/03\/wedding-da-3.jpg?fit=1000%2C667\" data-attachment-id=\"3190\" data-permalink=\"http:\/\/lisatroeber-photography.com\/index.php\/2019\/03\/15\/spaetsommerhochzeit-in-altlengbach\/wedding-da-3\/\" data-orig-file=\"https:\/\/i0.wp.com\/lisatroeber-photography.com\/wp-content\/uploads\/2019\/03\/wedding-da-3.jpg?fit=1000%2C667\" data-orig-size=\"1000,667\" data-comments-opened=\"0\" data-image-meta=\"{&quot;aperture&quot;:&quot;2.5&quot;,&quot;credit&quot;:&quot;&quot;,&quot;camera&quot;:&quot;Canon EOS 5D Mark IV&quot;,&quot;caption&quot;:&quot;&quot;,&quot;created_timestamp&quot;:&quot;1535204651&quot;,&quot;copyright&quot;:&quot;&quot;,&quot;focal_length&quot;:&quot;50&quot;,&quot;iso&quot;:&quot;100&quot;,&quot;shutter_speed&quot;:&quot;0.005&quot;,&quot;title&quot;:&quot;&quot;,&quot;orientation&quot;:&quot;0&quot;}\" data-image-title=\"wedding-da-3\" data-image-description=\"\" data-image-caption=\"\" data-medium-file=\"https:\/\/i0.wp.com\/lisatroeber-photography.com\/wp-content\/uploads\/2019\/03\/wedding-da-3.jpg?fit=300%2C200\" data-large-file=\"https:\/\/i0.wp.com\/lisatroeber-photography.com\/wp-content\/uploads\/2019\/03\/wedding-da-3.jpg?fit=1000%2C667\" srcset=\"https:\/\/i1.wp.com\/lisatroeber-photography.com\/wp-content\/uploads\/2019\/03\/wedding-da-3.jpg?strip=info&#038;w=600 600w,https:\/\/i1.wp.com\/lisatroeber-photography.com\/wp-content\/uploads\/2019\/03\/wedding-da-3.jpg?strip=info&#038;w=900 900w,https:\/\/i1.wp.com\/lisatroeber-photography.com\/wp-content\/uploads\/2019\/03\/wedding-da-3.jpg?strip=info&#038;w=1000 1000w\" alt=\"\" data-height=\"667\" data-id=\"3190\" data-link=\"http:\/\/lisatroeber-photography.com\/index.php\/2019\/03\/15\/spaetsommerhochzeit-in-altlengbach\/wedding-da-3\/\" data-url=\"http:\/\/lisatroeber-photography.com\/wp-content\/uploads\/2019\/03\/wedding-da-3.jpg\" data-width=\"1000\" src=\"https:\/\/i1.wp.com\/lisatroeber-photography.com\/wp-content\/uploads\/2019\/03\/wedding-da-3.jpg\"\/><\/figure><\/div><div class=\"tiled-gallery__col\"><figure class=\"tiled-gallery__item\"><img decoding=\"async\" data-attachment-id=\"3191\" data-permalink=\"http:\/\/lisatroeber-photography.com\/index.php\/2019\/03\/15\/spaetsommerhochzeit-in-altlengbach\/wedding-da-4\/\" data-orig-file=\"https:\/\/i0.wp.com\/lisatroeber-photography.com\/wp-content\/uploads\/2019\/03\/wedding-da-4.jpg?fit=667%2C1000\" data-orig-size=\"667,1000\" data-comments-opened=\"0\" data-image-meta=\"{&quot;aperture&quot;:&quot;2.5&quot;,&quot;credit&quot;:&quot;&quot;,&quot;camera&quot;:&quot;Canon EOS 5D Mark IV&quot;,&quot;caption&quot;:&quot;&quot;,&quot;created_timestamp&quot;:&quot;1535204804&quot;,&quot;copyright&quot;:&quot;&quot;,&quot;focal_length&quot;:&quot;50&quot;,&quot;iso&quot;:&quot;125&quot;,&quot;shutter_speed&quot;:&quot;0.005&quot;,&quot;title&quot;:&quot;&quot;,&quot;orientation&quot;:&quot;0&quot;}\" data-image-title=\"wedding-da-4\" data-image-description=\"\" data-image-caption=\"\" data-medium-file=\"https:\/\/i0.wp.com\/lisatroeber-photography.com\/wp-content\/uploads\/2019\/03\/wedding-da-4.jpg?fit=200%2C300\" data-large-file=\"https:\/\/i0.wp.com\/lisatroeber-photography.com\/wp-content\/uploads\/2019\/03\/wedding-da-4.jpg?fit=667%2C1000\" data-attachment-id=\"3191\" data-permalink=\"http:\/\/lisatroeber-photography.com\/index.php\/2019\/03\/15\/spaetsommerhochzeit-in-altlengbach\/wedding-da-4\/\" data-orig-file=\"https:\/\/i0.wp.com\/lisatroeber-photography.com\/wp-content\/uploads\/2019\/03\/wedding-da-4.jpg?fit=667%2C1000\" data-orig-size=\"667,1000\" data-comments-opened=\"0\" data-image-meta=\"{&quot;aperture&quot;:&quot;2.5&quot;,&quot;credit&quot;:&quot;&quot;,&quot;camera&quot;:&quot;Canon EOS 5D Mark IV&quot;,&quot;caption&quot;:&quot;&quot;,&quot;created_timestamp&quot;:&quot;1535204804&quot;,&quot;copyright&quot;:&quot;&quot;,&quot;focal_length&quot;:&quot;50&quot;,&quot;iso&quot;:&quot;125&quot;,&quot;shutter_speed&quot;:&quot;0.005&quot;,&quot;title&quot;:&quot;&quot;,&quot;orientation&quot;:&quot;0&quot;}\" data-image-title=\"wedding-da-4\" data-image-description=\"\" data-image-caption=\"\" data-medium-file=\"https:\/\/i0.wp.com\/lisatroeber-photography.com\/wp-content\/uploads\/2019\/03\/wedding-da-4.jpg?fit=200%2C300\" data-large-file=\"https:\/\/i0.wp.com\/lisatroeber-photography.com\/wp-content\/uploads\/2019\/03\/wedding-da-4.jpg?fit=667%2C1000\" srcset=\"https:\/\/i1.wp.com\/lisatroeber-photography.com\/wp-content\/uploads\/2019\/03\/wedding-da-4.jpg?strip=info&#038;w=600 600w,https:\/\/i1.wp.com\/lisatroeber-photography.com\/wp-content\/uploads\/2019\/03\/wedding-da-4.jpg?strip=info&#038;w=667 667w\" alt=\"\" data-height=\"1000\" data-id=\"3191\" data-link=\"http:\/\/lisatroeber-photography.com\/index.php\/2019\/03\/15\/spaetsommerhochzeit-in-altlengbach\/wedding-da-4\/\" data-url=\"http:\/\/lisatroeber-photography.com\/wp-content\/uploads\/2019\/03\/wedding-da-4.jpg\" data-width=\"667\" src=\"https:\/\/i1.wp.com\/lisatroeber-photography.com\/wp-content\/uploads\/2019\/03\/wedding-da-4.jpg\"\/><\/figure><\/div><\/div><div class=\"tiled-gallery__row\"><div class=\"tiled-gallery__col\"><figure class=\"tiled-gallery__item\"><img decoding=\"async\" data-attachment-id=\"3192\" data-permalink=\"http:\/\/lisatroeber-photography.com\/index.php\/2019\/03\/15\/spaetsommerhochzeit-in-altlengbach\/wedding-da-5\/\" data-orig-file=\"https:\/\/i0.wp.com\/lisatroeber-photography.com\/wp-content\/uploads\/2019\/03\/wedding-da-5.jpg?fit=667%2C1000\" data-orig-size=\"667,1000\" data-comments-opened=\"0\" data-image-meta=\"{&quot;aperture&quot;:&quot;2&quot;,&quot;credit&quot;:&quot;&quot;,&quot;camera&quot;:&quot;Canon EOS 5D Mark IV&quot;,&quot;caption&quot;:&quot;&quot;,&quot;created_timestamp&quot;:&quot;1535205265&quot;,&quot;copyright&quot;:&quot;&quot;,&quot;focal_length&quot;:&quot;50&quot;,&quot;iso&quot;:&quot;250&quot;,&quot;shutter_speed&quot;:&quot;0.01&quot;,&quot;title&quot;:&quot;&quot;,&quot;orientation&quot;:&quot;0&quot;}\" data-image-title=\"wedding-da-5\" data-image-description=\"\" data-image-caption=\"\" data-medium-file=\"https:\/\/i0.wp.com\/lisatroeber-photography.com\/wp-content\/uploads\/2019\/03\/wedding-da-5.jpg?fit=200%2C300\" data-large-file=\"https:\/\/i0.wp.com\/lisatroeber-photography.com\/wp-content\/uploads\/2019\/03\/wedding-da-5.jpg?fit=667%2C1000\" data-attachment-id=\"3192\" data-permalink=\"http:\/\/lisatroeber-photography.com\/index.php\/2019\/03\/15\/spaetsommerhochzeit-in-altlengbach\/wedding-da-5\/\" data-orig-file=\"https:\/\/i0.wp.com\/lisatroeber-photography.com\/wp-content\/uploads\/2019\/03\/wedding-da-5.jpg?fit=667%2C1000\" data-orig-size=\"667,1000\" data-comments-opened=\"0\" data-image-meta=\"{&quot;aperture&quot;:&quot;2&quot;,&quot;credit&quot;:&quot;&quot;,&quot;camera&quot;:&quot;Canon EOS 5D Mark IV&quot;,&quot;caption&quot;:&quot;&quot;,&quot;created_timestamp&quot;:&quot;1535205265&quot;,&quot;copyright&quot;:&quot;&quot;,&quot;focal_length&quot;:&quot;50&quot;,&quot;iso&quot;:&quot;250&quot;,&quot;shutter_speed&quot;:&quot;0.01&quot;,&quot;title&quot;:&quot;&quot;,&quot;orientation&quot;:&quot;0&quot;}\" data-image-title=\"wedding-da-5\" data-image-description=\"\" data-image-caption=\"\" data-medium-file=\"https:\/\/i0.wp.com\/lisatroeber-photography.com\/wp-content\/uploads\/2019\/03\/wedding-da-5.jpg?fit=200%2C300\" data-large-file=\"https:\/\/i0.wp.com\/lisatroeber-photography.com\/wp-content\/uploads\/2019\/03\/wedding-da-5.jpg?fit=667%2C1000\" srcset=\"https:\/\/i2.wp.com\/lisatroeber-photography.com\/wp-content\/uploads\/2019\/03\/wedding-da-5.jpg?strip=info&#038;w=600 600w,https:\/\/i2.wp.com\/lisatroeber-photography.com\/wp-content\/uploads\/2019\/03\/wedding-da-5.jpg?strip=info&#038;w=667 667w\" alt=\"\" data-height=\"1000\" data-id=\"3192\" data-link=\"http:\/\/lisatroeber-photography.com\/index.php\/2019\/03\/15\/spaetsommerhochzeit-in-altlengbach\/wedding-da-5\/\" data-url=\"http:\/\/lisatroeber-photography.com\/wp-content\/uploads\/2019\/03\/wedding-da-5.jpg\" data-width=\"667\" src=\"https:\/\/i2.wp.com\/lisatroeber-photography.com\/wp-content\/uploads\/2019\/03\/wedding-da-5.jpg\"\/><\/figure><\/div><div class=\"tiled-gallery__col\"><figure class=\"tiled-gallery__item\"><img decoding=\"async\" data-attachment-id=\"3193\" data-permalink=\"http:\/\/lisatroeber-photography.com\/index.php\/2019\/03\/15\/spaetsommerhochzeit-in-altlengbach\/wedding-da-6\/\" data-orig-file=\"https:\/\/i0.wp.com\/lisatroeber-photography.com\/wp-content\/uploads\/2019\/03\/wedding-da-6.jpg?fit=667%2C1000\" data-orig-size=\"667,1000\" data-comments-opened=\"0\" data-image-meta=\"{&quot;aperture&quot;:&quot;2&quot;,&quot;credit&quot;:&quot;&quot;,&quot;camera&quot;:&quot;Canon EOS 5D Mark IV&quot;,&quot;caption&quot;:&quot;&quot;,&quot;created_timestamp&quot;:&quot;1535205307&quot;,&quot;copyright&quot;:&quot;&quot;,&quot;focal_length&quot;:&quot;50&quot;,&quot;iso&quot;:&quot;250&quot;,&quot;shutter_speed&quot;:&quot;0.01&quot;,&quot;title&quot;:&quot;&quot;,&quot;orientation&quot;:&quot;0&quot;}\" data-image-title=\"wedding-da-6\" data-image-description=\"\" data-image-caption=\"\" data-medium-file=\"https:\/\/i0.wp.com\/lisatroeber-photography.com\/wp-content\/uploads\/2019\/03\/wedding-da-6.jpg?fit=200%2C300\" data-large-file=\"https:\/\/i0.wp.com\/lisatroeber-photography.com\/wp-content\/uploads\/2019\/03\/wedding-da-6.jpg?fit=667%2C1000\" data-attachment-id=\"3193\" data-permalink=\"http:\/\/lisatroeber-photography.com\/index.php\/2019\/03\/15\/spaetsommerhochzeit-in-altlengbach\/wedding-da-6\/\" data-orig-file=\"https:\/\/i0.wp.com\/lisatroeber-photography.com\/wp-content\/uploads\/2019\/03\/wedding-da-6.jpg?fit=667%2C1000\" data-orig-size=\"667,1000\" data-comments-opened=\"0\" data-image-meta=\"{&quot;aperture&quot;:&quot;2&quot;,&quot;credit&quot;:&quot;&quot;,&quot;camera&quot;:&quot;Canon EOS 5D Mark IV&quot;,&quot;caption&quot;:&quot;&quot;,&quot;created_timestamp&quot;:&quot;1535205307&quot;,&quot;copyright&quot;:&quot;&quot;,&quot;focal_length&quot;:&quot;50&quot;,&quot;iso&quot;:&quot;250&quot;,&quot;shutter_speed&quot;:&quot;0.01&quot;,&quot;title&quot;:&quot;&quot;,&quot;orientation&quot;:&quot;0&quot;}\" data-image-title=\"wedding-da-6\" data-image-description=\"\" data-image-caption=\"\" data-medium-file=\"https:\/\/i0.wp.com\/lisatroeber-photography.com\/wp-content\/uploads\/2019\/03\/wedding-da-6.jpg?fit=200%2C300\" data-large-file=\"https:\/\/i0.wp.com\/lisatroeber-photography.com\/wp-content\/uploads\/2019\/03\/wedding-da-6.jpg?fit=667%2C1000\" srcset=\"https:\/\/i0.wp.com\/lisatroeber-photography.com\/wp-content\/uploads\/2019\/03\/wedding-da-6.jpg?strip=info&#038;w=600 600w,https:\/\/i0.wp.com\/lisatroeber-photography.com\/wp-content\/uploads\/2019\/03\/wedding-da-6.jpg?strip=info&#038;w=667 667w\" alt=\"\" data-height=\"1000\" data-id=\"3193\" data-link=\"http:\/\/lisatroeber-photography.com\/index.php\/2019\/03\/15\/spaetsommerhochzeit-in-altlengbach\/wedding-da-6\/\" data-url=\"http:\/\/lisatroeber-photography.com\/wp-content\/uploads\/2019\/03\/wedding-da-6.jpg\" data-width=\"667\" src=\"https:\/\/i0.wp.com\/lisatroeber-photography.com\/wp-content\/uploads\/2019\/03\/wedding-da-6.jpg\"\/><\/figure><\/div><div class=\"tiled-gallery__col\"><figure class=\"tiled-gallery__item\"><img decoding=\"async\" data-attachment-id=\"3194\" data-permalink=\"http:\/\/lisatroeber-photography.com\/index.php\/2019\/03\/15\/spaetsommerhochzeit-in-altlengbach\/wedding-da-7\/\" data-orig-file=\"https:\/\/i0.wp.com\/lisatroeber-photography.com\/wp-content\/uploads\/2019\/03\/wedding-da-7.jpg?fit=667%2C1000\" data-orig-size=\"667,1000\" data-comments-opened=\"0\" data-image-meta=\"{&quot;aperture&quot;:&quot;2.5&quot;,&quot;credit&quot;:&quot;&quot;,&quot;camera&quot;:&quot;Canon EOS 5D Mark IV&quot;,&quot;caption&quot;:&quot;&quot;,&quot;created_timestamp&quot;:&quot;1535206841&quot;,&quot;copyright&quot;:&quot;&quot;,&quot;focal_length&quot;:&quot;50&quot;,&quot;iso&quot;:&quot;100&quot;,&quot;shutter_speed&quot;:&quot;0.01&quot;,&quot;title&quot;:&quot;&quot;,&quot;orientation&quot;:&quot;0&quot;}\" data-image-title=\"wedding-da-7\" data-image-description=\"\" data-image-caption=\"\" data-medium-file=\"https:\/\/i0.wp.com\/lisatroeber-photography.com\/wp-content\/uploads\/2019\/03\/wedding-da-7.jpg?fit=200%2C300\" data-large-file=\"https:\/\/i0.wp.com\/lisatroeber-photography.com\/wp-content\/uploads\/2019\/03\/wedding-da-7.jpg?fit=667%2C1000\" data-attachment-id=\"3194\" data-permalink=\"http:\/\/lisatroeber-photography.com\/index.php\/2019\/03\/15\/spaetsommerhochzeit-in-altlengbach\/wedding-da-7\/\" data-orig-file=\"https:\/\/i0.wp.com\/lisatroeber-photography.com\/wp-content\/uploads\/2019\/03\/wedding-da-7.jpg?fit=667%2C1000\" data-orig-size=\"667,1000\" data-comments-opened=\"0\" data-image-meta=\"{&quot;aperture&quot;:&quot;2.5&quot;,&quot;credit&quot;:&quot;&quot;,&quot;camera&quot;:&quot;Canon EOS 5D Mark IV&quot;,&quot;caption&quot;:&quot;&quot;,&quot;created_timestamp&quot;:&quot;1535206841&quot;,&quot;copyright&quot;:&quot;&quot;,&quot;focal_length&quot;:&quot;50&quot;,&quot;iso&quot;:&quot;100&quot;,&quot;shutter_speed&quot;:&quot;0.01&quot;,&quot;title&quot;:&quot;&quot;,&quot;orientation&quot;:&quot;0&quot;}\" data-image-title=\"wedding-da-7\" data-image-description=\"\" data-image-caption=\"\" data-medium-file=\"https:\/\/i0.wp.com\/lisatroeber-photography.com\/wp-content\/uploads\/2019\/03\/wedding-da-7.jpg?fit=200%2C300\" data-large-file=\"https:\/\/i0.wp.com\/lisatroeber-photography.com\/wp-content\/uploads\/2019\/03\/wedding-da-7.jpg?fit=667%2C1000\" srcset=\"https:\/\/i2.wp.com\/lisatroeber-photography.com\/wp-content\/uploads\/2019\/03\/wedding-da-7.jpg?strip=info&#038;w=600 600w,https:\/\/i2.wp.com\/lisatroeber-photography.com\/wp-content\/uploads\/2019\/03\/wedding-da-7.jpg?strip=info&#038;w=667 667w\" alt=\"\" data-height=\"1000\" data-id=\"3194\" data-link=\"http:\/\/lisatroeber-photography.com\/index.php\/2019\/03\/15\/spaetsommerhochzeit-in-altlengbach\/wedding-da-7\/\" data-url=\"http:\/\/lisatroeber-photography.com\/wp-content\/uploads\/2019\/03\/wedding-da-7.jpg\" data-width=\"667\" src=\"https:\/\/i2.wp.com\/lisatroeber-photography.com\/wp-content\/uploads\/2019\/03\/wedding-da-7.jpg\"\/><\/figure><\/div><div class=\"tiled-gallery__col\"><figure class=\"tiled-gallery__item\"><img decoding=\"async\" data-attachment-id=\"3195\" data-permalink=\"http:\/\/lisatroeber-photography.com\/index.php\/2019\/03\/15\/spaetsommerhochzeit-in-altlengbach\/wedding-da-8\/\" data-orig-file=\"https:\/\/i0.wp.com\/lisatroeber-photography.com\/wp-content\/uploads\/2019\/03\/wedding-da-8.jpg?fit=667%2C1000\" data-orig-size=\"667,1000\" data-comments-opened=\"0\" data-image-meta=\"{&quot;aperture&quot;:&quot;2.5&quot;,&quot;credit&quot;:&quot;&quot;,&quot;camera&quot;:&quot;Canon EOS 5D Mark IV&quot;,&quot;caption&quot;:&quot;&quot;,&quot;created_timestamp&quot;:&quot;1535207203&quot;,&quot;copyright&quot;:&quot;&quot;,&quot;focal_length&quot;:&quot;50&quot;,&quot;iso&quot;:&quot;100&quot;,&quot;shutter_speed&quot;:&quot;0.00625&quot;,&quot;title&quot;:&quot;&quot;,&quot;orientation&quot;:&quot;0&quot;}\" data-image-title=\"wedding-da-8\" data-image-description=\"\" data-image-caption=\"\" data-medium-file=\"https:\/\/i0.wp.com\/lisatroeber-photography.com\/wp-content\/uploads\/2019\/03\/wedding-da-8.jpg?fit=200%2C300\" data-large-file=\"https:\/\/i0.wp.com\/lisatroeber-photography.com\/wp-content\/uploads\/2019\/03\/wedding-da-8.jpg?fit=667%2C1000\" data-attachment-id=\"3195\" data-permalink=\"http:\/\/lisatroeber-photography.com\/index.php\/2019\/03\/15\/spaetsommerhochzeit-in-altlengbach\/wedding-da-8\/\" data-orig-file=\"https:\/\/i0.wp.com\/lisatroeber-photography.com\/wp-content\/uploads\/2019\/03\/wedding-da-8.jpg?fit=667%2C1000\" data-orig-size=\"667,1000\" data-comments-opened=\"0\" data-image-meta=\"{&quot;aperture&quot;:&quot;2.5&quot;,&quot;credit&quot;:&quot;&quot;,&quot;camera&quot;:&quot;Canon EOS 5D Mark IV&quot;,&quot;caption&quot;:&quot;&quot;,&quot;created_timestamp&quot;:&quot;1535207203&quot;,&quot;copyright&quot;:&quot;&quot;,&quot;focal_length&quot;:&quot;50&quot;,&quot;iso&quot;:&quot;100&quot;,&quot;shutter_speed&quot;:&quot;0.00625&quot;,&quot;title&quot;:&quot;&quot;,&quot;orientation&quot;:&quot;0&quot;}\" data-image-title=\"wedding-da-8\" data-image-description=\"\" data-image-caption=\"\" data-medium-file=\"https:\/\/i0.wp.com\/lisatroeber-photography.com\/wp-content\/uploads\/2019\/03\/wedding-da-8.jpg?fit=200%2C300\" data-large-file=\"https:\/\/i0.wp.com\/lisatroeber-photography.com\/wp-content\/uploads\/2019\/03\/wedding-da-8.jpg?fit=667%2C1000\" srcset=\"https:\/\/i0.wp.com\/lisatroeber-photography.com\/wp-content\/uploads\/2019\/03\/wedding-da-8.jpg?strip=info&#038;w=600 600w,https:\/\/i0.wp.com\/lisatroeber-photography.com\/wp-content\/uploads\/2019\/03\/wedding-da-8.jpg?strip=info&#038;w=667 667w\" alt=\"\" data-height=\"1000\" data-id=\"3195\" data-link=\"http:\/\/lisatroeber-photography.com\/index.php\/2019\/03\/15\/spaetsommerhochzeit-in-altlengbach\/wedding-da-8\/\" data-url=\"http:\/\/lisatroeber-photography.com\/wp-content\/uploads\/2019\/03\/wedding-da-8.jpg\" data-width=\"667\" src=\"https:\/\/i0.wp.com\/lisatroeber-photography.com\/wp-content\/uploads\/2019\/03\/wedding-da-8.jpg\"\/><\/figure><\/div><\/div><div class=\"tiled-gallery__row\"><div class=\"tiled-gallery__col\"><figure class=\"tiled-gallery__item\"><img decoding=\"async\" data-attachment-id=\"3196\" data-permalink=\"http:\/\/lisatroeber-photography.com\/index.php\/2019\/03\/15\/spaetsommerhochzeit-in-altlengbach\/wedding-da-9\/\" data-orig-file=\"https:\/\/i0.wp.com\/lisatroeber-photography.com\/wp-content\/uploads\/2019\/03\/wedding-da-9.jpg?fit=667%2C1000\" data-orig-size=\"667,1000\" data-comments-opened=\"0\" data-image-meta=\"{&quot;aperture&quot;:&quot;2.5&quot;,&quot;credit&quot;:&quot;&quot;,&quot;camera&quot;:&quot;Canon EOS 5D Mark IV&quot;,&quot;caption&quot;:&quot;&quot;,&quot;created_timestamp&quot;:&quot;1535207853&quot;,&quot;copyright&quot;:&quot;&quot;,&quot;focal_length&quot;:&quot;50&quot;,&quot;iso&quot;:&quot;250&quot;,&quot;shutter_speed&quot;:&quot;0.01&quot;,&quot;title&quot;:&quot;&quot;,&quot;orientation&quot;:&quot;0&quot;}\" data-image-title=\"wedding-da-9\" data-image-description=\"\" data-image-caption=\"\" data-medium-file=\"https:\/\/i0.wp.com\/lisatroeber-photography.com\/wp-content\/uploads\/2019\/03\/wedding-da-9.jpg?fit=200%2C300\" data-large-file=\"https:\/\/i0.wp.com\/lisatroeber-photography.com\/wp-content\/uploads\/2019\/03\/wedding-da-9.jpg?fit=667%2C1000\" data-attachment-id=\"3196\" data-permalink=\"http:\/\/lisatroeber-photography.com\/index.php\/2019\/03\/15\/spaetsommerhochzeit-in-altlengbach\/wedding-da-9\/\" data-orig-file=\"https:\/\/i0.wp.com\/lisatroeber-photography.com\/wp-content\/uploads\/2019\/03\/wedding-da-9.jpg?fit=667%2C1000\" data-orig-size=\"667,1000\" data-comments-opened=\"0\" data-image-meta=\"{&quot;aperture&quot;:&quot;2.5&quot;,&quot;credit&quot;:&quot;&quot;,&quot;camera&quot;:&quot;Canon EOS 5D Mark IV&quot;,&quot;caption&quot;:&quot;&quot;,&quot;created_timestamp&quot;:&quot;1535207853&quot;,&quot;copyright&quot;:&quot;&quot;,&quot;focal_length&quot;:&quot;50&quot;,&quot;iso&quot;:&quot;250&quot;,&quot;shutter_speed&quot;:&quot;0.01&quot;,&quot;title&quot;:&quot;&quot;,&quot;orientation&quot;:&quot;0&quot;}\" data-image-title=\"wedding-da-9\" data-image-description=\"\" data-image-caption=\"\" data-medium-file=\"https:\/\/i0.wp.com\/lisatroeber-photography.com\/wp-content\/uploads\/2019\/03\/wedding-da-9.jpg?fit=200%2C300\" data-large-file=\"https:\/\/i0.wp.com\/lisatroeber-photography.com\/wp-content\/uploads\/2019\/03\/wedding-da-9.jpg?fit=667%2C1000\" srcset=\"https:\/\/i0.wp.com\/lisatroeber-photography.com\/wp-content\/uploads\/2019\/03\/wedding-da-9.jpg?strip=info&#038;w=600 600w,https:\/\/i0.wp.com\/lisatroeber-photography.com\/wp-content\/uploads\/2019\/03\/wedding-da-9.jpg?strip=info&#038;w=667 667w\" alt=\"\" data-height=\"1000\" data-id=\"3196\" data-link=\"http:\/\/lisatroeber-photography.com\/index.php\/2019\/03\/15\/spaetsommerhochzeit-in-altlengbach\/wedding-da-9\/\" data-url=\"http:\/\/lisatroeber-photography.com\/wp-content\/uploads\/2019\/03\/wedding-da-9.jpg\" data-width=\"667\" src=\"https:\/\/i0.wp.com\/lisatroeber-photography.com\/wp-content\/uploads\/2019\/03\/wedding-da-9.jpg\"\/><\/figure><\/div><div class=\"tiled-gallery__col\"><figure class=\"tiled-gallery__item\"><img decoding=\"async\" data-attachment-id=\"3197\" data-permalink=\"http:\/\/lisatroeber-photography.com\/index.php\/2019\/03\/15\/spaetsommerhochzeit-in-altlengbach\/wedding-da-10\/\" data-orig-file=\"https:\/\/i0.wp.com\/lisatroeber-photography.com\/wp-content\/uploads\/2019\/03\/wedding-da-10.jpg?fit=667%2C1000\" data-orig-size=\"667,1000\" data-comments-opened=\"0\" data-image-meta=\"{&quot;aperture&quot;:&quot;2.5&quot;,&quot;credit&quot;:&quot;&quot;,&quot;camera&quot;:&quot;Canon EOS 5D Mark IV&quot;,&quot;caption&quot;:&quot;&quot;,&quot;created_timestamp&quot;:&quot;1535207959&quot;,&quot;copyright&quot;:&quot;&quot;,&quot;focal_length&quot;:&quot;50&quot;,&quot;iso&quot;:&quot;100&quot;,&quot;shutter_speed&quot;:&quot;0.01&quot;,&quot;title&quot;:&quot;&quot;,&quot;orientation&quot;:&quot;0&quot;}\" data-image-title=\"wedding-da-10\" data-image-description=\"\" data-image-caption=\"\" data-medium-file=\"https:\/\/i0.wp.com\/lisatroeber-photography.com\/wp-content\/uploads\/2019\/03\/wedding-da-10.jpg?fit=200%2C300\" data-large-file=\"https:\/\/i0.wp.com\/lisatroeber-photography.com\/wp-content\/uploads\/2019\/03\/wedding-da-10.jpg?fit=667%2C1000\" data-attachment-id=\"3197\" data-permalink=\"http:\/\/lisatroeber-photography.com\/index.php\/2019\/03\/15\/spaetsommerhochzeit-in-altlengbach\/wedding-da-10\/\" data-orig-file=\"https:\/\/i0.wp.com\/lisatroeber-photography.com\/wp-content\/uploads\/2019\/03\/wedding-da-10.jpg?fit=667%2C1000\" data-orig-size=\"667,1000\" data-comments-opened=\"0\" data-image-meta=\"{&quot;aperture&quot;:&quot;2.5&quot;,&quot;credit&quot;:&quot;&quot;,&quot;camera&quot;:&quot;Canon EOS 5D Mark IV&quot;,&quot;caption&quot;:&quot;&quot;,&quot;created_timestamp&quot;:&quot;1535207959&quot;,&quot;copyright&quot;:&quot;&quot;,&quot;focal_length&quot;:&quot;50&quot;,&quot;iso&quot;:&quot;100&quot;,&quot;shutter_speed&quot;:&quot;0.01&quot;,&quot;title&quot;:&quot;&quot;,&quot;orientation&quot;:&quot;0&quot;}\" data-image-title=\"wedding-da-10\" data-image-description=\"\" data-image-caption=\"\" data-medium-file=\"https:\/\/i0.wp.com\/lisatroeber-photography.com\/wp-content\/uploads\/2019\/03\/wedding-da-10.jpg?fit=200%2C300\" data-large-file=\"https:\/\/i0.wp.com\/lisatroeber-photography.com\/wp-content\/uploads\/2019\/03\/wedding-da-10.jpg?fit=667%2C1000\" srcset=\"https:\/\/i0.wp.com\/lisatroeber-photography.com\/wp-content\/uploads\/2019\/03\/wedding-da-10.jpg?strip=info&#038;w=600 600w,https:\/\/i0.wp.com\/lisatroeber-photography.com\/wp-content\/uploads\/2019\/03\/wedding-da-10.jpg?strip=info&#038;w=667 667w\" alt=\"\" data-height=\"1000\" data-id=\"3197\" data-link=\"http:\/\/lisatroeber-photography.com\/index.php\/2019\/03\/15\/spaetsommerhochzeit-in-altlengbach\/wedding-da-10\/\" data-url=\"http:\/\/lisatroeber-photography.com\/wp-content\/uploads\/2019\/03\/wedding-da-10.jpg\" data-width=\"667\" src=\"https:\/\/i0.wp.com\/lisatroeber-photography.com\/wp-content\/uploads\/2019\/03\/wedding-da-10.jpg\"\/><\/figure><\/div><\/div><div class=\"tiled-gallery__row\"><div class=\"tiled-gallery__col\"><figure class=\"tiled-gallery__item\"><img decoding=\"async\" data-attachment-id=\"3198\" data-permalink=\"http:\/\/lisatroeber-photography.com\/index.php\/2019\/03\/15\/spaetsommerhochzeit-in-altlengbach\/wedding-da-11\/\" data-orig-file=\"https:\/\/i0.wp.com\/lisatroeber-photography.com\/wp-content\/uploads\/2019\/03\/wedding-da-11.jpg?fit=1000%2C667\" data-orig-size=\"1000,667\" data-comments-opened=\"0\" data-image-meta=\"{&quot;aperture&quot;:&quot;2.5&quot;,&quot;credit&quot;:&quot;&quot;,&quot;camera&quot;:&quot;Canon EOS 5D Mark IV&quot;,&quot;caption&quot;:&quot;&quot;,&quot;created_timestamp&quot;:&quot;1535208044&quot;,&quot;copyright&quot;:&quot;&quot;,&quot;focal_length&quot;:&quot;50&quot;,&quot;iso&quot;:&quot;100&quot;,&quot;shutter_speed&quot;:&quot;0.01&quot;,&quot;title&quot;:&quot;&quot;,&quot;orientation&quot;:&quot;0&quot;}\" data-image-title=\"wedding-da-11\" data-image-description=\"\" data-image-caption=\"\" data-medium-file=\"https:\/\/i0.wp.com\/lisatroeber-photography.com\/wp-content\/uploads\/2019\/03\/wedding-da-11.jpg?fit=300%2C200\" data-large-file=\"https:\/\/i0.wp.com\/lisatroeber-photography.com\/wp-content\/uploads\/2019\/03\/wedding-da-11.jpg?fit=1000%2C667\" data-attachment-id=\"3198\" data-permalink=\"http:\/\/lisatroeber-photography.com\/index.php\/2019\/03\/15\/spaetsommerhochzeit-in-altlengbach\/wedding-da-11\/\" data-orig-file=\"https:\/\/i0.wp.com\/lisatroeber-photography.com\/wp-content\/uploads\/2019\/03\/wedding-da-11.jpg?fit=1000%2C667\" data-orig-size=\"1000,667\" data-comments-opened=\"0\" data-image-meta=\"{&quot;aperture&quot;:&quot;2.5&quot;,&quot;credit&quot;:&quot;&quot;,&quot;camera&quot;:&quot;Canon EOS 5D Mark IV&quot;,&quot;caption&quot;:&quot;&quot;,&quot;created_timestamp&quot;:&quot;1535208044&quot;,&quot;copyright&quot;:&quot;&quot;,&quot;focal_length&quot;:&quot;50&quot;,&quot;iso&quot;:&quot;100&quot;,&quot;shutter_speed&quot;:&quot;0.01&quot;,&quot;title&quot;:&quot;&quot;,&quot;orientation&quot;:&quot;0&quot;}\" data-image-title=\"wedding-da-11\" data-image-description=\"\" data-image-caption=\"\" data-medium-file=\"https:\/\/i0.wp.com\/lisatroeber-photography.com\/wp-content\/uploads\/2019\/03\/wedding-da-11.jpg?fit=300%2C200\" data-large-file=\"https:\/\/i0.wp.com\/lisatroeber-photography.com\/wp-content\/uploads\/2019\/03\/wedding-da-11.jpg?fit=1000%2C667\" srcset=\"https:\/\/i2.wp.com\/lisatroeber-photography.com\/wp-content\/uploads\/2019\/03\/wedding-da-11.jpg?strip=info&#038;w=600 600w,https:\/\/i2.wp.com\/lisatroeber-photography.com\/wp-content\/uploads\/2019\/03\/wedding-da-11.jpg?strip=info&#038;w=900 900w,https:\/\/i2.wp.com\/lisatroeber-photography.com\/wp-content\/uploads\/2019\/03\/wedding-da-11.jpg?strip=info&#038;w=1000 1000w\" alt=\"\" data-height=\"667\" data-id=\"3198\" data-link=\"http:\/\/lisatroeber-photography.com\/index.php\/2019\/03\/15\/spaetsommerhochzeit-in-altlengbach\/wedding-da-11\/\" data-url=\"http:\/\/lisatroeber-photography.com\/wp-content\/uploads\/2019\/03\/wedding-da-11.jpg\" data-width=\"1000\" src=\"https:\/\/i2.wp.com\/lisatroeber-photography.com\/wp-content\/uploads\/2019\/03\/wedding-da-11.jpg\"\/><\/figure><\/div><div class=\"tiled-gallery__col\"><figure class=\"tiled-gallery__item\"><img decoding=\"async\" data-attachment-id=\"3199\" data-permalink=\"http:\/\/lisatroeber-photography.com\/index.php\/2019\/03\/15\/spaetsommerhochzeit-in-altlengbach\/wedding-da-12\/\" data-orig-file=\"https:\/\/i0.wp.com\/lisatroeber-photography.com\/wp-content\/uploads\/2019\/03\/wedding-da-12.jpg?fit=667%2C1000\" data-orig-size=\"667,1000\" data-comments-opened=\"0\" data-image-meta=\"{&quot;aperture&quot;:&quot;2.5&quot;,&quot;credit&quot;:&quot;&quot;,&quot;camera&quot;:&quot;Canon EOS 5D Mark IV&quot;,&quot;caption&quot;:&quot;&quot;,&quot;created_timestamp&quot;:&quot;1535208327&quot;,&quot;copyright&quot;:&quot;&quot;,&quot;focal_length&quot;:&quot;50&quot;,&quot;iso&quot;:&quot;100&quot;,&quot;shutter_speed&quot;:&quot;0.01&quot;,&quot;title&quot;:&quot;&quot;,&quot;orientation&quot;:&quot;0&quot;}\" data-image-title=\"wedding-da-12\" data-image-description=\"\" data-image-caption=\"\" data-medium-file=\"https:\/\/i0.wp.com\/lisatroeber-photography.com\/wp-content\/uploads\/2019\/03\/wedding-da-12.jpg?fit=200%2C300\" data-large-file=\"https:\/\/i0.wp.com\/lisatroeber-photography.com\/wp-content\/uploads\/2019\/03\/wedding-da-12.jpg?fit=667%2C1000\" data-attachment-id=\"3199\" data-permalink=\"http:\/\/lisatroeber-photography.com\/index.php\/2019\/03\/15\/spaetsommerhochzeit-in-altlengbach\/wedding-da-12\/\" data-orig-file=\"https:\/\/i0.wp.com\/lisatroeber-photography.com\/wp-content\/uploads\/2019\/03\/wedding-da-12.jpg?fit=667%2C1000\" data-orig-size=\"667,1000\" data-comments-opened=\"0\" data-image-meta=\"{&quot;aperture&quot;:&quot;2.5&quot;,&quot;credit&quot;:&quot;&quot;,&quot;camera&quot;:&quot;Canon EOS 5D Mark IV&quot;,&quot;caption&quot;:&quot;&quot;,&quot;created_timestamp&quot;:&quot;1535208327&quot;,&quot;copyright&quot;:&quot;&quot;,&quot;focal_length&quot;:&quot;50&quot;,&quot;iso&quot;:&quot;100&quot;,&quot;shutter_speed&quot;:&quot;0.01&quot;,&quot;title&quot;:&quot;&quot;,&quot;orientation&quot;:&quot;0&quot;}\" data-image-title=\"wedding-da-12\" data-image-description=\"\" data-image-caption=\"\" data-medium-file=\"https:\/\/i0.wp.com\/lisatroeber-photography.com\/wp-content\/uploads\/2019\/03\/wedding-da-12.jpg?fit=200%2C300\" data-large-file=\"https:\/\/i0.wp.com\/lisatroeber-photography.com\/wp-content\/uploads\/2019\/03\/wedding-da-12.jpg?fit=667%2C1000\" srcset=\"https:\/\/i1.wp.com\/lisatroeber-photography.com\/wp-content\/uploads\/2019\/03\/wedding-da-12.jpg?strip=info&#038;w=600 600w,https:\/\/i1.wp.com\/lisatroeber-photography.com\/wp-content\/uploads\/2019\/03\/wedding-da-12.jpg?strip=info&#038;w=667 667w\" alt=\"\" data-height=\"1000\" data-id=\"3199\" data-link=\"http:\/\/lisatroeber-photography.com\/index.php\/2019\/03\/15\/spaetsommerhochzeit-in-altlengbach\/wedding-da-12\/\" data-url=\"http:\/\/lisatroeber-photography.com\/wp-content\/uploads\/2019\/03\/wedding-da-12.jpg\" data-width=\"667\" src=\"https:\/\/i1.wp.com\/lisatroeber-photography.com\/wp-content\/uploads\/2019\/03\/wedding-da-12.jpg\"\/><\/figure><\/div><\/div><div class=\"tiled-gallery__row\"><div class=\"tiled-gallery__col\"><figure class=\"tiled-gallery__item\"><img decoding=\"async\" data-attachment-id=\"3200\" data-permalink=\"http:\/\/lisatroeber-photography.com\/index.php\/2019\/03\/15\/spaetsommerhochzeit-in-altlengbach\/wedding-da-13\/\" data-orig-file=\"https:\/\/i0.wp.com\/lisatroeber-photography.com\/wp-content\/uploads\/2019\/03\/wedding-da-13.jpg?fit=667%2C1000\" data-orig-size=\"667,1000\" data-comments-opened=\"0\" data-image-meta=\"{&quot;aperture&quot;:&quot;2.8&quot;,&quot;credit&quot;:&quot;&quot;,&quot;camera&quot;:&quot;Canon EOS 5D Mark IV&quot;,&quot;caption&quot;:&quot;&quot;,&quot;created_timestamp&quot;:&quot;1535208364&quot;,&quot;copyright&quot;:&quot;&quot;,&quot;focal_length&quot;:&quot;50&quot;,&quot;iso&quot;:&quot;100&quot;,&quot;shutter_speed&quot;:&quot;0.01&quot;,&quot;title&quot;:&quot;&quot;,&quot;orientation&quot;:&quot;0&quot;}\" data-image-title=\"wedding-da-13\" data-image-description=\"\" data-image-caption=\"\" data-medium-file=\"https:\/\/i0.wp.com\/lisatroeber-photography.com\/wp-content\/uploads\/2019\/03\/wedding-da-13.jpg?fit=200%2C300\" data-large-file=\"https:\/\/i0.wp.com\/lisatroeber-photography.com\/wp-content\/uploads\/2019\/03\/wedding-da-13.jpg?fit=667%2C1000\" data-attachment-id=\"3200\" data-permalink=\"http:\/\/lisatroeber-photography.com\/index.php\/2019\/03\/15\/spaetsommerhochzeit-in-altlengbach\/wedding-da-13\/\" data-orig-file=\"https:\/\/i0.wp.com\/lisatroeber-photography.com\/wp-content\/uploads\/2019\/03\/wedding-da-13.jpg?fit=667%2C1000\" data-orig-size=\"667,1000\" data-comments-opened=\"0\" data-image-meta=\"{&quot;aperture&quot;:&quot;2.8&quot;,&quot;credit&quot;:&quot;&quot;,&quot;camera&quot;:&quot;Canon EOS 5D Mark IV&quot;,&quot;caption&quot;:&quot;&quot;,&quot;created_timestamp&quot;:&quot;1535208364&quot;,&quot;copyright&quot;:&quot;&quot;,&quot;focal_length&quot;:&quot;50&quot;,&quot;iso&quot;:&quot;100&quot;,&quot;shutter_speed&quot;:&quot;0.01&quot;,&quot;title&quot;:&quot;&quot;,&quot;orientation&quot;:&quot;0&quot;}\" data-image-title=\"wedding-da-13\" data-image-description=\"\" data-image-caption=\"\" data-medium-file=\"https:\/\/i0.wp.com\/lisatroeber-photography.com\/wp-content\/uploads\/2019\/03\/wedding-da-13.jpg?fit=200%2C300\" data-large-file=\"https:\/\/i0.wp.com\/lisatroeber-photography.com\/wp-content\/uploads\/2019\/03\/wedding-da-13.jpg?fit=667%2C1000\" srcset=\"https:\/\/i1.wp.com\/lisatroeber-photography.com\/wp-content\/uploads\/2019\/03\/wedding-da-13.jpg?strip=info&#038;w=600 600w,https:\/\/i1.wp.com\/lisatroeber-photography.com\/wp-content\/uploads\/2019\/03\/wedding-da-13.jpg?strip=info&#038;w=667 667w\" alt=\"\" data-height=\"1000\" data-id=\"3200\" data-link=\"http:\/\/lisatroeber-photography.com\/index.php\/2019\/03\/15\/spaetsommerhochzeit-in-altlengbach\/wedding-da-13\/\" data-url=\"http:\/\/lisatroeber-photography.com\/wp-content\/uploads\/2019\/03\/wedding-da-13.jpg\" data-width=\"667\" src=\"https:\/\/i1.wp.com\/lisatroeber-photography.com\/wp-content\/uploads\/2019\/03\/wedding-da-13.jpg\"\/><\/figure><\/div><div class=\"tiled-gallery__col\"><figure class=\"tiled-gallery__item\"><img decoding=\"async\" data-attachment-id=\"3201\" data-permalink=\"http:\/\/lisatroeber-photography.com\/index.php\/2019\/03\/15\/spaetsommerhochzeit-in-altlengbach\/wedding-da-14\/\" data-orig-file=\"https:\/\/i0.wp.com\/lisatroeber-photography.com\/wp-content\/uploads\/2019\/03\/wedding-da-14.jpg?fit=667%2C1000\" data-orig-size=\"667,1000\" data-comments-opened=\"0\" data-image-meta=\"{&quot;aperture&quot;:&quot;2.8&quot;,&quot;credit&quot;:&quot;&quot;,&quot;camera&quot;:&quot;Canon EOS 5D Mark IV&quot;,&quot;caption&quot;:&quot;&quot;,&quot;created_timestamp&quot;:&quot;1535209025&quot;,&quot;copyright&quot;:&quot;&quot;,&quot;focal_length&quot;:&quot;50&quot;,&quot;iso&quot;:&quot;160&quot;,&quot;shutter_speed&quot;:&quot;0.01&quot;,&quot;title&quot;:&quot;&quot;,&quot;orientation&quot;:&quot;0&quot;}\" data-image-title=\"wedding-da-14\" data-image-description=\"\" data-image-caption=\"\" data-medium-file=\"https:\/\/i0.wp.com\/lisatroeber-photography.com\/wp-content\/uploads\/2019\/03\/wedding-da-14.jpg?fit=200%2C300\" data-large-file=\"https:\/\/i0.wp.com\/lisatroeber-photography.com\/wp-content\/uploads\/2019\/03\/wedding-da-14.jpg?fit=667%2C1000\" data-attachment-id=\"3201\" data-permalink=\"http:\/\/lisatroeber-photography.com\/index.php\/2019\/03\/15\/spaetsommerhochzeit-in-altlengbach\/wedding-da-14\/\" data-orig-file=\"https:\/\/i0.wp.com\/lisatroeber-photography.com\/wp-content\/uploads\/2019\/03\/wedding-da-14.jpg?fit=667%2C1000\" data-orig-size=\"667,1000\" data-comments-opened=\"0\" data-image-meta=\"{&quot;aperture&quot;:&quot;2.8&quot;,&quot;credit&quot;:&quot;&quot;,&quot;camera&quot;:&quot;Canon EOS 5D Mark IV&quot;,&quot;caption&quot;:&quot;&quot;,&quot;created_timestamp&quot;:&quot;1535209025&quot;,&quot;copyright&quot;:&quot;&quot;,&quot;focal_length&quot;:&quot;50&quot;,&quot;iso&quot;:&quot;160&quot;,&quot;shutter_speed&quot;:&quot;0.01&quot;,&quot;title&quot;:&quot;&quot;,&quot;orientation&quot;:&quot;0&quot;}\" data-image-title=\"wedding-da-14\" data-image-description=\"\" data-image-caption=\"\" data-medium-file=\"https:\/\/i0.wp.com\/lisatroeber-photography.com\/wp-content\/uploads\/2019\/03\/wedding-da-14.jpg?fit=200%2C300\" data-large-file=\"https:\/\/i0.wp.com\/lisatroeber-photography.com\/wp-content\/uploads\/2019\/03\/wedding-da-14.jpg?fit=667%2C1000\" srcset=\"https:\/\/i1.wp.com\/lisatroeber-photography.com\/wp-content\/uploads\/2019\/03\/wedding-da-14.jpg?strip=info&#038;w=600 600w,https:\/\/i1.wp.com\/lisatroeber-photography.com\/wp-content\/uploads\/2019\/03\/wedding-da-14.jpg?strip=info&#038;w=667 667w\" alt=\"\" data-height=\"1000\" data-id=\"3201\" data-link=\"http:\/\/lisatroeber-photography.com\/index.php\/2019\/03\/15\/spaetsommerhochzeit-in-altlengbach\/wedding-da-14\/\" data-url=\"http:\/\/lisatroeber-photography.com\/wp-content\/uploads\/2019\/03\/wedding-da-14.jpg\" data-width=\"667\" src=\"https:\/\/i1.wp.com\/lisatroeber-photography.com\/wp-content\/uploads\/2019\/03\/wedding-da-14.jpg\"\/><\/figure><\/div><div class=\"tiled-gallery__col\"><figure class=\"tiled-gallery__item\"><img decoding=\"async\" data-attachment-id=\"3202\" data-permalink=\"http:\/\/lisatroeber-photography.com\/index.php\/2019\/03\/15\/spaetsommerhochzeit-in-altlengbach\/wedding-da-15\/\" data-orig-file=\"https:\/\/i0.wp.com\/lisatroeber-photography.com\/wp-content\/uploads\/2019\/03\/wedding-da-15.jpg?fit=667%2C1000\" data-orig-size=\"667,1000\" data-comments-opened=\"0\" data-image-meta=\"{&quot;aperture&quot;:&quot;2.2&quot;,&quot;credit&quot;:&quot;&quot;,&quot;camera&quot;:&quot;Canon EOS 5D Mark IV&quot;,&quot;caption&quot;:&quot;&quot;,&quot;created_timestamp&quot;:&quot;1535209866&quot;,&quot;copyright&quot;:&quot;&quot;,&quot;focal_length&quot;:&quot;50&quot;,&quot;iso&quot;:&quot;125&quot;,&quot;shutter_speed&quot;:&quot;0.004&quot;,&quot;title&quot;:&quot;&quot;,&quot;orientation&quot;:&quot;0&quot;}\" data-image-title=\"wedding-da-15\" data-image-description=\"\" data-image-caption=\"\" data-medium-file=\"https:\/\/i0.wp.com\/lisatroeber-photography.com\/wp-content\/uploads\/2019\/03\/wedding-da-15.jpg?fit=200%2C300\" data-large-file=\"https:\/\/i0.wp.com\/lisatroeber-photography.com\/wp-content\/uploads\/2019\/03\/wedding-da-15.jpg?fit=667%2C1000\" data-attachment-id=\"3202\" data-permalink=\"http:\/\/lisatroeber-photography.com\/index.php\/2019\/03\/15\/spaetsommerhochzeit-in-altlengbach\/wedding-da-15\/\" data-orig-file=\"https:\/\/i0.wp.com\/lisatroeber-photography.com\/wp-content\/uploads\/2019\/03\/wedding-da-15.jpg?fit=667%2C1000\" data-orig-size=\"667,1000\" data-comments-opened=\"0\" data-image-meta=\"{&quot;aperture&quot;:&quot;2.2&quot;,&quot;credit&quot;:&quot;&quot;,&quot;camera&quot;:&quot;Canon EOS 5D Mark IV&quot;,&quot;caption&quot;:&quot;&quot;,&quot;created_timestamp&quot;:&quot;1535209866&quot;,&quot;copyright&quot;:&quot;&quot;,&quot;focal_length&quot;:&quot;50&quot;,&quot;iso&quot;:&quot;125&quot;,&quot;shutter_speed&quot;:&quot;0.004&quot;,&quot;title&quot;:&quot;&quot;,&quot;orientation&quot;:&quot;0&quot;}\" data-image-title=\"wedding-da-15\" data-image-description=\"\" data-image-caption=\"\" data-medium-file=\"https:\/\/i0.wp.com\/lisatroeber-photography.com\/wp-content\/uploads\/2019\/03\/wedding-da-15.jpg?fit=200%2C300\" data-large-file=\"https:\/\/i0.wp.com\/lisatroeber-photography.com\/wp-content\/uploads\/2019\/03\/wedding-da-15.jpg?fit=667%2C1000\" srcset=\"https:\/\/i2.wp.com\/lisatroeber-photography.com\/wp-content\/uploads\/2019\/03\/wedding-da-15.jpg?strip=info&#038;w=600 600w,https:\/\/i2.wp.com\/lisatroeber-photography.com\/wp-content\/uploads\/2019\/03\/wedding-da-15.jpg?strip=info&#038;w=667 667w\" alt=\"\" data-height=\"1000\" data-id=\"3202\" data-link=\"http:\/\/lisatroeber-photography.com\/index.php\/2019\/03\/15\/spaetsommerhochzeit-in-altlengbach\/wedding-da-15\/\" data-url=\"http:\/\/lisatroeber-photography.com\/wp-content\/uploads\/2019\/03\/wedding-da-15.jpg\" data-width=\"667\" src=\"https:\/\/i2.wp.com\/lisatroeber-photography.com\/wp-content\/uploads\/2019\/03\/wedding-da-15.jpg\"\/><\/figure><\/div><\/div><div class=\"tiled-gallery__row\"><div class=\"tiled-gallery__col\"><figure class=\"tiled-gallery__item\"><img decoding=\"async\" data-attachment-id=\"3203\" data-permalink=\"http:\/\/lisatroeber-photography.com\/index.php\/2019\/03\/15\/spaetsommerhochzeit-in-altlengbach\/wedding-da-16\/\" data-orig-file=\"https:\/\/i0.wp.com\/lisatroeber-photography.com\/wp-content\/uploads\/2019\/03\/wedding-da-16.jpg?fit=1000%2C667\" data-orig-size=\"1000,667\" data-comments-opened=\"0\" data-image-meta=\"{&quot;aperture&quot;:&quot;2&quot;,&quot;credit&quot;:&quot;&quot;,&quot;camera&quot;:&quot;Canon EOS 5D Mark IV&quot;,&quot;caption&quot;:&quot;&quot;,&quot;created_timestamp&quot;:&quot;1535210385&quot;,&quot;copyright&quot;:&quot;&quot;,&quot;focal_length&quot;:&quot;50&quot;,&quot;iso&quot;:&quot;100&quot;,&quot;shutter_speed&quot;:&quot;0.01&quot;,&quot;title&quot;:&quot;&quot;,&quot;orientation&quot;:&quot;0&quot;}\" data-image-title=\"wedding-da-16\" data-image-description=\"\" data-image-caption=\"\" data-medium-file=\"https:\/\/i0.wp.com\/lisatroeber-photography.com\/wp-content\/uploads\/2019\/03\/wedding-da-16.jpg?fit=300%2C200\" data-large-file=\"https:\/\/i0.wp.com\/lisatroeber-photography.com\/wp-content\/uploads\/2019\/03\/wedding-da-16.jpg?fit=1000%2C667\" data-attachment-id=\"3203\" data-permalink=\"http:\/\/lisatroeber-photography.com\/index.php\/2019\/03\/15\/spaetsommerhochzeit-in-altlengbach\/wedding-da-16\/\" data-orig-file=\"https:\/\/i0.wp.com\/lisatroeber-photography.com\/wp-content\/uploads\/2019\/03\/wedding-da-16.jpg?fit=1000%2C667\" data-orig-size=\"1000,667\" data-comments-opened=\"0\" data-image-meta=\"{&quot;aperture&quot;:&quot;2&quot;,&quot;credit&quot;:&quot;&quot;,&quot;camera&quot;:&quot;Canon EOS 5D Mark IV&quot;,&quot;caption&quot;:&quot;&quot;,&quot;created_timestamp&quot;:&quot;1535210385&quot;,&quot;copyright&quot;:&quot;&quot;,&quot;focal_length&quot;:&quot;50&quot;,&quot;iso&quot;:&quot;100&quot;,&quot;shutter_speed&quot;:&quot;0.01&quot;,&quot;title&quot;:&quot;&quot;,&quot;orientation&quot;:&quot;0&quot;}\" data-image-title=\"wedding-da-16\" data-image-description=\"\" data-image-caption=\"\" data-medium-file=\"https:\/\/i0.wp.com\/lisatroeber-photography.com\/wp-content\/uploads\/2019\/03\/wedding-da-16.jpg?fit=300%2C200\" data-large-file=\"https:\/\/i0.wp.com\/lisatroeber-photography.com\/wp-content\/uploads\/2019\/03\/wedding-da-16.jpg?fit=1000%2C667\" srcset=\"https:\/\/i1.wp.com\/lisatroeber-photography.com\/wp-content\/uploads\/2019\/03\/wedding-da-16.jpg?strip=info&#038;w=600 600w,https:\/\/i1.wp.com\/lisatroeber-photography.com\/wp-content\/uploads\/2019\/03\/wedding-da-16.jpg?strip=info&#038;w=900 900w,https:\/\/i1.wp.com\/lisatroeber-photography.com\/wp-content\/uploads\/2019\/03\/wedding-da-16.jpg?strip=info&#038;w=1000 1000w\" alt=\"\" data-height=\"667\" data-id=\"3203\" data-link=\"http:\/\/lisatroeber-photography.com\/index.php\/2019\/03\/15\/spaetsommerhochzeit-in-altlengbach\/wedding-da-16\/\" data-url=\"http:\/\/lisatroeber-photography.com\/wp-content\/uploads\/2019\/03\/wedding-da-16.jpg\" data-width=\"1000\" src=\"https:\/\/i1.wp.com\/lisatroeber-photography.com\/wp-content\/uploads\/2019\/03\/wedding-da-16.jpg\"\/><\/figure><\/div><div class=\"tiled-gallery__col\"><figure class=\"tiled-gallery__item\"><img decoding=\"async\" data-attachment-id=\"3204\" data-permalink=\"http:\/\/lisatroeber-photography.com\/index.php\/2019\/03\/15\/spaetsommerhochzeit-in-altlengbach\/wedding-da-17\/\" data-orig-file=\"https:\/\/i0.wp.com\/lisatroeber-photography.com\/wp-content\/uploads\/2019\/03\/wedding-da-17.jpg?fit=667%2C1000\" data-orig-size=\"667,1000\" data-comments-opened=\"0\" data-image-meta=\"{&quot;aperture&quot;:&quot;2&quot;,&quot;credit&quot;:&quot;&quot;,&quot;camera&quot;:&quot;Canon EOS 5D Mark IV&quot;,&quot;caption&quot;:&quot;&quot;,&quot;created_timestamp&quot;:&quot;1535210467&quot;,&quot;copyright&quot;:&quot;&quot;,&quot;focal_length&quot;:&quot;50&quot;,&quot;iso&quot;:&quot;250&quot;,&quot;shutter_speed&quot;:&quot;0.01&quot;,&quot;title&quot;:&quot;&quot;,&quot;orientation&quot;:&quot;0&quot;}\" data-image-title=\"wedding-da-17\" data-image-description=\"\" data-image-caption=\"\" data-medium-file=\"https:\/\/i0.wp.com\/lisatroeber-photography.com\/wp-content\/uploads\/2019\/03\/wedding-da-17.jpg?fit=200%2C300\" data-large-file=\"https:\/\/i0.wp.com\/lisatroeber-photography.com\/wp-content\/uploads\/2019\/03\/wedding-da-17.jpg?fit=667%2C1000\" data-attachment-id=\"3204\" data-permalink=\"http:\/\/lisatroeber-photography.com\/index.php\/2019\/03\/15\/spaetsommerhochzeit-in-altlengbach\/wedding-da-17\/\" data-orig-file=\"https:\/\/i0.wp.com\/lisatroeber-photography.com\/wp-content\/uploads\/2019\/03\/wedding-da-17.jpg?fit=667%2C1000\" data-orig-size=\"667,1000\" data-comments-opened=\"0\" data-image-meta=\"{&quot;aperture&quot;:&quot;2&quot;,&quot;credit&quot;:&quot;&quot;,&quot;camera&quot;:&quot;Canon EOS 5D Mark IV&quot;,&quot;caption&quot;:&quot;&quot;,&quot;created_timestamp&quot;:&quot;1535210467&quot;,&quot;copyright&quot;:&quot;&quot;,&quot;focal_length&quot;:&quot;50&quot;,&quot;iso&quot;:&quot;250&quot;,&quot;shutter_speed&quot;:&quot;0.01&quot;,&quot;title&quot;:&quot;&quot;,&quot;orientation&quot;:&quot;0&quot;}\" data-image-title=\"wedding-da-17\" data-image-description=\"\" data-image-caption=\"\" data-medium-file=\"https:\/\/i0.wp.com\/lisatroeber-photography.com\/wp-content\/uploads\/2019\/03\/wedding-da-17.jpg?fit=200%2C300\" data-large-file=\"https:\/\/i0.wp.com\/lisatroeber-photography.com\/wp-content\/uploads\/2019\/03\/wedding-da-17.jpg?fit=667%2C1000\" srcset=\"https:\/\/i1.wp.com\/lisatroeber-photography.com\/wp-content\/uploads\/2019\/03\/wedding-da-17.jpg?strip=info&#038;w=600 600w,https:\/\/i1.wp.com\/lisatroeber-photography.com\/wp-content\/uploads\/2019\/03\/wedding-da-17.jpg?strip=info&#038;w=667 667w\" alt=\"\" data-height=\"1000\" data-id=\"3204\" data-link=\"http:\/\/lisatroeber-photography.com\/index.php\/2019\/03\/15\/spaetsommerhochzeit-in-altlengbach\/wedding-da-17\/\" data-url=\"http:\/\/lisatroeber-photography.com\/wp-content\/uploads\/2019\/03\/wedding-da-17.jpg\" data-width=\"667\" src=\"https:\/\/i1.wp.com\/lisatroeber-photography.com\/wp-content\/uploads\/2019\/03\/wedding-da-17.jpg\"\/><\/figure><\/div><\/div><div class=\"tiled-gallery__row\"><div class=\"tiled-gallery__col\"><figure class=\"tiled-gallery__item\"><img decoding=\"async\" data-attachment-id=\"3205\" data-permalink=\"http:\/\/lisatroeber-photography.com\/index.php\/2019\/03\/15\/spaetsommerhochzeit-in-altlengbach\/wedding-da-18\/\" data-orig-file=\"https:\/\/i0.wp.com\/lisatroeber-photography.com\/wp-content\/uploads\/2019\/03\/wedding-da-18.jpg?fit=1000%2C667\" data-orig-size=\"1000,667\" data-comments-opened=\"0\" data-image-meta=\"{&quot;aperture&quot;:&quot;2&quot;,&quot;credit&quot;:&quot;&quot;,&quot;camera&quot;:&quot;Canon EOS 5D Mark IV&quot;,&quot;caption&quot;:&quot;&quot;,&quot;created_timestamp&quot;:&quot;1535210593&quot;,&quot;copyright&quot;:&quot;&quot;,&quot;focal_length&quot;:&quot;50&quot;,&quot;iso&quot;:&quot;250&quot;,&quot;shutter_speed&quot;:&quot;0.01&quot;,&quot;title&quot;:&quot;&quot;,&quot;orientation&quot;:&quot;0&quot;}\" data-image-title=\"wedding-da-18\" data-image-description=\"\" data-image-caption=\"\" data-medium-file=\"https:\/\/i0.wp.com\/lisatroeber-photography.com\/wp-content\/uploads\/2019\/03\/wedding-da-18.jpg?fit=300%2C200\" data-large-file=\"https:\/\/i0.wp.com\/lisatroeber-photography.com\/wp-content\/uploads\/2019\/03\/wedding-da-18.jpg?fit=1000%2C667\" data-attachment-id=\"3205\" data-permalink=\"http:\/\/lisatroeber-photography.com\/index.php\/2019\/03\/15\/spaetsommerhochzeit-in-altlengbach\/wedding-da-18\/\" data-orig-file=\"https:\/\/i0.wp.com\/lisatroeber-photography.com\/wp-content\/uploads\/2019\/03\/wedding-da-18.jpg?fit=1000%2C667\" data-orig-size=\"1000,667\" data-comments-opened=\"0\" data-image-meta=\"{&quot;aperture&quot;:&quot;2&quot;,&quot;credit&quot;:&quot;&quot;,&quot;camera&quot;:&quot;Canon EOS 5D Mark IV&quot;,&quot;caption&quot;:&quot;&quot;,&quot;created_timestamp&quot;:&quot;1535210593&quot;,&quot;copyright&quot;:&quot;&quot;,&quot;focal_length&quot;:&quot;50&quot;,&quot;iso&quot;:&quot;250&quot;,&quot;shutter_speed&quot;:&quot;0.01&quot;,&quot;title&quot;:&quot;&quot;,&quot;orientation&quot;:&quot;0&quot;}\" data-image-title=\"wedding-da-18\" data-image-description=\"\" data-image-caption=\"\" data-medium-file=\"https:\/\/i0.wp.com\/lisatroeber-photography.com\/wp-content\/uploads\/2019\/03\/wedding-da-18.jpg?fit=300%2C200\" data-large-file=\"https:\/\/i0.wp.com\/lisatroeber-photography.com\/wp-content\/uploads\/2019\/03\/wedding-da-18.jpg?fit=1000%2C667\" srcset=\"https:\/\/i2.wp.com\/lisatroeber-photography.com\/wp-content\/uploads\/2019\/03\/wedding-da-18.jpg?strip=info&#038;w=600 600w,https:\/\/i2.wp.com\/lisatroeber-photography.com\/wp-content\/uploads\/2019\/03\/wedding-da-18.jpg?strip=info&#038;w=900 900w,https:\/\/i2.wp.com\/lisatroeber-photography.com\/wp-content\/uploads\/2019\/03\/wedding-da-18.jpg?strip=info&#038;w=1000 1000w\" alt=\"\" data-height=\"667\" data-id=\"3205\" data-link=\"http:\/\/lisatroeber-photography.com\/index.php\/2019\/03\/15\/spaetsommerhochzeit-in-altlengbach\/wedding-da-18\/\" data-url=\"http:\/\/lisatroeber-photography.com\/wp-content\/uploads\/2019\/03\/wedding-da-18.jpg\" data-width=\"1000\" src=\"https:\/\/i2.wp.com\/lisatroeber-photography.com\/wp-content\/uploads\/2019\/03\/wedding-da-18.jpg\"\/><\/figure><\/div><div class=\"tiled-gallery__col\"><figure class=\"tiled-gallery__item\"><img decoding=\"async\" data-attachment-id=\"3206\" data-permalink=\"http:\/\/lisatroeber-photography.com\/index.php\/2019\/03\/15\/spaetsommerhochzeit-in-altlengbach\/wedding-da-19\/\" data-orig-file=\"https:\/\/i0.wp.com\/lisatroeber-photography.com\/wp-content\/uploads\/2019\/03\/wedding-da-19.jpg?fit=667%2C1000\" data-orig-size=\"667,1000\" data-comments-opened=\"0\" data-image-meta=\"{&quot;aperture&quot;:&quot;2.5&quot;,&quot;credit&quot;:&quot;&quot;,&quot;camera&quot;:&quot;Canon EOS 5D Mark IV&quot;,&quot;caption&quot;:&quot;&quot;,&quot;created_timestamp&quot;:&quot;1535211296&quot;,&quot;copyright&quot;:&quot;&quot;,&quot;focal_length&quot;:&quot;50&quot;,&quot;iso&quot;:&quot;100&quot;,&quot;shutter_speed&quot;:&quot;0.003125&quot;,&quot;title&quot;:&quot;&quot;,&quot;orientation&quot;:&quot;0&quot;}\" data-image-title=\"wedding-da-19\" data-image-description=\"\" data-image-caption=\"\" data-medium-file=\"https:\/\/i0.wp.com\/lisatroeber-photography.com\/wp-content\/uploads\/2019\/03\/wedding-da-19.jpg?fit=200%2C300\" data-large-file=\"https:\/\/i0.wp.com\/lisatroeber-photography.com\/wp-content\/uploads\/2019\/03\/wedding-da-19.jpg?fit=667%2C1000\" data-attachment-id=\"3206\" data-permalink=\"http:\/\/lisatroeber-photography.com\/index.php\/2019\/03\/15\/spaetsommerhochzeit-in-altlengbach\/wedding-da-19\/\" data-orig-file=\"https:\/\/i0.wp.com\/lisatroeber-photography.com\/wp-content\/uploads\/2019\/03\/wedding-da-19.jpg?fit=667%2C1000\" data-orig-size=\"667,1000\" data-comments-opened=\"0\" data-image-meta=\"{&quot;aperture&quot;:&quot;2.5&quot;,&quot;credit&quot;:&quot;&quot;,&quot;camera&quot;:&quot;Canon EOS 5D Mark IV&quot;,&quot;caption&quot;:&quot;&quot;,&quot;created_timestamp&quot;:&quot;1535211296&quot;,&quot;copyright&quot;:&quot;&quot;,&quot;focal_length&quot;:&quot;50&quot;,&quot;iso&quot;:&quot;100&quot;,&quot;shutter_speed&quot;:&quot;0.003125&quot;,&quot;title&quot;:&quot;&quot;,&quot;orientation&quot;:&quot;0&quot;}\" data-image-title=\"wedding-da-19\" data-image-description=\"\" data-image-caption=\"\" data-medium-file=\"https:\/\/i0.wp.com\/lisatroeber-photography.com\/wp-content\/uploads\/2019\/03\/wedding-da-19.jpg?fit=200%2C300\" data-large-file=\"https:\/\/i0.wp.com\/lisatroeber-photography.com\/wp-content\/uploads\/2019\/03\/wedding-da-19.jpg?fit=667%2C1000\" srcset=\"https:\/\/i2.wp.com\/lisatroeber-photography.com\/wp-content\/uploads\/2019\/03\/wedding-da-19.jpg?strip=info&#038;w=600 600w,https:\/\/i2.wp.com\/lisatroeber-photography.com\/wp-content\/uploads\/2019\/03\/wedding-da-19.jpg?strip=info&#038;w=667 667w\" alt=\"\" data-height=\"1000\" data-id=\"3206\" data-link=\"http:\/\/lisatroeber-photography.com\/index.php\/2019\/03\/15\/spaetsommerhochzeit-in-altlengbach\/wedding-da-19\/\" data-url=\"http:\/\/lisatroeber-photography.com\/wp-content\/uploads\/2019\/03\/wedding-da-19.jpg\" data-width=\"667\" src=\"https:\/\/i2.wp.com\/lisatroeber-photography.com\/wp-content\/uploads\/2019\/03\/wedding-da-19.jpg\"\/><\/figure><\/div><\/div><div class=\"tiled-gallery__row\"><div class=\"tiled-gallery__col\"><figure class=\"tiled-gallery__item\"><img decoding=\"async\" data-attachment-id=\"3207\" data-permalink=\"http:\/\/lisatroeber-photography.com\/index.php\/2019\/03\/15\/spaetsommerhochzeit-in-altlengbach\/wedding-da-20\/\" data-orig-file=\"https:\/\/i0.wp.com\/lisatroeber-photography.com\/wp-content\/uploads\/2019\/03\/wedding-da-20.jpg?fit=667%2C1000\" data-orig-size=\"667,1000\" data-comments-opened=\"0\" data-image-meta=\"{&quot;aperture&quot;:&quot;2.5&quot;,&quot;credit&quot;:&quot;&quot;,&quot;camera&quot;:&quot;Canon EOS 5D Mark IV&quot;,&quot;caption&quot;:&quot;&quot;,&quot;created_timestamp&quot;:&quot;1535211335&quot;,&quot;copyright&quot;:&quot;&quot;,&quot;focal_length&quot;:&quot;50&quot;,&quot;iso&quot;:&quot;100&quot;,&quot;shutter_speed&quot;:&quot;0.003125&quot;,&quot;title&quot;:&quot;&quot;,&quot;orientation&quot;:&quot;0&quot;}\" data-image-title=\"wedding-da-20\" data-image-description=\"\" data-image-caption=\"\" data-medium-file=\"https:\/\/i0.wp.com\/lisatroeber-photography.com\/wp-content\/uploads\/2019\/03\/wedding-da-20.jpg?fit=200%2C300\" data-large-file=\"https:\/\/i0.wp.com\/lisatroeber-photography.com\/wp-content\/uploads\/2019\/03\/wedding-da-20.jpg?fit=667%2C1000\" data-attachment-id=\"3207\" data-permalink=\"http:\/\/lisatroeber-photography.com\/index.php\/2019\/03\/15\/spaetsommerhochzeit-in-altlengbach\/wedding-da-20\/\" data-orig-file=\"https:\/\/i0.wp.com\/lisatroeber-photography.com\/wp-content\/uploads\/2019\/03\/wedding-da-20.jpg?fit=667%2C1000\" data-orig-size=\"667,1000\" data-comments-opened=\"0\" data-image-meta=\"{&quot;aperture&quot;:&quot;2.5&quot;,&quot;credit&quot;:&quot;&quot;,&quot;camera&quot;:&quot;Canon EOS 5D Mark IV&quot;,&quot;caption&quot;:&quot;&quot;,&quot;created_timestamp&quot;:&quot;1535211335&quot;,&quot;copyright&quot;:&quot;&quot;,&quot;focal_length&quot;:&quot;50&quot;,&quot;iso&quot;:&quot;100&quot;,&quot;shutter_speed&quot;:&quot;0.003125&quot;,&quot;title&quot;:&quot;&quot;,&quot;orientation&quot;:&quot;0&quot;}\" data-image-title=\"wedding-da-20\" data-image-description=\"\" data-image-caption=\"\" data-medium-file=\"https:\/\/i0.wp.com\/lisatroeber-photography.com\/wp-content\/uploads\/2019\/03\/wedding-da-20.jpg?fit=200%2C300\" data-large-file=\"https:\/\/i0.wp.com\/lisatroeber-photography.com\/wp-content\/uploads\/2019\/03\/wedding-da-20.jpg?fit=667%2C1000\" srcset=\"https:\/\/i1.wp.com\/lisatroeber-photography.com\/wp-content\/uploads\/2019\/03\/wedding-da-20.jpg?strip=info&#038;w=600 600w,https:\/\/i1.wp.com\/lisatroeber-photography.com\/wp-content\/uploads\/2019\/03\/wedding-da-20.jpg?strip=info&#038;w=667 667w\" alt=\"\" data-height=\"1000\" data-id=\"3207\" data-link=\"http:\/\/lisatroeber-photography.com\/index.php\/2019\/03\/15\/spaetsommerhochzeit-in-altlengbach\/wedding-da-20\/\" data-url=\"http:\/\/lisatroeber-photography.com\/wp-content\/uploads\/2019\/03\/wedding-da-20.jpg\" data-width=\"667\" src=\"https:\/\/i1.wp.com\/lisatroeber-photography.com\/wp-content\/uploads\/2019\/03\/wedding-da-20.jpg\"\/><\/figure><\/div><div class=\"tiled-gallery__col\"><figure class=\"tiled-gallery__item\"><img decoding=\"async\" data-attachment-id=\"3208\" data-permalink=\"http:\/\/lisatroeber-photography.com\/index.php\/2019\/03\/15\/spaetsommerhochzeit-in-altlengbach\/wedding-da-21\/\" data-orig-file=\"https:\/\/i0.wp.com\/lisatroeber-photography.com\/wp-content\/uploads\/2019\/03\/wedding-da-21.jpg?fit=667%2C1000\" data-orig-size=\"667,1000\" data-comments-opened=\"0\" data-image-meta=\"{&quot;aperture&quot;:&quot;2.5&quot;,&quot;credit&quot;:&quot;&quot;,&quot;camera&quot;:&quot;Canon EOS 5D Mark IV&quot;,&quot;caption&quot;:&quot;&quot;,&quot;created_timestamp&quot;:&quot;1535211497&quot;,&quot;copyright&quot;:&quot;&quot;,&quot;focal_length&quot;:&quot;50&quot;,&quot;iso&quot;:&quot;100&quot;,&quot;shutter_speed&quot;:&quot;0.00625&quot;,&quot;title&quot;:&quot;&quot;,&quot;orientation&quot;:&quot;0&quot;}\" data-image-title=\"wedding-da-21\" data-image-description=\"\" data-image-caption=\"\" data-medium-file=\"https:\/\/i0.wp.com\/lisatroeber-photography.com\/wp-content\/uploads\/2019\/03\/wedding-da-21.jpg?fit=200%2C300\" data-large-file=\"https:\/\/i0.wp.com\/lisatroeber-photography.com\/wp-content\/uploads\/2019\/03\/wedding-da-21.jpg?fit=667%2C1000\" data-attachment-id=\"3208\" data-permalink=\"http:\/\/lisatroeber-photography.com\/index.php\/2019\/03\/15\/spaetsommerhochzeit-in-altlengbach\/wedding-da-21\/\" data-orig-file=\"https:\/\/i0.wp.com\/lisatroeber-photography.com\/wp-content\/uploads\/2019\/03\/wedding-da-21.jpg?fit=667%2C1000\" data-orig-size=\"667,1000\" data-comments-opened=\"0\" data-image-meta=\"{&quot;aperture&quot;:&quot;2.5&quot;,&quot;credit&quot;:&quot;&quot;,&quot;camera&quot;:&quot;Canon EOS 5D Mark IV&quot;,&quot;caption&quot;:&quot;&quot;,&quot;created_timestamp&quot;:&quot;1535211497&quot;,&quot;copyright&quot;:&quot;&quot;,&quot;focal_length&quot;:&quot;50&quot;,&quot;iso&quot;:&quot;100&quot;,&quot;shutter_speed&quot;:&quot;0.00625&quot;,&quot;title&quot;:&quot;&quot;,&quot;orientation&quot;:&quot;0&quot;}\" data-image-title=\"wedding-da-21\" data-image-description=\"\" data-image-caption=\"\" data-medium-file=\"https:\/\/i0.wp.com\/lisatroeber-photography.com\/wp-content\/uploads\/2019\/03\/wedding-da-21.jpg?fit=200%2C300\" data-large-file=\"https:\/\/i0.wp.com\/lisatroeber-photography.com\/wp-content\/uploads\/2019\/03\/wedding-da-21.jpg?fit=667%2C1000\" srcset=\"https:\/\/i0.wp.com\/lisatroeber-photography.com\/wp-content\/uploads\/2019\/03\/wedding-da-21.jpg?strip=info&#038;w=600 600w,https:\/\/i0.wp.com\/lisatroeber-photography.com\/wp-content\/uploads\/2019\/03\/wedding-da-21.jpg?strip=info&#038;w=667 667w\" alt=\"\" data-height=\"1000\" data-id=\"3208\" data-link=\"http:\/\/lisatroeber-photography.com\/index.php\/2019\/03\/15\/spaetsommerhochzeit-in-altlengbach\/wedding-da-21\/\" data-url=\"http:\/\/lisatroeber-photography.com\/wp-content\/uploads\/2019\/03\/wedding-da-21.jpg\" data-width=\"667\" src=\"https:\/\/i0.wp.com\/lisatroeber-photography.com\/wp-content\/uploads\/2019\/03\/wedding-da-21.jpg\"\/><\/figure><\/div><div class=\"tiled-gallery__col\"><figure class=\"tiled-gallery__item\"><img decoding=\"async\" data-attachment-id=\"3209\" data-permalink=\"http:\/\/lisatroeber-photography.com\/index.php\/2019\/03\/15\/spaetsommerhochzeit-in-altlengbach\/wedding-da-22\/\" data-orig-file=\"https:\/\/i0.wp.com\/lisatroeber-photography.com\/wp-content\/uploads\/2019\/03\/wedding-da-22.jpg?fit=667%2C1000\" data-orig-size=\"667,1000\" data-comments-opened=\"0\" data-image-meta=\"{&quot;aperture&quot;:&quot;2&quot;,&quot;credit&quot;:&quot;&quot;,&quot;camera&quot;:&quot;Canon EOS 5D Mark IV&quot;,&quot;caption&quot;:&quot;&quot;,&quot;created_timestamp&quot;:&quot;1535211869&quot;,&quot;copyright&quot;:&quot;&quot;,&quot;focal_length&quot;:&quot;50&quot;,&quot;iso&quot;:&quot;100&quot;,&quot;shutter_speed&quot;:&quot;0.005&quot;,&quot;title&quot;:&quot;&quot;,&quot;orientation&quot;:&quot;0&quot;}\" data-image-title=\"wedding-da-22\" data-image-description=\"\" data-image-caption=\"\" data-medium-file=\"https:\/\/i0.wp.com\/lisatroeber-photography.com\/wp-content\/uploads\/2019\/03\/wedding-da-22.jpg?fit=200%2C300\" data-large-file=\"https:\/\/i0.wp.com\/lisatroeber-photography.com\/wp-content\/uploads\/2019\/03\/wedding-da-22.jpg?fit=667%2C1000\" data-attachment-id=\"3209\" data-permalink=\"http:\/\/lisatroeber-photography.com\/index.php\/2019\/03\/15\/spaetsommerhochzeit-in-altlengbach\/wedding-da-22\/\" data-orig-file=\"https:\/\/i0.wp.com\/lisatroeber-photography.com\/wp-content\/uploads\/2019\/03\/wedding-da-22.jpg?fit=667%2C1000\" data-orig-size=\"667,1000\" data-comments-opened=\"0\" data-image-meta=\"{&quot;aperture&quot;:&quot;2&quot;,&quot;credit&quot;:&quot;&quot;,&quot;camera&quot;:&quot;Canon EOS 5D Mark IV&quot;,&quot;caption&quot;:&quot;&quot;,&quot;created_timestamp&quot;:&quot;1535211869&quot;,&quot;copyright&quot;:&quot;&quot;,&quot;focal_length&quot;:&quot;50&quot;,&quot;iso&quot;:&quot;100&quot;,&quot;shutter_speed&quot;:&quot;0.005&quot;,&quot;title&quot;:&quot;&quot;,&quot;orientation&quot;:&quot;0&quot;}\" data-image-title=\"wedding-da-22\" data-image-description=\"\" data-image-caption=\"\" data-medium-file=\"https:\/\/i0.wp.com\/lisatroeber-photography.com\/wp-content\/uploads\/2019\/03\/wedding-da-22.jpg?fit=200%2C300\" data-large-file=\"https:\/\/i0.wp.com\/lisatroeber-photography.com\/wp-content\/uploads\/2019\/03\/wedding-da-22.jpg?fit=667%2C1000\" srcset=\"https:\/\/i0.wp.com\/lisatroeber-photography.com\/wp-content\/uploads\/2019\/03\/wedding-da-22.jpg?strip=info&#038;w=600 600w,https:\/\/i0.wp.com\/lisatroeber-photography.com\/wp-content\/uploads\/2019\/03\/wedding-da-22.jpg?strip=info&#038;w=667 667w\" alt=\"\" data-height=\"1000\" data-id=\"3209\" data-link=\"http:\/\/lisatroeber-photography.com\/index.php\/2019\/03\/15\/spaetsommerhochzeit-in-altlengbach\/wedding-da-22\/\" data-url=\"http:\/\/lisatroeber-photography.com\/wp-content\/uploads\/2019\/03\/wedding-da-22.jpg\" data-width=\"667\" src=\"https:\/\/i0.wp.com\/lisatroeber-photography.com\/wp-content\/uploads\/2019\/03\/wedding-da-22.jpg\"\/><\/figure><\/div><div class=\"tiled-gallery__col\"><figure class=\"tiled-gallery__item\"><img decoding=\"async\" data-attachment-id=\"3210\" data-permalink=\"http:\/\/lisatroeber-photography.com\/index.php\/2019\/03\/15\/spaetsommerhochzeit-in-altlengbach\/wedding-da-23\/\" data-orig-file=\"https:\/\/i0.wp.com\/lisatroeber-photography.com\/wp-content\/uploads\/2019\/03\/wedding-da-23.jpg?fit=667%2C1000\" data-orig-size=\"667,1000\" data-comments-opened=\"0\" data-image-meta=\"{&quot;aperture&quot;:&quot;2&quot;,&quot;credit&quot;:&quot;&quot;,&quot;camera&quot;:&quot;Canon EOS 5D Mark IV&quot;,&quot;caption&quot;:&quot;&quot;,&quot;created_timestamp&quot;:&quot;1535211947&quot;,&quot;copyright&quot;:&quot;&quot;,&quot;focal_length&quot;:&quot;50&quot;,&quot;iso&quot;:&quot;100&quot;,&quot;shutter_speed&quot;:&quot;0.00625&quot;,&quot;title&quot;:&quot;&quot;,&quot;orientation&quot;:&quot;0&quot;}\" data-image-title=\"wedding-da-23\" data-image-description=\"\" data-image-caption=\"\" data-medium-file=\"https:\/\/i0.wp.com\/lisatroeber-photography.com\/wp-content\/uploads\/2019\/03\/wedding-da-23.jpg?fit=200%2C300\" data-large-file=\"https:\/\/i0.wp.com\/lisatroeber-photography.com\/wp-content\/uploads\/2019\/03\/wedding-da-23.jpg?fit=667%2C1000\" data-attachment-id=\"3210\" data-permalink=\"http:\/\/lisatroeber-photography.com\/index.php\/2019\/03\/15\/spaetsommerhochzeit-in-altlengbach\/wedding-da-23\/\" data-orig-file=\"https:\/\/i0.wp.com\/lisatroeber-photography.com\/wp-content\/uploads\/2019\/03\/wedding-da-23.jpg?fit=667%2C1000\" data-orig-size=\"667,1000\" data-comments-opened=\"0\" data-image-meta=\"{&quot;aperture&quot;:&quot;2&quot;,&quot;credit&quot;:&quot;&quot;,&quot;camera&quot;:&quot;Canon EOS 5D Mark IV&quot;,&quot;caption&quot;:&quot;&quot;,&quot;created_timestamp&quot;:&quot;1535211947&quot;,&quot;copyright&quot;:&quot;&quot;,&quot;focal_length&quot;:&quot;50&quot;,&quot;iso&quot;:&quot;100&quot;,&quot;shutter_speed&quot;:&quot;0.00625&quot;,&quot;title&quot;:&quot;&quot;,&quot;orientation&quot;:&quot;0&quot;}\" data-image-title=\"wedding-da-23\" data-image-description=\"\" data-image-caption=\"\" data-medium-file=\"https:\/\/i0.wp.com\/lisatroeber-photography.com\/wp-content\/uploads\/2019\/03\/wedding-da-23.jpg?fit=200%2C300\" data-large-file=\"https:\/\/i0.wp.com\/lisatroeber-photography.com\/wp-content\/uploads\/2019\/03\/wedding-da-23.jpg?fit=667%2C1000\" srcset=\"https:\/\/i2.wp.com\/lisatroeber-photography.com\/wp-content\/uploads\/2019\/03\/wedding-da-23.jpg?strip=info&#038;w=600 600w,https:\/\/i2.wp.com\/lisatroeber-photography.com\/wp-content\/uploads\/2019\/03\/wedding-da-23.jpg?strip=info&#038;w=667 667w\" alt=\"\" data-height=\"1000\" data-id=\"3210\" data-link=\"http:\/\/lisatroeber-photography.com\/index.php\/2019\/03\/15\/spaetsommerhochzeit-in-altlengbach\/wedding-da-23\/\" data-url=\"http:\/\/lisatroeber-photography.com\/wp-content\/uploads\/2019\/03\/wedding-da-23.jpg\" data-width=\"667\" src=\"https:\/\/i2.wp.com\/lisatroeber-photography.com\/wp-content\/uploads\/2019\/03\/wedding-da-23.jpg\"\/><\/figure><\/div><\/div><div class=\"tiled-gallery__row\"><div class=\"tiled-gallery__col\"><figure class=\"tiled-gallery__item\"><img decoding=\"async\" data-attachment-id=\"3211\" data-permalink=\"http:\/\/lisatroeber-photography.com\/index.php\/2019\/03\/15\/spaetsommerhochzeit-in-altlengbach\/wedding-da-24\/\" data-orig-file=\"https:\/\/i0.wp.com\/lisatroeber-photography.com\/wp-content\/uploads\/2019\/03\/wedding-da-24.jpg?fit=667%2C1000\" data-orig-size=\"667,1000\" data-comments-opened=\"0\" data-image-meta=\"{&quot;aperture&quot;:&quot;2&quot;,&quot;credit&quot;:&quot;&quot;,&quot;camera&quot;:&quot;Canon EOS 5D Mark IV&quot;,&quot;caption&quot;:&quot;&quot;,&quot;created_timestamp&quot;:&quot;1535211962&quot;,&quot;copyright&quot;:&quot;&quot;,&quot;focal_length&quot;:&quot;50&quot;,&quot;iso&quot;:&quot;100&quot;,&quot;shutter_speed&quot;:&quot;0.00625&quot;,&quot;title&quot;:&quot;&quot;,&quot;orientation&quot;:&quot;0&quot;}\" data-image-title=\"wedding-da-24\" data-image-description=\"\" data-image-caption=\"\" data-medium-file=\"https:\/\/i0.wp.com\/lisatroeber-photography.com\/wp-content\/uploads\/2019\/03\/wedding-da-24.jpg?fit=200%2C300\" data-large-file=\"https:\/\/i0.wp.com\/lisatroeber-photography.com\/wp-content\/uploads\/2019\/03\/wedding-da-24.jpg?fit=667%2C1000\" data-attachment-id=\"3211\" data-permalink=\"http:\/\/lisatroeber-photography.com\/index.php\/2019\/03\/15\/spaetsommerhochzeit-in-altlengbach\/wedding-da-24\/\" data-orig-file=\"https:\/\/i0.wp.com\/lisatroeber-photography.com\/wp-content\/uploads\/2019\/03\/wedding-da-24.jpg?fit=667%2C1000\" data-orig-size=\"667,1000\" data-comments-opened=\"0\" data-image-meta=\"{&quot;aperture&quot;:&quot;2&quot;,&quot;credit&quot;:&quot;&quot;,&quot;camera&quot;:&quot;Canon EOS 5D Mark IV&quot;,&quot;caption&quot;:&quot;&quot;,&quot;created_timestamp&quot;:&quot;1535211962&quot;,&quot;copyright&quot;:&quot;&quot;,&quot;focal_length&quot;:&quot;50&quot;,&quot;iso&quot;:&quot;100&quot;,&quot;shutter_speed&quot;:&quot;0.00625&quot;,&quot;title&quot;:&quot;&quot;,&quot;orientation&quot;:&quot;0&quot;}\" data-image-title=\"wedding-da-24\" data-image-description=\"\" data-image-caption=\"\" data-medium-file=\"https:\/\/i0.wp.com\/lisatroeber-photography.com\/wp-content\/uploads\/2019\/03\/wedding-da-24.jpg?fit=200%2C300\" data-large-file=\"https:\/\/i0.wp.com\/lisatroeber-photography.com\/wp-content\/uploads\/2019\/03\/wedding-da-24.jpg?fit=667%2C1000\" srcset=\"https:\/\/i1.wp.com\/lisatroeber-photography.com\/wp-content\/uploads\/2019\/03\/wedding-da-24.jpg?strip=info&#038;w=600 600w,https:\/\/i1.wp.com\/lisatroeber-photography.com\/wp-content\/uploads\/2019\/03\/wedding-da-24.jpg?strip=info&#038;w=667 667w\" alt=\"\" data-height=\"1000\" data-id=\"3211\" data-link=\"http:\/\/lisatroeber-photography.com\/index.php\/2019\/03\/15\/spaetsommerhochzeit-in-altlengbach\/wedding-da-24\/\" data-url=\"http:\/\/lisatroeber-photography.com\/wp-content\/uploads\/2019\/03\/wedding-da-24.jpg\" data-width=\"667\" src=\"https:\/\/i1.wp.com\/lisatroeber-photography.com\/wp-content\/uploads\/2019\/03\/wedding-da-24.jpg\"\/><\/figure><\/div><div class=\"tiled-gallery__col\"><figure class=\"tiled-gallery__item\"><img decoding=\"async\" data-attachment-id=\"3212\" data-permalink=\"http:\/\/lisatroeber-photography.com\/index.php\/2019\/03\/15\/spaetsommerhochzeit-in-altlengbach\/wedding-da-25\/\" data-orig-file=\"https:\/\/i0.wp.com\/lisatroeber-photography.com\/wp-content\/uploads\/2019\/03\/wedding-da-25.jpg?fit=667%2C1000\" data-orig-size=\"667,1000\" data-comments-opened=\"0\" data-image-meta=\"{&quot;aperture&quot;:&quot;2&quot;,&quot;credit&quot;:&quot;&quot;,&quot;camera&quot;:&quot;Canon EOS 5D Mark IV&quot;,&quot;caption&quot;:&quot;&quot;,&quot;created_timestamp&quot;:&quot;1535212055&quot;,&quot;copyright&quot;:&quot;&quot;,&quot;focal_length&quot;:&quot;50&quot;,&quot;iso&quot;:&quot;100&quot;,&quot;shutter_speed&quot;:&quot;0.00625&quot;,&quot;title&quot;:&quot;&quot;,&quot;orientation&quot;:&quot;0&quot;}\" data-image-title=\"wedding-da-25\" data-image-description=\"\" data-image-caption=\"\" data-medium-file=\"https:\/\/i0.wp.com\/lisatroeber-photography.com\/wp-content\/uploads\/2019\/03\/wedding-da-25.jpg?fit=200%2C300\" data-large-file=\"https:\/\/i0.wp.com\/lisatroeber-photography.com\/wp-content\/uploads\/2019\/03\/wedding-da-25.jpg?fit=667%2C1000\" data-attachment-id=\"3212\" data-permalink=\"http:\/\/lisatroeber-photography.com\/index.php\/2019\/03\/15\/spaetsommerhochzeit-in-altlengbach\/wedding-da-25\/\" data-orig-file=\"https:\/\/i0.wp.com\/lisatroeber-photography.com\/wp-content\/uploads\/2019\/03\/wedding-da-25.jpg?fit=667%2C1000\" data-orig-size=\"667,1000\" data-comments-opened=\"0\" data-image-meta=\"{&quot;aperture&quot;:&quot;2&quot;,&quot;credit&quot;:&quot;&quot;,&quot;camera&quot;:&quot;Canon EOS 5D Mark IV&quot;,&quot;caption&quot;:&quot;&quot;,&quot;created_timestamp&quot;:&quot;1535212055&quot;,&quot;copyright&quot;:&quot;&quot;,&quot;focal_length&quot;:&quot;50&quot;,&quot;iso&quot;:&quot;100&quot;,&quot;shutter_speed&quot;:&quot;0.00625&quot;,&quot;title&quot;:&quot;&quot;,&quot;orientation&quot;:&quot;0&quot;}\" data-image-title=\"wedding-da-25\" data-image-description=\"\" data-image-caption=\"\" data-medium-file=\"https:\/\/i0.wp.com\/lisatroeber-photography.com\/wp-content\/uploads\/2019\/03\/wedding-da-25.jpg?fit=200%2C300\" data-large-file=\"https:\/\/i0.wp.com\/lisatroeber-photography.com\/wp-content\/uploads\/2019\/03\/wedding-da-25.jpg?fit=667%2C1000\" srcset=\"https:\/\/i1.wp.com\/lisatroeber-photography.com\/wp-content\/uploads\/2019\/03\/wedding-da-25.jpg?strip=info&#038;w=600 600w,https:\/\/i1.wp.com\/lisatroeber-photography.com\/wp-content\/uploads\/2019\/03\/wedding-da-25.jpg?strip=info&#038;w=667 667w\" alt=\"\" data-height=\"1000\" data-id=\"3212\" data-link=\"http:\/\/lisatroeber-photography.com\/index.php\/2019\/03\/15\/spaetsommerhochzeit-in-altlengbach\/wedding-da-25\/\" data-url=\"http:\/\/lisatroeber-photography.com\/wp-content\/uploads\/2019\/03\/wedding-da-25.jpg\" data-width=\"667\" src=\"https:\/\/i1.wp.com\/lisatroeber-photography.com\/wp-content\/uploads\/2019\/03\/wedding-da-25.jpg\"\/><\/figure><\/div><div class=\"tiled-gallery__col\"><figure class=\"tiled-gallery__item\"><img decoding=\"async\" data-attachment-id=\"3213\" data-permalink=\"http:\/\/lisatroeber-photography.com\/index.php\/2019\/03\/15\/spaetsommerhochzeit-in-altlengbach\/wedding-da-26\/\" data-orig-file=\"https:\/\/i0.wp.com\/lisatroeber-photography.com\/wp-content\/uploads\/2019\/03\/wedding-da-26.jpg?fit=667%2C1000\" data-orig-size=\"667,1000\" data-comments-opened=\"0\" data-image-meta=\"{&quot;aperture&quot;:&quot;2&quot;,&quot;credit&quot;:&quot;&quot;,&quot;camera&quot;:&quot;Canon EOS 5D Mark IV&quot;,&quot;caption&quot;:&quot;&quot;,&quot;created_timestamp&quot;:&quot;1535212119&quot;,&quot;copyright&quot;:&quot;&quot;,&quot;focal_length&quot;:&quot;50&quot;,&quot;iso&quot;:&quot;100&quot;,&quot;shutter_speed&quot;:&quot;0.00625&quot;,&quot;title&quot;:&quot;&quot;,&quot;orientation&quot;:&quot;0&quot;}\" data-image-title=\"wedding-da-26\" data-image-description=\"\" data-image-caption=\"\" data-medium-file=\"https:\/\/i0.wp.com\/lisatroeber-photography.com\/wp-content\/uploads\/2019\/03\/wedding-da-26.jpg?fit=200%2C300\" data-large-file=\"https:\/\/i0.wp.com\/lisatroeber-photography.com\/wp-content\/uploads\/2019\/03\/wedding-da-26.jpg?fit=667%2C1000\" data-attachment-id=\"3213\" data-permalink=\"http:\/\/lisatroeber-photography.com\/index.php\/2019\/03\/15\/spaetsommerhochzeit-in-altlengbach\/wedding-da-26\/\" data-orig-file=\"https:\/\/i0.wp.com\/lisatroeber-photography.com\/wp-content\/uploads\/2019\/03\/wedding-da-26.jpg?fit=667%2C1000\" data-orig-size=\"667,1000\" data-comments-opened=\"0\" data-image-meta=\"{&quot;aperture&quot;:&quot;2&quot;,&quot;credit&quot;:&quot;&quot;,&quot;camera&quot;:&quot;Canon EOS 5D Mark IV&quot;,&quot;caption&quot;:&quot;&quot;,&quot;created_timestamp&quot;:&quot;1535212119&quot;,&quot;copyright&quot;:&quot;&quot;,&quot;focal_length&quot;:&quot;50&quot;,&quot;iso&quot;:&quot;100&quot;,&quot;shutter_speed&quot;:&quot;0.00625&quot;,&quot;title&quot;:&quot;&quot;,&quot;orientation&quot;:&quot;0&quot;}\" data-image-title=\"wedding-da-26\" data-image-description=\"\" data-image-caption=\"\" data-medium-file=\"https:\/\/i0.wp.com\/lisatroeber-photography.com\/wp-content\/uploads\/2019\/03\/wedding-da-26.jpg?fit=200%2C300\" data-large-file=\"https:\/\/i0.wp.com\/lisatroeber-photography.com\/wp-content\/uploads\/2019\/03\/wedding-da-26.jpg?fit=667%2C1000\" srcset=\"https:\/\/i0.wp.com\/lisatroeber-photography.com\/wp-content\/uploads\/2019\/03\/wedding-da-26.jpg?strip=info&#038;w=600 600w,https:\/\/i0.wp.com\/lisatroeber-photography.com\/wp-content\/uploads\/2019\/03\/wedding-da-26.jpg?strip=info&#038;w=667 667w\" alt=\"\" data-height=\"1000\" data-id=\"3213\" data-link=\"http:\/\/lisatroeber-photography.com\/index.php\/2019\/03\/15\/spaetsommerhochzeit-in-altlengbach\/wedding-da-26\/\" data-url=\"http:\/\/lisatroeber-photography.com\/wp-content\/uploads\/2019\/03\/wedding-da-26.jpg\" data-width=\"667\" src=\"https:\/\/i0.wp.com\/lisatroeber-photography.com\/wp-content\/uploads\/2019\/03\/wedding-da-26.jpg\"\/><\/figure><\/div><\/div><div class=\"tiled-gallery__row\"><div class=\"tiled-gallery__col\"><figure class=\"tiled-gallery__item\"><img decoding=\"async\" data-attachment-id=\"3214\" data-permalink=\"http:\/\/lisatroeber-photography.com\/index.php\/2019\/03\/15\/spaetsommerhochzeit-in-altlengbach\/wedding-da-27\/\" data-orig-file=\"https:\/\/i0.wp.com\/lisatroeber-photography.com\/wp-content\/uploads\/2019\/03\/wedding-da-27.jpg?fit=667%2C1000\" data-orig-size=\"667,1000\" data-comments-opened=\"0\" data-image-meta=\"{&quot;aperture&quot;:&quot;2&quot;,&quot;credit&quot;:&quot;&quot;,&quot;camera&quot;:&quot;Canon EOS 5D Mark IV&quot;,&quot;caption&quot;:&quot;&quot;,&quot;created_timestamp&quot;:&quot;1535212249&quot;,&quot;copyright&quot;:&quot;&quot;,&quot;focal_length&quot;:&quot;50&quot;,&quot;iso&quot;:&quot;100&quot;,&quot;shutter_speed&quot;:&quot;0.00625&quot;,&quot;title&quot;:&quot;&quot;,&quot;orientation&quot;:&quot;0&quot;}\" data-image-title=\"wedding-da-27\" data-image-description=\"\" data-image-caption=\"\" data-medium-file=\"https:\/\/i0.wp.com\/lisatroeber-photography.com\/wp-content\/uploads\/2019\/03\/wedding-da-27.jpg?fit=200%2C300\" data-large-file=\"https:\/\/i0.wp.com\/lisatroeber-photography.com\/wp-content\/uploads\/2019\/03\/wedding-da-27.jpg?fit=667%2C1000\" data-attachment-id=\"3214\" data-permalink=\"http:\/\/lisatroeber-photography.com\/index.php\/2019\/03\/15\/spaetsommerhochzeit-in-altlengbach\/wedding-da-27\/\" data-orig-file=\"https:\/\/i0.wp.com\/lisatroeber-photography.com\/wp-content\/uploads\/2019\/03\/wedding-da-27.jpg?fit=667%2C1000\" data-orig-size=\"667,1000\" data-comments-opened=\"0\" data-image-meta=\"{&quot;aperture&quot;:&quot;2&quot;,&quot;credit&quot;:&quot;&quot;,&quot;camera&quot;:&quot;Canon EOS 5D Mark IV&quot;,&quot;caption&quot;:&quot;&quot;,&quot;created_timestamp&quot;:&quot;1535212249&quot;,&quot;copyright&quot;:&quot;&quot;,&quot;focal_length&quot;:&quot;50&quot;,&quot;iso&quot;:&quot;100&quot;,&quot;shutter_speed&quot;:&quot;0.00625&quot;,&quot;title&quot;:&quot;&quot;,&quot;orientation&quot;:&quot;0&quot;}\" data-image-title=\"wedding-da-27\" data-image-description=\"\" data-image-caption=\"\" data-medium-file=\"https:\/\/i0.wp.com\/lisatroeber-photography.com\/wp-content\/uploads\/2019\/03\/wedding-da-27.jpg?fit=200%2C300\" data-large-file=\"https:\/\/i0.wp.com\/lisatroeber-photography.com\/wp-content\/uploads\/2019\/03\/wedding-da-27.jpg?fit=667%2C1000\" srcset=\"https:\/\/i0.wp.com\/lisatroeber-photography.com\/wp-content\/uploads\/2019\/03\/wedding-da-27.jpg?strip=info&#038;w=600 600w,https:\/\/i0.wp.com\/lisatroeber-photography.com\/wp-content\/uploads\/2019\/03\/wedding-da-27.jpg?strip=info&#038;w=667 667w\" alt=\"\" data-height=\"1000\" data-id=\"3214\" data-link=\"http:\/\/lisatroeber-photography.com\/index.php\/2019\/03\/15\/spaetsommerhochzeit-in-altlengbach\/wedding-da-27\/\" data-url=\"http:\/\/lisatroeber-photography.com\/wp-content\/uploads\/2019\/03\/wedding-da-27.jpg\" data-width=\"667\" src=\"https:\/\/i0.wp.com\/lisatroeber-photography.com\/wp-content\/uploads\/2019\/03\/wedding-da-27.jpg\"\/><\/figure><\/div><div class=\"tiled-gallery__col\"><figure class=\"tiled-gallery__item\"><img decoding=\"async\" data-attachment-id=\"3215\" data-permalink=\"http:\/\/lisatroeber-photography.com\/index.php\/2019\/03\/15\/spaetsommerhochzeit-in-altlengbach\/wedding-da-28\/\" data-orig-file=\"https:\/\/i0.wp.com\/lisatroeber-photography.com\/wp-content\/uploads\/2019\/03\/wedding-da-28.jpg?fit=667%2C1000\" data-orig-size=\"667,1000\" data-comments-opened=\"0\" data-image-meta=\"{&quot;aperture&quot;:&quot;2.5&quot;,&quot;credit&quot;:&quot;&quot;,&quot;camera&quot;:&quot;Canon EOS 5D Mark IV&quot;,&quot;caption&quot;:&quot;&quot;,&quot;created_timestamp&quot;:&quot;1535212464&quot;,&quot;copyright&quot;:&quot;&quot;,&quot;focal_length&quot;:&quot;50&quot;,&quot;iso&quot;:&quot;200&quot;,&quot;shutter_speed&quot;:&quot;0.00625&quot;,&quot;title&quot;:&quot;&quot;,&quot;orientation&quot;:&quot;0&quot;}\" data-image-title=\"wedding-da-28\" data-image-description=\"\" data-image-caption=\"\" data-medium-file=\"https:\/\/i0.wp.com\/lisatroeber-photography.com\/wp-content\/uploads\/2019\/03\/wedding-da-28.jpg?fit=200%2C300\" data-large-file=\"https:\/\/i0.wp.com\/lisatroeber-photography.com\/wp-content\/uploads\/2019\/03\/wedding-da-28.jpg?fit=667%2C1000\" data-attachment-id=\"3215\" data-permalink=\"http:\/\/lisatroeber-photography.com\/index.php\/2019\/03\/15\/spaetsommerhochzeit-in-altlengbach\/wedding-da-28\/\" data-orig-file=\"https:\/\/i0.wp.com\/lisatroeber-photography.com\/wp-content\/uploads\/2019\/03\/wedding-da-28.jpg?fit=667%2C1000\" data-orig-size=\"667,1000\" data-comments-opened=\"0\" data-image-meta=\"{&quot;aperture&quot;:&quot;2.5&quot;,&quot;credit&quot;:&quot;&quot;,&quot;camera&quot;:&quot;Canon EOS 5D Mark IV&quot;,&quot;caption&quot;:&quot;&quot;,&quot;created_timestamp&quot;:&quot;1535212464&quot;,&quot;copyright&quot;:&quot;&quot;,&quot;focal_length&quot;:&quot;50&quot;,&quot;iso&quot;:&quot;200&quot;,&quot;shutter_speed&quot;:&quot;0.00625&quot;,&quot;title&quot;:&quot;&quot;,&quot;orientation&quot;:&quot;0&quot;}\" data-image-title=\"wedding-da-28\" data-image-description=\"\" data-image-caption=\"\" data-medium-file=\"https:\/\/i0.wp.com\/lisatroeber-photography.com\/wp-content\/uploads\/2019\/03\/wedding-da-28.jpg?fit=200%2C300\" data-large-file=\"https:\/\/i0.wp.com\/lisatroeber-photography.com\/wp-content\/uploads\/2019\/03\/wedding-da-28.jpg?fit=667%2C1000\" srcset=\"https:\/\/i0.wp.com\/lisatroeber-photography.com\/wp-content\/uploads\/2019\/03\/wedding-da-28.jpg?strip=info&#038;w=600 600w,https:\/\/i0.wp.com\/lisatroeber-photography.com\/wp-content\/uploads\/2019\/03\/wedding-da-28.jpg?strip=info&#038;w=667 667w\" alt=\"\" data-height=\"1000\" data-id=\"3215\" data-link=\"http:\/\/lisatroeber-photography.com\/index.php\/2019\/03\/15\/spaetsommerhochzeit-in-altlengbach\/wedding-da-28\/\" data-url=\"http:\/\/lisatroeber-photography.com\/wp-content\/uploads\/2019\/03\/wedding-da-28.jpg\" data-width=\"667\" src=\"https:\/\/i0.wp.com\/lisatroeber-photography.com\/wp-content\/uploads\/2019\/03\/wedding-da-28.jpg\"\/><\/figure><\/div><\/div><div class=\"tiled-gallery__row\"><div class=\"tiled-gallery__col\"><figure class=\"tiled-gallery__item\"><img decoding=\"async\" data-attachment-id=\"3216\" data-permalink=\"http:\/\/lisatroeber-photography.com\/index.php\/2019\/03\/15\/spaetsommerhochzeit-in-altlengbach\/wedding-da-29\/\" data-orig-file=\"https:\/\/i0.wp.com\/lisatroeber-photography.com\/wp-content\/uploads\/2019\/03\/wedding-da-29.jpg?fit=667%2C1000\" data-orig-size=\"667,1000\" data-comments-opened=\"0\" data-image-meta=\"{&quot;aperture&quot;:&quot;2.5&quot;,&quot;credit&quot;:&quot;&quot;,&quot;camera&quot;:&quot;Canon EOS 5D Mark IV&quot;,&quot;caption&quot;:&quot;&quot;,&quot;created_timestamp&quot;:&quot;1535212467&quot;,&quot;copyright&quot;:&quot;&quot;,&quot;focal_length&quot;:&quot;50&quot;,&quot;iso&quot;:&quot;250&quot;,&quot;shutter_speed&quot;:&quot;0.00625&quot;,&quot;title&quot;:&quot;&quot;,&quot;orientation&quot;:&quot;0&quot;}\" data-image-title=\"wedding-da-29\" data-image-description=\"\" data-image-caption=\"\" data-medium-file=\"https:\/\/i0.wp.com\/lisatroeber-photography.com\/wp-content\/uploads\/2019\/03\/wedding-da-29.jpg?fit=200%2C300\" data-large-file=\"https:\/\/i0.wp.com\/lisatroeber-photography.com\/wp-content\/uploads\/2019\/03\/wedding-da-29.jpg?fit=667%2C1000\" data-attachment-id=\"3216\" data-permalink=\"http:\/\/lisatroeber-photography.com\/index.php\/2019\/03\/15\/spaetsommerhochzeit-in-altlengbach\/wedding-da-29\/\" data-orig-file=\"https:\/\/i0.wp.com\/lisatroeber-photography.com\/wp-content\/uploads\/2019\/03\/wedding-da-29.jpg?fit=667%2C1000\" data-orig-size=\"667,1000\" data-comments-opened=\"0\" data-image-meta=\"{&quot;aperture&quot;:&quot;2.5&quot;,&quot;credit&quot;:&quot;&quot;,&quot;camera&quot;:&quot;Canon EOS 5D Mark IV&quot;,&quot;caption&quot;:&quot;&quot;,&quot;created_timestamp&quot;:&quot;1535212467&quot;,&quot;copyright&quot;:&quot;&quot;,&quot;focal_length&quot;:&quot;50&quot;,&quot;iso&quot;:&quot;250&quot;,&quot;shutter_speed&quot;:&quot;0.00625&quot;,&quot;title&quot;:&quot;&quot;,&quot;orientation&quot;:&quot;0&quot;}\" data-image-title=\"wedding-da-29\" data-image-description=\"\" data-image-caption=\"\" data-medium-file=\"https:\/\/i0.wp.com\/lisatroeber-photography.com\/wp-content\/uploads\/2019\/03\/wedding-da-29.jpg?fit=200%2C300\" data-large-file=\"https:\/\/i0.wp.com\/lisatroeber-photography.com\/wp-content\/uploads\/2019\/03\/wedding-da-29.jpg?fit=667%2C1000\" srcset=\"https:\/\/i2.wp.com\/lisatroeber-photography.com\/wp-content\/uploads\/2019\/03\/wedding-da-29.jpg?strip=info&#038;w=600 600w,https:\/\/i2.wp.com\/lisatroeber-photography.com\/wp-content\/uploads\/2019\/03\/wedding-da-29.jpg?strip=info&#038;w=667 667w\" alt=\"\" data-height=\"1000\" data-id=\"3216\" data-link=\"http:\/\/lisatroeber-photography.com\/index.php\/2019\/03\/15\/spaetsommerhochzeit-in-altlengbach\/wedding-da-29\/\" data-url=\"http:\/\/lisatroeber-photography.com\/wp-content\/uploads\/2019\/03\/wedding-da-29.jpg\" data-width=\"667\" src=\"https:\/\/i2.wp.com\/lisatroeber-photography.com\/wp-content\/uploads\/2019\/03\/wedding-da-29.jpg\"\/><\/figure><\/div><div class=\"tiled-gallery__col\"><figure class=\"tiled-gallery__item\"><img decoding=\"async\" data-attachment-id=\"3217\" data-permalink=\"http:\/\/lisatroeber-photography.com\/index.php\/2019\/03\/15\/spaetsommerhochzeit-in-altlengbach\/wedding-da-30\/\" data-orig-file=\"https:\/\/i0.wp.com\/lisatroeber-photography.com\/wp-content\/uploads\/2019\/03\/wedding-da-30.jpg?fit=1000%2C667\" data-orig-size=\"1000,667\" data-comments-opened=\"0\" data-image-meta=\"{&quot;aperture&quot;:&quot;2.5&quot;,&quot;credit&quot;:&quot;&quot;,&quot;camera&quot;:&quot;Canon EOS 5D Mark IV&quot;,&quot;caption&quot;:&quot;&quot;,&quot;created_timestamp&quot;:&quot;1535212507&quot;,&quot;copyright&quot;:&quot;&quot;,&quot;focal_length&quot;:&quot;50&quot;,&quot;iso&quot;:&quot;100&quot;,&quot;shutter_speed&quot;:&quot;0.00625&quot;,&quot;title&quot;:&quot;&quot;,&quot;orientation&quot;:&quot;0&quot;}\" data-image-title=\"wedding-da-30\" data-image-description=\"\" data-image-caption=\"\" data-medium-file=\"https:\/\/i0.wp.com\/lisatroeber-photography.com\/wp-content\/uploads\/2019\/03\/wedding-da-30.jpg?fit=300%2C200\" data-large-file=\"https:\/\/i0.wp.com\/lisatroeber-photography.com\/wp-content\/uploads\/2019\/03\/wedding-da-30.jpg?fit=1000%2C667\" data-attachment-id=\"3217\" data-permalink=\"http:\/\/lisatroeber-photography.com\/index.php\/2019\/03\/15\/spaetsommerhochzeit-in-altlengbach\/wedding-da-30\/\" data-orig-file=\"https:\/\/i0.wp.com\/lisatroeber-photography.com\/wp-content\/uploads\/2019\/03\/wedding-da-30.jpg?fit=1000%2C667\" data-orig-size=\"1000,667\" data-comments-opened=\"0\" data-image-meta=\"{&quot;aperture&quot;:&quot;2.5&quot;,&quot;credit&quot;:&quot;&quot;,&quot;camera&quot;:&quot;Canon EOS 5D Mark IV&quot;,&quot;caption&quot;:&quot;&quot;,&quot;created_timestamp&quot;:&quot;1535212507&quot;,&quot;copyright&quot;:&quot;&quot;,&quot;focal_length&quot;:&quot;50&quot;,&quot;iso&quot;:&quot;100&quot;,&quot;shutter_speed&quot;:&quot;0.00625&quot;,&quot;title&quot;:&quot;&quot;,&quot;orientation&quot;:&quot;0&quot;}\" data-image-title=\"wedding-da-30\" data-image-description=\"\" data-image-caption=\"\" data-medium-file=\"https:\/\/i0.wp.com\/lisatroeber-photography.com\/wp-content\/uploads\/2019\/03\/wedding-da-30.jpg?fit=300%2C200\" data-large-file=\"https:\/\/i0.wp.com\/lisatroeber-photography.com\/wp-content\/uploads\/2019\/03\/wedding-da-30.jpg?fit=1000%2C667\" srcset=\"https:\/\/i2.wp.com\/lisatroeber-photography.com\/wp-content\/uploads\/2019\/03\/wedding-da-30.jpg?strip=info&#038;w=600 600w,https:\/\/i2.wp.com\/lisatroeber-photography.com\/wp-content\/uploads\/2019\/03\/wedding-da-30.jpg?strip=info&#038;w=900 900w,https:\/\/i2.wp.com\/lisatroeber-photography.com\/wp-content\/uploads\/2019\/03\/wedding-da-30.jpg?strip=info&#038;w=1000 1000w\" alt=\"\" data-height=\"667\" data-id=\"3217\" data-link=\"http:\/\/lisatroeber-photography.com\/index.php\/2019\/03\/15\/spaetsommerhochzeit-in-altlengbach\/wedding-da-30\/\" data-url=\"http:\/\/lisatroeber-photography.com\/wp-content\/uploads\/2019\/03\/wedding-da-30.jpg\" data-width=\"1000\" src=\"https:\/\/i2.wp.com\/lisatroeber-photography.com\/wp-content\/uploads\/2019\/03\/wedding-da-30.jpg\"\/><\/figure><\/div><\/div><div class=\"tiled-gallery__row\"><div class=\"tiled-gallery__col\"><figure class=\"tiled-gallery__item\"><img decoding=\"async\" data-attachment-id=\"3218\" data-permalink=\"http:\/\/lisatroeber-photography.com\/index.php\/2019\/03\/15\/spaetsommerhochzeit-in-altlengbach\/wedding-da-31\/\" data-orig-file=\"https:\/\/i0.wp.com\/lisatroeber-photography.com\/wp-content\/uploads\/2019\/03\/wedding-da-31.jpg?fit=667%2C1000\" data-orig-size=\"667,1000\" data-comments-opened=\"0\" data-image-meta=\"{&quot;aperture&quot;:&quot;2.8&quot;,&quot;credit&quot;:&quot;&quot;,&quot;camera&quot;:&quot;Canon EOS 5D Mark IV&quot;,&quot;caption&quot;:&quot;&quot;,&quot;created_timestamp&quot;:&quot;1535212600&quot;,&quot;copyright&quot;:&quot;&quot;,&quot;focal_length&quot;:&quot;50&quot;,&quot;iso&quot;:&quot;100&quot;,&quot;shutter_speed&quot;:&quot;0.004&quot;,&quot;title&quot;:&quot;&quot;,&quot;orientation&quot;:&quot;0&quot;}\" data-image-title=\"wedding-da-31\" data-image-description=\"\" data-image-caption=\"\" data-medium-file=\"https:\/\/i0.wp.com\/lisatroeber-photography.com\/wp-content\/uploads\/2019\/03\/wedding-da-31.jpg?fit=200%2C300\" data-large-file=\"https:\/\/i0.wp.com\/lisatroeber-photography.com\/wp-content\/uploads\/2019\/03\/wedding-da-31.jpg?fit=667%2C1000\" data-attachment-id=\"3218\" data-permalink=\"http:\/\/lisatroeber-photography.com\/index.php\/2019\/03\/15\/spaetsommerhochzeit-in-altlengbach\/wedding-da-31\/\" data-orig-file=\"https:\/\/i0.wp.com\/lisatroeber-photography.com\/wp-content\/uploads\/2019\/03\/wedding-da-31.jpg?fit=667%2C1000\" data-orig-size=\"667,1000\" data-comments-opened=\"0\" data-image-meta=\"{&quot;aperture&quot;:&quot;2.8&quot;,&quot;credit&quot;:&quot;&quot;,&quot;camera&quot;:&quot;Canon EOS 5D Mark IV&quot;,&quot;caption&quot;:&quot;&quot;,&quot;created_timestamp&quot;:&quot;1535212600&quot;,&quot;copyright&quot;:&quot;&quot;,&quot;focal_length&quot;:&quot;50&quot;,&quot;iso&quot;:&quot;100&quot;,&quot;shutter_speed&quot;:&quot;0.004&quot;,&quot;title&quot;:&quot;&quot;,&quot;orientation&quot;:&quot;0&quot;}\" data-image-title=\"wedding-da-31\" data-image-description=\"\" data-image-caption=\"\" data-medium-file=\"https:\/\/i0.wp.com\/lisatroeber-photography.com\/wp-content\/uploads\/2019\/03\/wedding-da-31.jpg?fit=200%2C300\" data-large-file=\"https:\/\/i0.wp.com\/lisatroeber-photography.com\/wp-content\/uploads\/2019\/03\/wedding-da-31.jpg?fit=667%2C1000\" srcset=\"https:\/\/i2.wp.com\/lisatroeber-photography.com\/wp-content\/uploads\/2019\/03\/wedding-da-31.jpg?strip=info&#038;w=600 600w,https:\/\/i2.wp.com\/lisatroeber-photography.com\/wp-content\/uploads\/2019\/03\/wedding-da-31.jpg?strip=info&#038;w=667 667w\" alt=\"\" data-height=\"1000\" data-id=\"3218\" data-link=\"http:\/\/lisatroeber-photography.com\/index.php\/2019\/03\/15\/spaetsommerhochzeit-in-altlengbach\/wedding-da-31\/\" data-url=\"http:\/\/lisatroeber-photography.com\/wp-content\/uploads\/2019\/03\/wedding-da-31.jpg\" data-width=\"667\" src=\"https:\/\/i2.wp.com\/lisatroeber-photography.com\/wp-content\/uploads\/2019\/03\/wedding-da-31.jpg\"\/><\/figure><\/div><div class=\"tiled-gallery__col\"><figure class=\"tiled-gallery__item\"><img decoding=\"async\" data-attachment-id=\"3219\" data-permalink=\"http:\/\/lisatroeber-photography.com\/index.php\/2019\/03\/15\/spaetsommerhochzeit-in-altlengbach\/wedding-da-32\/\" data-orig-file=\"https:\/\/i0.wp.com\/lisatroeber-photography.com\/wp-content\/uploads\/2019\/03\/wedding-da-32.jpg?fit=1000%2C667\" data-orig-size=\"1000,667\" data-comments-opened=\"0\" data-image-meta=\"{&quot;aperture&quot;:&quot;2.2&quot;,&quot;credit&quot;:&quot;&quot;,&quot;camera&quot;:&quot;Canon EOS 5D Mark IV&quot;,&quot;caption&quot;:&quot;&quot;,&quot;created_timestamp&quot;:&quot;1535213040&quot;,&quot;copyright&quot;:&quot;&quot;,&quot;focal_length&quot;:&quot;50&quot;,&quot;iso&quot;:&quot;100&quot;,&quot;shutter_speed&quot;:&quot;0.005&quot;,&quot;title&quot;:&quot;&quot;,&quot;orientation&quot;:&quot;0&quot;}\" data-image-title=\"wedding-da-32\" data-image-description=\"\" data-image-caption=\"\" data-medium-file=\"https:\/\/i0.wp.com\/lisatroeber-photography.com\/wp-content\/uploads\/2019\/03\/wedding-da-32.jpg?fit=300%2C200\" data-large-file=\"https:\/\/i0.wp.com\/lisatroeber-photography.com\/wp-content\/uploads\/2019\/03\/wedding-da-32.jpg?fit=1000%2C667\" data-attachment-id=\"3219\" data-permalink=\"http:\/\/lisatroeber-photography.com\/index.php\/2019\/03\/15\/spaetsommerhochzeit-in-altlengbach\/wedding-da-32\/\" data-orig-file=\"https:\/\/i0.wp.com\/lisatroeber-photography.com\/wp-content\/uploads\/2019\/03\/wedding-da-32.jpg?fit=1000%2C667\" data-orig-size=\"1000,667\" data-comments-opened=\"0\" data-image-meta=\"{&quot;aperture&quot;:&quot;2.2&quot;,&quot;credit&quot;:&quot;&quot;,&quot;camera&quot;:&quot;Canon EOS 5D Mark IV&quot;,&quot;caption&quot;:&quot;&quot;,&quot;created_timestamp&quot;:&quot;1535213040&quot;,&quot;copyright&quot;:&quot;&quot;,&quot;focal_length&quot;:&quot;50&quot;,&quot;iso&quot;:&quot;100&quot;,&quot;shutter_speed&quot;:&quot;0.005&quot;,&quot;title&quot;:&quot;&quot;,&quot;orientation&quot;:&quot;0&quot;}\" data-image-title=\"wedding-da-32\" data-image-description=\"\" data-image-caption=\"\" data-medium-file=\"https:\/\/i0.wp.com\/lisatroeber-photography.com\/wp-content\/uploads\/2019\/03\/wedding-da-32.jpg?fit=300%2C200\" data-large-file=\"https:\/\/i0.wp.com\/lisatroeber-photography.com\/wp-content\/uploads\/2019\/03\/wedding-da-32.jpg?fit=1000%2C667\" srcset=\"https:\/\/i1.wp.com\/lisatroeber-photography.com\/wp-content\/uploads\/2019\/03\/wedding-da-32.jpg?strip=info&#038;w=600 600w,https:\/\/i1.wp.com\/lisatroeber-photography.com\/wp-content\/uploads\/2019\/03\/wedding-da-32.jpg?strip=info&#038;w=900 900w,https:\/\/i1.wp.com\/lisatroeber-photography.com\/wp-content\/uploads\/2019\/03\/wedding-da-32.jpg?strip=info&#038;w=1000 1000w\" alt=\"\" data-height=\"667\" data-id=\"3219\" data-link=\"http:\/\/lisatroeber-photography.com\/index.php\/2019\/03\/15\/spaetsommerhochzeit-in-altlengbach\/wedding-da-32\/\" data-url=\"http:\/\/lisatroeber-photography.com\/wp-content\/uploads\/2019\/03\/wedding-da-32.jpg\" data-width=\"1000\" src=\"https:\/\/i1.wp.com\/lisatroeber-photography.com\/wp-content\/uploads\/2019\/03\/wedding-da-32.jpg\"\/><\/figure><\/div><\/div><div class=\"tiled-gallery__row\"><div class=\"tiled-gallery__col\"><figure class=\"tiled-gallery__item\"><img decoding=\"async\" data-attachment-id=\"3220\" data-permalink=\"http:\/\/lisatroeber-photography.com\/index.php\/2019\/03\/15\/spaetsommerhochzeit-in-altlengbach\/wedding-da-33\/\" data-orig-file=\"https:\/\/i0.wp.com\/lisatroeber-photography.com\/wp-content\/uploads\/2019\/03\/wedding-da-33.jpg?fit=667%2C1000\" data-orig-size=\"667,1000\" data-comments-opened=\"0\" data-image-meta=\"{&quot;aperture&quot;:&quot;2.2&quot;,&quot;credit&quot;:&quot;&quot;,&quot;camera&quot;:&quot;Canon EOS 5D Mark IV&quot;,&quot;caption&quot;:&quot;&quot;,&quot;created_timestamp&quot;:&quot;1535213156&quot;,&quot;copyright&quot;:&quot;&quot;,&quot;focal_length&quot;:&quot;50&quot;,&quot;iso&quot;:&quot;100&quot;,&quot;shutter_speed&quot;:&quot;0.005&quot;,&quot;title&quot;:&quot;&quot;,&quot;orientation&quot;:&quot;0&quot;}\" data-image-title=\"wedding-da-33\" data-image-description=\"\" data-image-caption=\"\" data-medium-file=\"https:\/\/i0.wp.com\/lisatroeber-photography.com\/wp-content\/uploads\/2019\/03\/wedding-da-33.jpg?fit=200%2C300\" data-large-file=\"https:\/\/i0.wp.com\/lisatroeber-photography.com\/wp-content\/uploads\/2019\/03\/wedding-da-33.jpg?fit=667%2C1000\" data-attachment-id=\"3220\" data-permalink=\"http:\/\/lisatroeber-photography.com\/index.php\/2019\/03\/15\/spaetsommerhochzeit-in-altlengbach\/wedding-da-33\/\" data-orig-file=\"https:\/\/i0.wp.com\/lisatroeber-photography.com\/wp-content\/uploads\/2019\/03\/wedding-da-33.jpg?fit=667%2C1000\" data-orig-size=\"667,1000\" data-comments-opened=\"0\" data-image-meta=\"{&quot;aperture&quot;:&quot;2.2&quot;,&quot;credit&quot;:&quot;&quot;,&quot;camera&quot;:&quot;Canon EOS 5D Mark IV&quot;,&quot;caption&quot;:&quot;&quot;,&quot;created_timestamp&quot;:&quot;1535213156&quot;,&quot;copyright&quot;:&quot;&quot;,&quot;focal_length&quot;:&quot;50&quot;,&quot;iso&quot;:&quot;100&quot;,&quot;shutter_speed&quot;:&quot;0.005&quot;,&quot;title&quot;:&quot;&quot;,&quot;orientation&quot;:&quot;0&quot;}\" data-image-title=\"wedding-da-33\" data-image-description=\"\" data-image-caption=\"\" data-medium-file=\"https:\/\/i0.wp.com\/lisatroeber-photography.com\/wp-content\/uploads\/2019\/03\/wedding-da-33.jpg?fit=200%2C300\" data-large-file=\"https:\/\/i0.wp.com\/lisatroeber-photography.com\/wp-content\/uploads\/2019\/03\/wedding-da-33.jpg?fit=667%2C1000\" srcset=\"https:\/\/i2.wp.com\/lisatroeber-photography.com\/wp-content\/uploads\/2019\/03\/wedding-da-33.jpg?strip=info&#038;w=600 600w,https:\/\/i2.wp.com\/lisatroeber-photography.com\/wp-content\/uploads\/2019\/03\/wedding-da-33.jpg?strip=info&#038;w=667 667w\" alt=\"\" data-height=\"1000\" data-id=\"3220\" data-link=\"http:\/\/lisatroeber-photography.com\/index.php\/2019\/03\/15\/spaetsommerhochzeit-in-altlengbach\/wedding-da-33\/\" data-url=\"http:\/\/lisatroeber-photography.com\/wp-content\/uploads\/2019\/03\/wedding-da-33.jpg\" data-width=\"667\" src=\"https:\/\/i2.wp.com\/lisatroeber-photography.com\/wp-content\/uploads\/2019\/03\/wedding-da-33.jpg\"\/><\/figure><\/div><div class=\"tiled-gallery__col\"><figure class=\"tiled-gallery__item\"><img decoding=\"async\" data-attachment-id=\"3221\" data-permalink=\"http:\/\/lisatroeber-photography.com\/index.php\/2019\/03\/15\/spaetsommerhochzeit-in-altlengbach\/wedding-da-34\/\" data-orig-file=\"https:\/\/i0.wp.com\/lisatroeber-photography.com\/wp-content\/uploads\/2019\/03\/wedding-da-34.jpg?fit=667%2C1000\" data-orig-size=\"667,1000\" data-comments-opened=\"0\" data-image-meta=\"{&quot;aperture&quot;:&quot;2.5&quot;,&quot;credit&quot;:&quot;&quot;,&quot;camera&quot;:&quot;Canon EOS 5D Mark IV&quot;,&quot;caption&quot;:&quot;&quot;,&quot;created_timestamp&quot;:&quot;1535213859&quot;,&quot;copyright&quot;:&quot;&quot;,&quot;focal_length&quot;:&quot;50&quot;,&quot;iso&quot;:&quot;100&quot;,&quot;shutter_speed&quot;:&quot;0.005&quot;,&quot;title&quot;:&quot;&quot;,&quot;orientation&quot;:&quot;0&quot;}\" data-image-title=\"wedding-da-34\" data-image-description=\"\" data-image-caption=\"\" data-medium-file=\"https:\/\/i0.wp.com\/lisatroeber-photography.com\/wp-content\/uploads\/2019\/03\/wedding-da-34.jpg?fit=200%2C300\" data-large-file=\"https:\/\/i0.wp.com\/lisatroeber-photography.com\/wp-content\/uploads\/2019\/03\/wedding-da-34.jpg?fit=667%2C1000\" data-attachment-id=\"3221\" data-permalink=\"http:\/\/lisatroeber-photography.com\/index.php\/2019\/03\/15\/spaetsommerhochzeit-in-altlengbach\/wedding-da-34\/\" data-orig-file=\"https:\/\/i0.wp.com\/lisatroeber-photography.com\/wp-content\/uploads\/2019\/03\/wedding-da-34.jpg?fit=667%2C1000\" data-orig-size=\"667,1000\" data-comments-opened=\"0\" data-image-meta=\"{&quot;aperture&quot;:&quot;2.5&quot;,&quot;credit&quot;:&quot;&quot;,&quot;camera&quot;:&quot;Canon EOS 5D Mark IV&quot;,&quot;caption&quot;:&quot;&quot;,&quot;created_timestamp&quot;:&quot;1535213859&quot;,&quot;copyright&quot;:&quot;&quot;,&quot;focal_length&quot;:&quot;50&quot;,&quot;iso&quot;:&quot;100&quot;,&quot;shutter_speed&quot;:&quot;0.005&quot;,&quot;title&quot;:&quot;&quot;,&quot;orientation&quot;:&quot;0&quot;}\" data-image-title=\"wedding-da-34\" data-image-description=\"\" data-image-caption=\"\" data-medium-file=\"https:\/\/i0.wp.com\/lisatroeber-photography.com\/wp-content\/uploads\/2019\/03\/wedding-da-34.jpg?fit=200%2C300\" data-large-file=\"https:\/\/i0.wp.com\/lisatroeber-photography.com\/wp-content\/uploads\/2019\/03\/wedding-da-34.jpg?fit=667%2C1000\" srcset=\"https:\/\/i0.wp.com\/lisatroeber-photography.com\/wp-content\/uploads\/2019\/03\/wedding-da-34.jpg?strip=info&#038;w=600 600w,https:\/\/i0.wp.com\/lisatroeber-photography.com\/wp-content\/uploads\/2019\/03\/wedding-da-34.jpg?strip=info&#038;w=667 667w\" alt=\"\" data-height=\"1000\" data-id=\"3221\" data-link=\"http:\/\/lisatroeber-photography.com\/index.php\/2019\/03\/15\/spaetsommerhochzeit-in-altlengbach\/wedding-da-34\/\" data-url=\"http:\/\/lisatroeber-photography.com\/wp-content\/uploads\/2019\/03\/wedding-da-34.jpg\" data-width=\"667\" src=\"https:\/\/i0.wp.com\/lisatroeber-photography.com\/wp-content\/uploads\/2019\/03\/wedding-da-34.jpg\"\/><\/figure><\/div><div class=\"tiled-gallery__col\"><figure class=\"tiled-gallery__item\"><img decoding=\"async\" data-attachment-id=\"3222\" data-permalink=\"http:\/\/lisatroeber-photography.com\/index.php\/2019\/03\/15\/spaetsommerhochzeit-in-altlengbach\/wedding-da-35\/\" data-orig-file=\"https:\/\/i0.wp.com\/lisatroeber-photography.com\/wp-content\/uploads\/2019\/03\/wedding-da-35.jpg?fit=667%2C1000\" data-orig-size=\"667,1000\" data-comments-opened=\"0\" data-image-meta=\"{&quot;aperture&quot;:&quot;4&quot;,&quot;credit&quot;:&quot;&quot;,&quot;camera&quot;:&quot;Canon EOS 5D Mark IV&quot;,&quot;caption&quot;:&quot;&quot;,&quot;created_timestamp&quot;:&quot;1535215830&quot;,&quot;copyright&quot;:&quot;&quot;,&quot;focal_length&quot;:&quot;50&quot;,&quot;iso&quot;:&quot;500&quot;,&quot;shutter_speed&quot;:&quot;0.004&quot;,&quot;title&quot;:&quot;&quot;,&quot;orientation&quot;:&quot;0&quot;}\" data-image-title=\"wedding-da-35\" data-image-description=\"\" data-image-caption=\"\" data-medium-file=\"https:\/\/i0.wp.com\/lisatroeber-photography.com\/wp-content\/uploads\/2019\/03\/wedding-da-35.jpg?fit=200%2C300\" data-large-file=\"https:\/\/i0.wp.com\/lisatroeber-photography.com\/wp-content\/uploads\/2019\/03\/wedding-da-35.jpg?fit=667%2C1000\" data-attachment-id=\"3222\" data-permalink=\"http:\/\/lisatroeber-photography.com\/index.php\/2019\/03\/15\/spaetsommerhochzeit-in-altlengbach\/wedding-da-35\/\" data-orig-file=\"https:\/\/i0.wp.com\/lisatroeber-photography.com\/wp-content\/uploads\/2019\/03\/wedding-da-35.jpg?fit=667%2C1000\" data-orig-size=\"667,1000\" data-comments-opened=\"0\" data-image-meta=\"{&quot;aperture&quot;:&quot;4&quot;,&quot;credit&quot;:&quot;&quot;,&quot;camera&quot;:&quot;Canon EOS 5D Mark IV&quot;,&quot;caption&quot;:&quot;&quot;,&quot;created_timestamp&quot;:&quot;1535215830&quot;,&quot;copyright&quot;:&quot;&quot;,&quot;focal_length&quot;:&quot;50&quot;,&quot;iso&quot;:&quot;500&quot;,&quot;shutter_speed&quot;:&quot;0.004&quot;,&quot;title&quot;:&quot;&quot;,&quot;orientation&quot;:&quot;0&quot;}\" data-image-title=\"wedding-da-35\" data-image-description=\"\" data-image-caption=\"\" data-medium-file=\"https:\/\/i0.wp.com\/lisatroeber-photography.com\/wp-content\/uploads\/2019\/03\/wedding-da-35.jpg?fit=200%2C300\" data-large-file=\"https:\/\/i0.wp.com\/lisatroeber-photography.com\/wp-content\/uploads\/2019\/03\/wedding-da-35.jpg?fit=667%2C1000\" srcset=\"https:\/\/i1.wp.com\/lisatroeber-photography.com\/wp-content\/uploads\/2019\/03\/wedding-da-35.jpg?strip=info&#038;w=600 600w,https:\/\/i1.wp.com\/lisatroeber-photography.com\/wp-content\/uploads\/2019\/03\/wedding-da-35.jpg?strip=info&#038;w=667 667w\" alt=\"\" data-height=\"1000\" data-id=\"3222\" data-link=\"http:\/\/lisatroeber-photography.com\/index.php\/2019\/03\/15\/spaetsommerhochzeit-in-altlengbach\/wedding-da-35\/\" data-url=\"http:\/\/lisatroeber-photography.com\/wp-content\/uploads\/2019\/03\/wedding-da-35.jpg\" data-width=\"667\" src=\"https:\/\/i1.wp.com\/lisatroeber-photography.com\/wp-content\/uploads\/2019\/03\/wedding-da-35.jpg\"\/><\/figure><\/div><div class=\"tiled-gallery__col\"><figure class=\"tiled-gallery__item\"><img decoding=\"async\" data-attachment-id=\"3223\" data-permalink=\"http:\/\/lisatroeber-photography.com\/index.php\/2019\/03\/15\/spaetsommerhochzeit-in-altlengbach\/wedding-da-36\/\" data-orig-file=\"https:\/\/i0.wp.com\/lisatroeber-photography.com\/wp-content\/uploads\/2019\/03\/wedding-da-36.jpg?fit=667%2C1000\" data-orig-size=\"667,1000\" data-comments-opened=\"0\" data-image-meta=\"{&quot;aperture&quot;:&quot;4&quot;,&quot;credit&quot;:&quot;&quot;,&quot;camera&quot;:&quot;Canon EOS 5D Mark IV&quot;,&quot;caption&quot;:&quot;&quot;,&quot;created_timestamp&quot;:&quot;1535215877&quot;,&quot;copyright&quot;:&quot;&quot;,&quot;focal_length&quot;:&quot;50&quot;,&quot;iso&quot;:&quot;400&quot;,&quot;shutter_speed&quot;:&quot;0.004&quot;,&quot;title&quot;:&quot;&quot;,&quot;orientation&quot;:&quot;0&quot;}\" data-image-title=\"wedding-da-36\" data-image-description=\"\" data-image-caption=\"\" data-medium-file=\"https:\/\/i0.wp.com\/lisatroeber-photography.com\/wp-content\/uploads\/2019\/03\/wedding-da-36.jpg?fit=200%2C300\" data-large-file=\"https:\/\/i0.wp.com\/lisatroeber-photography.com\/wp-content\/uploads\/2019\/03\/wedding-da-36.jpg?fit=667%2C1000\" data-attachment-id=\"3223\" data-permalink=\"http:\/\/lisatroeber-photography.com\/index.php\/2019\/03\/15\/spaetsommerhochzeit-in-altlengbach\/wedding-da-36\/\" data-orig-file=\"https:\/\/i0.wp.com\/lisatroeber-photography.com\/wp-content\/uploads\/2019\/03\/wedding-da-36.jpg?fit=667%2C1000\" data-orig-size=\"667,1000\" data-comments-opened=\"0\" data-image-meta=\"{&quot;aperture&quot;:&quot;4&quot;,&quot;credit&quot;:&quot;&quot;,&quot;camera&quot;:&quot;Canon EOS 5D Mark IV&quot;,&quot;caption&quot;:&quot;&quot;,&quot;created_timestamp&quot;:&quot;1535215877&quot;,&quot;copyright&quot;:&quot;&quot;,&quot;focal_length&quot;:&quot;50&quot;,&quot;iso&quot;:&quot;400&quot;,&quot;shutter_speed&quot;:&quot;0.004&quot;,&quot;title&quot;:&quot;&quot;,&quot;orientation&quot;:&quot;0&quot;}\" data-image-title=\"wedding-da-36\" data-image-description=\"\" data-image-caption=\"\" data-medium-file=\"https:\/\/i0.wp.com\/lisatroeber-photography.com\/wp-content\/uploads\/2019\/03\/wedding-da-36.jpg?fit=200%2C300\" data-large-file=\"https:\/\/i0.wp.com\/lisatroeber-photography.com\/wp-content\/uploads\/2019\/03\/wedding-da-36.jpg?fit=667%2C1000\" srcset=\"https:\/\/i0.wp.com\/lisatroeber-photography.com\/wp-content\/uploads\/2019\/03\/wedding-da-36.jpg?strip=info&#038;w=600 600w,https:\/\/i0.wp.com\/lisatroeber-photography.com\/wp-content\/uploads\/2019\/03\/wedding-da-36.jpg?strip=info&#038;w=667 667w\" alt=\"\" data-height=\"1000\" data-id=\"3223\" data-link=\"http:\/\/lisatroeber-photography.com\/index.php\/2019\/03\/15\/spaetsommerhochzeit-in-altlengbach\/wedding-da-36\/\" data-url=\"http:\/\/lisatroeber-photography.com\/wp-content\/uploads\/2019\/03\/wedding-da-36.jpg\" data-width=\"667\" src=\"https:\/\/i0.wp.com\/lisatroeber-photography.com\/wp-content\/uploads\/2019\/03\/wedding-da-36.jpg\"\/><\/figure><\/div><\/div><div class=\"tiled-gallery__row\"><div class=\"tiled-gallery__col\"><figure class=\"tiled-gallery__item\"><img decoding=\"async\" data-attachment-id=\"3224\" data-permalink=\"http:\/\/lisatroeber-photography.com\/index.php\/2019\/03\/15\/spaetsommerhochzeit-in-altlengbach\/wedding-da-37\/\" data-orig-file=\"https:\/\/i0.wp.com\/lisatroeber-photography.com\/wp-content\/uploads\/2019\/03\/wedding-da-37.jpg?fit=667%2C1000\" data-orig-size=\"667,1000\" data-comments-opened=\"0\" data-image-meta=\"{&quot;aperture&quot;:&quot;4&quot;,&quot;credit&quot;:&quot;&quot;,&quot;camera&quot;:&quot;Canon EOS 5D Mark IV&quot;,&quot;caption&quot;:&quot;&quot;,&quot;created_timestamp&quot;:&quot;1535216266&quot;,&quot;copyright&quot;:&quot;&quot;,&quot;focal_length&quot;:&quot;50&quot;,&quot;iso&quot;:&quot;160&quot;,&quot;shutter_speed&quot;:&quot;0.005&quot;,&quot;title&quot;:&quot;&quot;,&quot;orientation&quot;:&quot;0&quot;}\" data-image-title=\"wedding-da-37\" data-image-description=\"\" data-image-caption=\"\" data-medium-file=\"https:\/\/i0.wp.com\/lisatroeber-photography.com\/wp-content\/uploads\/2019\/03\/wedding-da-37.jpg?fit=200%2C300\" data-large-file=\"https:\/\/i0.wp.com\/lisatroeber-photography.com\/wp-content\/uploads\/2019\/03\/wedding-da-37.jpg?fit=667%2C1000\" data-attachment-id=\"3224\" data-permalink=\"http:\/\/lisatroeber-photography.com\/index.php\/2019\/03\/15\/spaetsommerhochzeit-in-altlengbach\/wedding-da-37\/\" data-orig-file=\"https:\/\/i0.wp.com\/lisatroeber-photography.com\/wp-content\/uploads\/2019\/03\/wedding-da-37.jpg?fit=667%2C1000\" data-orig-size=\"667,1000\" data-comments-opened=\"0\" data-image-meta=\"{&quot;aperture&quot;:&quot;4&quot;,&quot;credit&quot;:&quot;&quot;,&quot;camera&quot;:&quot;Canon EOS 5D Mark IV&quot;,&quot;caption&quot;:&quot;&quot;,&quot;created_timestamp&quot;:&quot;1535216266&quot;,&quot;copyright&quot;:&quot;&quot;,&quot;focal_length&quot;:&quot;50&quot;,&quot;iso&quot;:&quot;160&quot;,&quot;shutter_speed&quot;:&quot;0.005&quot;,&quot;title&quot;:&quot;&quot;,&quot;orientation&quot;:&quot;0&quot;}\" data-image-title=\"wedding-da-37\" data-image-description=\"\" data-image-caption=\"\" data-medium-file=\"https:\/\/i0.wp.com\/lisatroeber-photography.com\/wp-content\/uploads\/2019\/03\/wedding-da-37.jpg?fit=200%2C300\" data-large-file=\"https:\/\/i0.wp.com\/lisatroeber-photography.com\/wp-content\/uploads\/2019\/03\/wedding-da-37.jpg?fit=667%2C1000\" srcset=\"https:\/\/i2.wp.com\/lisatroeber-photography.com\/wp-content\/uploads\/2019\/03\/wedding-da-37.jpg?strip=info&#038;w=600 600w,https:\/\/i2.wp.com\/lisatroeber-photography.com\/wp-content\/uploads\/2019\/03\/wedding-da-37.jpg?strip=info&#038;w=667 667w\" alt=\"\" data-height=\"1000\" data-id=\"3224\" data-link=\"http:\/\/lisatroeber-photography.com\/index.php\/2019\/03\/15\/spaetsommerhochzeit-in-altlengbach\/wedding-da-37\/\" data-url=\"http:\/\/lisatroeber-photography.com\/wp-content\/uploads\/2019\/03\/wedding-da-37.jpg\" data-width=\"667\" src=\"https:\/\/i2.wp.com\/lisatroeber-photography.com\/wp-content\/uploads\/2019\/03\/wedding-da-37.jpg\"\/><\/figure><\/div><div class=\"tiled-gallery__col\"><figure class=\"tiled-gallery__item\"><img decoding=\"async\" data-attachment-id=\"3225\" data-permalink=\"http:\/\/lisatroeber-photography.com\/index.php\/2019\/03\/15\/spaetsommerhochzeit-in-altlengbach\/wedding-da-38\/\" data-orig-file=\"https:\/\/i0.wp.com\/lisatroeber-photography.com\/wp-content\/uploads\/2019\/03\/wedding-da-38.jpg?fit=667%2C1000\" data-orig-size=\"667,1000\" data-comments-opened=\"0\" data-image-meta=\"{&quot;aperture&quot;:&quot;2.2&quot;,&quot;credit&quot;:&quot;&quot;,&quot;camera&quot;:&quot;Canon EOS 5D Mark IV&quot;,&quot;caption&quot;:&quot;&quot;,&quot;created_timestamp&quot;:&quot;1535217107&quot;,&quot;copyright&quot;:&quot;&quot;,&quot;focal_length&quot;:&quot;50&quot;,&quot;iso&quot;:&quot;100&quot;,&quot;shutter_speed&quot;:&quot;0.008&quot;,&quot;title&quot;:&quot;&quot;,&quot;orientation&quot;:&quot;0&quot;}\" data-image-title=\"wedding-da-38\" data-image-description=\"\" data-image-caption=\"\" data-medium-file=\"https:\/\/i0.wp.com\/lisatroeber-photography.com\/wp-content\/uploads\/2019\/03\/wedding-da-38.jpg?fit=200%2C300\" data-large-file=\"https:\/\/i0.wp.com\/lisatroeber-photography.com\/wp-content\/uploads\/2019\/03\/wedding-da-38.jpg?fit=667%2C1000\" data-attachment-id=\"3225\" data-permalink=\"http:\/\/lisatroeber-photography.com\/index.php\/2019\/03\/15\/spaetsommerhochzeit-in-altlengbach\/wedding-da-38\/\" data-orig-file=\"https:\/\/i0.wp.com\/lisatroeber-photography.com\/wp-content\/uploads\/2019\/03\/wedding-da-38.jpg?fit=667%2C1000\" data-orig-size=\"667,1000\" data-comments-opened=\"0\" data-image-meta=\"{&quot;aperture&quot;:&quot;2.2&quot;,&quot;credit&quot;:&quot;&quot;,&quot;camera&quot;:&quot;Canon EOS 5D Mark IV&quot;,&quot;caption&quot;:&quot;&quot;,&quot;created_timestamp&quot;:&quot;1535217107&quot;,&quot;copyright&quot;:&quot;&quot;,&quot;focal_length&quot;:&quot;50&quot;,&quot;iso&quot;:&quot;100&quot;,&quot;shutter_speed&quot;:&quot;0.008&quot;,&quot;title&quot;:&quot;&quot;,&quot;orientation&quot;:&quot;0&quot;}\" data-image-title=\"wedding-da-38\" data-image-description=\"\" data-image-caption=\"\" data-medium-file=\"https:\/\/i0.wp.com\/lisatroeber-photography.com\/wp-content\/uploads\/2019\/03\/wedding-da-38.jpg?fit=200%2C300\" data-large-file=\"https:\/\/i0.wp.com\/lisatroeber-photography.com\/wp-content\/uploads\/2019\/03\/wedding-da-38.jpg?fit=667%2C1000\" srcset=\"https:\/\/i1.wp.com\/lisatroeber-photography.com\/wp-content\/uploads\/2019\/03\/wedding-da-38.jpg?strip=info&#038;w=600 600w,https:\/\/i1.wp.com\/lisatroeber-photography.com\/wp-content\/uploads\/2019\/03\/wedding-da-38.jpg?strip=info&#038;w=667 667w\" alt=\"\" data-height=\"1000\" data-id=\"3225\" data-link=\"http:\/\/lisatroeber-photography.com\/index.php\/2019\/03\/15\/spaetsommerhochzeit-in-altlengbach\/wedding-da-38\/\" data-url=\"http:\/\/lisatroeber-photography.com\/wp-content\/uploads\/2019\/03\/wedding-da-38.jpg\" data-width=\"667\" src=\"https:\/\/i1.wp.com\/lisatroeber-photography.com\/wp-content\/uploads\/2019\/03\/wedding-da-38.jpg\"\/><\/figure><\/div><div class=\"tiled-gallery__col\"><figure class=\"tiled-gallery__item\"><img decoding=\"async\" data-attachment-id=\"3226\" data-permalink=\"http:\/\/lisatroeber-photography.com\/index.php\/2019\/03\/15\/spaetsommerhochzeit-in-altlengbach\/wedding-da-39\/\" data-orig-file=\"https:\/\/i0.wp.com\/lisatroeber-photography.com\/wp-content\/uploads\/2019\/03\/wedding-da-39.jpg?fit=667%2C1000\" data-orig-size=\"667,1000\" data-comments-opened=\"0\" data-image-meta=\"{&quot;aperture&quot;:&quot;2.2&quot;,&quot;credit&quot;:&quot;&quot;,&quot;camera&quot;:&quot;Canon EOS 5D Mark IV&quot;,&quot;caption&quot;:&quot;&quot;,&quot;created_timestamp&quot;:&quot;1535217167&quot;,&quot;copyright&quot;:&quot;&quot;,&quot;focal_length&quot;:&quot;50&quot;,&quot;iso&quot;:&quot;100&quot;,&quot;shutter_speed&quot;:&quot;0.008&quot;,&quot;title&quot;:&quot;&quot;,&quot;orientation&quot;:&quot;0&quot;}\" data-image-title=\"wedding-da-39\" data-image-description=\"\" data-image-caption=\"\" data-medium-file=\"https:\/\/i0.wp.com\/lisatroeber-photography.com\/wp-content\/uploads\/2019\/03\/wedding-da-39.jpg?fit=200%2C300\" data-large-file=\"https:\/\/i0.wp.com\/lisatroeber-photography.com\/wp-content\/uploads\/2019\/03\/wedding-da-39.jpg?fit=667%2C1000\" data-attachment-id=\"3226\" data-permalink=\"http:\/\/lisatroeber-photography.com\/index.php\/2019\/03\/15\/spaetsommerhochzeit-in-altlengbach\/wedding-da-39\/\" data-orig-file=\"https:\/\/i0.wp.com\/lisatroeber-photography.com\/wp-content\/uploads\/2019\/03\/wedding-da-39.jpg?fit=667%2C1000\" data-orig-size=\"667,1000\" data-comments-opened=\"0\" data-image-meta=\"{&quot;aperture&quot;:&quot;2.2&quot;,&quot;credit&quot;:&quot;&quot;,&quot;camera&quot;:&quot;Canon EOS 5D Mark IV&quot;,&quot;caption&quot;:&quot;&quot;,&quot;created_timestamp&quot;:&quot;1535217167&quot;,&quot;copyright&quot;:&quot;&quot;,&quot;focal_length&quot;:&quot;50&quot;,&quot;iso&quot;:&quot;100&quot;,&quot;shutter_speed&quot;:&quot;0.008&quot;,&quot;title&quot;:&quot;&quot;,&quot;orientation&quot;:&quot;0&quot;}\" data-image-title=\"wedding-da-39\" data-image-description=\"\" data-image-caption=\"\" data-medium-file=\"https:\/\/i0.wp.com\/lisatroeber-photography.com\/wp-content\/uploads\/2019\/03\/wedding-da-39.jpg?fit=200%2C300\" data-large-file=\"https:\/\/i0.wp.com\/lisatroeber-photography.com\/wp-content\/uploads\/2019\/03\/wedding-da-39.jpg?fit=667%2C1000\" srcset=\"https:\/\/i2.wp.com\/lisatroeber-photography.com\/wp-content\/uploads\/2019\/03\/wedding-da-39.jpg?strip=info&#038;w=600 600w,https:\/\/i2.wp.com\/lisatroeber-photography.com\/wp-content\/uploads\/2019\/03\/wedding-da-39.jpg?strip=info&#038;w=667 667w\" alt=\"\" data-height=\"1000\" data-id=\"3226\" data-link=\"http:\/\/lisatroeber-photography.com\/index.php\/2019\/03\/15\/spaetsommerhochzeit-in-altlengbach\/wedding-da-39\/\" data-url=\"http:\/\/lisatroeber-photography.com\/wp-content\/uploads\/2019\/03\/wedding-da-39.jpg\" data-width=\"667\" src=\"https:\/\/i2.wp.com\/lisatroeber-photography.com\/wp-content\/uploads\/2019\/03\/wedding-da-39.jpg\"\/><\/figure><\/div><\/div><div class=\"tiled-gallery__row\"><div class=\"tiled-gallery__col\"><figure class=\"tiled-gallery__item\"><img decoding=\"async\" data-attachment-id=\"3227\" data-permalink=\"http:\/\/lisatroeber-photography.com\/index.php\/2019\/03\/15\/spaetsommerhochzeit-in-altlengbach\/wedding-da-40\/\" data-orig-file=\"https:\/\/i0.wp.com\/lisatroeber-photography.com\/wp-content\/uploads\/2019\/03\/wedding-da-40.jpg?fit=667%2C1000\" data-orig-size=\"667,1000\" data-comments-opened=\"0\" data-image-meta=\"{&quot;aperture&quot;:&quot;4&quot;,&quot;credit&quot;:&quot;&quot;,&quot;camera&quot;:&quot;Canon EOS 5D Mark IV&quot;,&quot;caption&quot;:&quot;&quot;,&quot;created_timestamp&quot;:&quot;1535217193&quot;,&quot;copyright&quot;:&quot;&quot;,&quot;focal_length&quot;:&quot;50&quot;,&quot;iso&quot;:&quot;125&quot;,&quot;shutter_speed&quot;:&quot;0.01&quot;,&quot;title&quot;:&quot;&quot;,&quot;orientation&quot;:&quot;0&quot;}\" data-image-title=\"wedding-da-40\" data-image-description=\"\" data-image-caption=\"\" data-medium-file=\"https:\/\/i0.wp.com\/lisatroeber-photography.com\/wp-content\/uploads\/2019\/03\/wedding-da-40.jpg?fit=200%2C300\" data-large-file=\"https:\/\/i0.wp.com\/lisatroeber-photography.com\/wp-content\/uploads\/2019\/03\/wedding-da-40.jpg?fit=667%2C1000\" data-attachment-id=\"3227\" data-permalink=\"http:\/\/lisatroeber-photography.com\/index.php\/2019\/03\/15\/spaetsommerhochzeit-in-altlengbach\/wedding-da-40\/\" data-orig-file=\"https:\/\/i0.wp.com\/lisatroeber-photography.com\/wp-content\/uploads\/2019\/03\/wedding-da-40.jpg?fit=667%2C1000\" data-orig-size=\"667,1000\" data-comments-opened=\"0\" data-image-meta=\"{&quot;aperture&quot;:&quot;4&quot;,&quot;credit&quot;:&quot;&quot;,&quot;camera&quot;:&quot;Canon EOS 5D Mark IV&quot;,&quot;caption&quot;:&quot;&quot;,&quot;created_timestamp&quot;:&quot;1535217193&quot;,&quot;copyright&quot;:&quot;&quot;,&quot;focal_length&quot;:&quot;50&quot;,&quot;iso&quot;:&quot;125&quot;,&quot;shutter_speed&quot;:&quot;0.01&quot;,&quot;title&quot;:&quot;&quot;,&quot;orientation&quot;:&quot;0&quot;}\" data-image-title=\"wedding-da-40\" data-image-description=\"\" data-image-caption=\"\" data-medium-file=\"https:\/\/i0.wp.com\/lisatroeber-photography.com\/wp-content\/uploads\/2019\/03\/wedding-da-40.jpg?fit=200%2C300\" data-large-file=\"https:\/\/i0.wp.com\/lisatroeber-photography.com\/wp-content\/uploads\/2019\/03\/wedding-da-40.jpg?fit=667%2C1000\" srcset=\"https:\/\/i2.wp.com\/lisatroeber-photography.com\/wp-content\/uploads\/2019\/03\/wedding-da-40.jpg?strip=info&#038;w=600 600w,https:\/\/i2.wp.com\/lisatroeber-photography.com\/wp-content\/uploads\/2019\/03\/wedding-da-40.jpg?strip=info&#038;w=667 667w\" alt=\"\" data-height=\"1000\" data-id=\"3227\" data-link=\"http:\/\/lisatroeber-photography.com\/index.php\/2019\/03\/15\/spaetsommerhochzeit-in-altlengbach\/wedding-da-40\/\" data-url=\"http:\/\/lisatroeber-photography.com\/wp-content\/uploads\/2019\/03\/wedding-da-40.jpg\" data-width=\"667\" src=\"https:\/\/i2.wp.com\/lisatroeber-photography.com\/wp-content\/uploads\/2019\/03\/wedding-da-40.jpg\"\/><\/figure><\/div><div class=\"tiled-gallery__col\"><figure class=\"tiled-gallery__item\"><img decoding=\"async\" data-attachment-id=\"3228\" data-permalink=\"http:\/\/lisatroeber-photography.com\/index.php\/2019\/03\/15\/spaetsommerhochzeit-in-altlengbach\/wedding-da-41\/\" data-orig-file=\"https:\/\/i0.wp.com\/lisatroeber-photography.com\/wp-content\/uploads\/2019\/03\/wedding-da-41.jpg?fit=667%2C1000\" data-orig-size=\"667,1000\" data-comments-opened=\"0\" data-image-meta=\"{&quot;aperture&quot;:&quot;4.5&quot;,&quot;credit&quot;:&quot;&quot;,&quot;camera&quot;:&quot;Canon EOS 5D Mark IV&quot;,&quot;caption&quot;:&quot;&quot;,&quot;created_timestamp&quot;:&quot;1535219310&quot;,&quot;copyright&quot;:&quot;&quot;,&quot;focal_length&quot;:&quot;35&quot;,&quot;iso&quot;:&quot;100&quot;,&quot;shutter_speed&quot;:&quot;0.01&quot;,&quot;title&quot;:&quot;&quot;,&quot;orientation&quot;:&quot;0&quot;}\" data-image-title=\"wedding-da-41\" data-image-description=\"\" data-image-caption=\"\" data-medium-file=\"https:\/\/i0.wp.com\/lisatroeber-photography.com\/wp-content\/uploads\/2019\/03\/wedding-da-41.jpg?fit=200%2C300\" data-large-file=\"https:\/\/i0.wp.com\/lisatroeber-photography.com\/wp-content\/uploads\/2019\/03\/wedding-da-41.jpg?fit=667%2C1000\" data-attachment-id=\"3228\" data-permalink=\"http:\/\/lisatroeber-photography.com\/index.php\/2019\/03\/15\/spaetsommerhochzeit-in-altlengbach\/wedding-da-41\/\" data-orig-file=\"https:\/\/i0.wp.com\/lisatroeber-photography.com\/wp-content\/uploads\/2019\/03\/wedding-da-41.jpg?fit=667%2C1000\" data-orig-size=\"667,1000\" data-comments-opened=\"0\" data-image-meta=\"{&quot;aperture&quot;:&quot;4.5&quot;,&quot;credit&quot;:&quot;&quot;,&quot;camera&quot;:&quot;Canon EOS 5D Mark IV&quot;,&quot;caption&quot;:&quot;&quot;,&quot;created_timestamp&quot;:&quot;1535219310&quot;,&quot;copyright&quot;:&quot;&quot;,&quot;focal_length&quot;:&quot;35&quot;,&quot;iso&quot;:&quot;100&quot;,&quot;shutter_speed&quot;:&quot;0.01&quot;,&quot;title&quot;:&quot;&quot;,&quot;orientation&quot;:&quot;0&quot;}\" data-image-title=\"wedding-da-41\" data-image-description=\"\" data-image-caption=\"\" data-medium-file=\"https:\/\/i0.wp.com\/lisatroeber-photography.com\/wp-content\/uploads\/2019\/03\/wedding-da-41.jpg?fit=200%2C300\" data-large-file=\"https:\/\/i0.wp.com\/lisatroeber-photography.com\/wp-content\/uploads\/2019\/03\/wedding-da-41.jpg?fit=667%2C1000\" srcset=\"https:\/\/i0.wp.com\/lisatroeber-photography.com\/wp-content\/uploads\/2019\/03\/wedding-da-41.jpg?strip=info&#038;w=600 600w,https:\/\/i0.wp.com\/lisatroeber-photography.com\/wp-content\/uploads\/2019\/03\/wedding-da-41.jpg?strip=info&#038;w=667 667w\" alt=\"\" data-height=\"1000\" data-id=\"3228\" data-link=\"http:\/\/lisatroeber-photography.com\/index.php\/2019\/03\/15\/spaetsommerhochzeit-in-altlengbach\/wedding-da-41\/\" data-url=\"http:\/\/lisatroeber-photography.com\/wp-content\/uploads\/2019\/03\/wedding-da-41.jpg\" data-width=\"667\" src=\"https:\/\/i0.wp.com\/lisatroeber-photography.com\/wp-content\/uploads\/2019\/03\/wedding-da-41.jpg\"\/><\/figure><\/div><\/div><div class=\"tiled-gallery__row\"><div class=\"tiled-gallery__col\"><figure class=\"tiled-gallery__item\"><img decoding=\"async\" data-attachment-id=\"3229\" data-permalink=\"http:\/\/lisatroeber-photography.com\/index.php\/2019\/03\/15\/spaetsommerhochzeit-in-altlengbach\/wedding-da-42\/\" data-orig-file=\"https:\/\/i0.wp.com\/lisatroeber-photography.com\/wp-content\/uploads\/2019\/03\/wedding-da-42.jpg?fit=1000%2C667\" data-orig-size=\"1000,667\" data-comments-opened=\"0\" data-image-meta=\"{&quot;aperture&quot;:&quot;2.2&quot;,&quot;credit&quot;:&quot;&quot;,&quot;camera&quot;:&quot;Canon EOS 5D Mark IV&quot;,&quot;caption&quot;:&quot;&quot;,&quot;created_timestamp&quot;:&quot;1535219404&quot;,&quot;copyright&quot;:&quot;&quot;,&quot;focal_length&quot;:&quot;35&quot;,&quot;iso&quot;:&quot;100&quot;,&quot;shutter_speed&quot;:&quot;0.003125&quot;,&quot;title&quot;:&quot;&quot;,&quot;orientation&quot;:&quot;0&quot;}\" data-image-title=\"wedding-da-42\" data-image-description=\"\" data-image-caption=\"\" data-medium-file=\"https:\/\/i0.wp.com\/lisatroeber-photography.com\/wp-content\/uploads\/2019\/03\/wedding-da-42.jpg?fit=300%2C200\" data-large-file=\"https:\/\/i0.wp.com\/lisatroeber-photography.com\/wp-content\/uploads\/2019\/03\/wedding-da-42.jpg?fit=1000%2C667\" data-attachment-id=\"3229\" data-permalink=\"http:\/\/lisatroeber-photography.com\/index.php\/2019\/03\/15\/spaetsommerhochzeit-in-altlengbach\/wedding-da-42\/\" data-orig-file=\"https:\/\/i0.wp.com\/lisatroeber-photography.com\/wp-content\/uploads\/2019\/03\/wedding-da-42.jpg?fit=1000%2C667\" data-orig-size=\"1000,667\" data-comments-opened=\"0\" data-image-meta=\"{&quot;aperture&quot;:&quot;2.2&quot;,&quot;credit&quot;:&quot;&quot;,&quot;camera&quot;:&quot;Canon EOS 5D Mark IV&quot;,&quot;caption&quot;:&quot;&quot;,&quot;created_timestamp&quot;:&quot;1535219404&quot;,&quot;copyright&quot;:&quot;&quot;,&quot;focal_length&quot;:&quot;35&quot;,&quot;iso&quot;:&quot;100&quot;,&quot;shutter_speed&quot;:&quot;0.003125&quot;,&quot;title&quot;:&quot;&quot;,&quot;orientation&quot;:&quot;0&quot;}\" data-image-title=\"wedding-da-42\" data-image-description=\"\" data-image-caption=\"\" data-medium-file=\"https:\/\/i0.wp.com\/lisatroeber-photography.com\/wp-content\/uploads\/2019\/03\/wedding-da-42.jpg?fit=300%2C200\" data-large-file=\"https:\/\/i0.wp.com\/lisatroeber-photography.com\/wp-content\/uploads\/2019\/03\/wedding-da-42.jpg?fit=1000%2C667\" srcset=\"https:\/\/i1.wp.com\/lisatroeber-photography.com\/wp-content\/uploads\/2019\/03\/wedding-da-42.jpg?strip=info&#038;w=600 600w,https:\/\/i1.wp.com\/lisatroeber-photography.com\/wp-content\/uploads\/2019\/03\/wedding-da-42.jpg?strip=info&#038;w=900 900w,https:\/\/i1.wp.com\/lisatroeber-photography.com\/wp-content\/uploads\/2019\/03\/wedding-da-42.jpg?strip=info&#038;w=1000 1000w\" alt=\"\" data-height=\"667\" data-id=\"3229\" data-link=\"http:\/\/lisatroeber-photography.com\/index.php\/2019\/03\/15\/spaetsommerhochzeit-in-altlengbach\/wedding-da-42\/\" data-url=\"http:\/\/lisatroeber-photography.com\/wp-content\/uploads\/2019\/03\/wedding-da-42.jpg\" data-width=\"1000\" src=\"https:\/\/i1.wp.com\/lisatroeber-photography.com\/wp-content\/uploads\/2019\/03\/wedding-da-42.jpg\"\/><\/figure><\/div><div class=\"tiled-gallery__col\"><figure class=\"tiled-gallery__item\"><img decoding=\"async\" data-attachment-id=\"3230\" data-permalink=\"http:\/\/lisatroeber-photography.com\/index.php\/2019\/03\/15\/spaetsommerhochzeit-in-altlengbach\/wedding-da-43\/\" data-orig-file=\"https:\/\/i0.wp.com\/lisatroeber-photography.com\/wp-content\/uploads\/2019\/03\/wedding-da-43.jpg?fit=1000%2C667\" data-orig-size=\"1000,667\" data-comments-opened=\"0\" data-image-meta=\"{&quot;aperture&quot;:&quot;2.5&quot;,&quot;credit&quot;:&quot;&quot;,&quot;camera&quot;:&quot;Canon EOS 5D Mark IV&quot;,&quot;caption&quot;:&quot;&quot;,&quot;created_timestamp&quot;:&quot;1535219559&quot;,&quot;copyright&quot;:&quot;&quot;,&quot;focal_length&quot;:&quot;35&quot;,&quot;iso&quot;:&quot;100&quot;,&quot;shutter_speed&quot;:&quot;0.003125&quot;,&quot;title&quot;:&quot;&quot;,&quot;orientation&quot;:&quot;0&quot;}\" data-image-title=\"wedding-da-43\" data-image-description=\"\" data-image-caption=\"\" data-medium-file=\"https:\/\/i0.wp.com\/lisatroeber-photography.com\/wp-content\/uploads\/2019\/03\/wedding-da-43.jpg?fit=300%2C200\" data-large-file=\"https:\/\/i0.wp.com\/lisatroeber-photography.com\/wp-content\/uploads\/2019\/03\/wedding-da-43.jpg?fit=1000%2C667\" data-attachment-id=\"3230\" data-permalink=\"http:\/\/lisatroeber-photography.com\/index.php\/2019\/03\/15\/spaetsommerhochzeit-in-altlengbach\/wedding-da-43\/\" data-orig-file=\"https:\/\/i0.wp.com\/lisatroeber-photography.com\/wp-content\/uploads\/2019\/03\/wedding-da-43.jpg?fit=1000%2C667\" data-orig-size=\"1000,667\" data-comments-opened=\"0\" data-image-meta=\"{&quot;aperture&quot;:&quot;2.5&quot;,&quot;credit&quot;:&quot;&quot;,&quot;camera&quot;:&quot;Canon EOS 5D Mark IV&quot;,&quot;caption&quot;:&quot;&quot;,&quot;created_timestamp&quot;:&quot;1535219559&quot;,&quot;copyright&quot;:&quot;&quot;,&quot;focal_length&quot;:&quot;35&quot;,&quot;iso&quot;:&quot;100&quot;,&quot;shutter_speed&quot;:&quot;0.003125&quot;,&quot;title&quot;:&quot;&quot;,&quot;orientation&quot;:&quot;0&quot;}\" data-image-title=\"wedding-da-43\" data-image-description=\"\" data-image-caption=\"\" data-medium-file=\"https:\/\/i0.wp.com\/lisatroeber-photography.com\/wp-content\/uploads\/2019\/03\/wedding-da-43.jpg?fit=300%2C200\" data-large-file=\"https:\/\/i0.wp.com\/lisatroeber-photography.com\/wp-content\/uploads\/2019\/03\/wedding-da-43.jpg?fit=1000%2C667\" srcset=\"https:\/\/i2.wp.com\/lisatroeber-photography.com\/wp-content\/uploads\/2019\/03\/wedding-da-43.jpg?strip=info&#038;w=600 600w,https:\/\/i2.wp.com\/lisatroeber-photography.com\/wp-content\/uploads\/2019\/03\/wedding-da-43.jpg?strip=info&#038;w=900 900w,https:\/\/i2.wp.com\/lisatroeber-photography.com\/wp-content\/uploads\/2019\/03\/wedding-da-43.jpg?strip=info&#038;w=1000 1000w\" alt=\"\" data-height=\"667\" data-id=\"3230\" data-link=\"http:\/\/lisatroeber-photography.com\/index.php\/2019\/03\/15\/spaetsommerhochzeit-in-altlengbach\/wedding-da-43\/\" data-url=\"http:\/\/lisatroeber-photography.com\/wp-content\/uploads\/2019\/03\/wedding-da-43.jpg\" data-width=\"1000\" src=\"https:\/\/i2.wp.com\/lisatroeber-photography.com\/wp-content\/uploads\/2019\/03\/wedding-da-43.jpg\"\/><\/figure><figure class=\"tiled-gallery__item\"><img decoding=\"async\" data-attachment-id=\"3231\" data-permalink=\"http:\/\/lisatroeber-photography.com\/index.php\/2019\/03\/15\/spaetsommerhochzeit-in-altlengbach\/wedding-da-44\/\" data-orig-file=\"https:\/\/i0.wp.com\/lisatroeber-photography.com\/wp-content\/uploads\/2019\/03\/wedding-da-44.jpg?fit=1000%2C667\" data-orig-size=\"1000,667\" data-comments-opened=\"0\" data-image-meta=\"{&quot;aperture&quot;:&quot;2.5&quot;,&quot;credit&quot;:&quot;&quot;,&quot;camera&quot;:&quot;Canon EOS 5D Mark IV&quot;,&quot;caption&quot;:&quot;&quot;,&quot;created_timestamp&quot;:&quot;1535219618&quot;,&quot;copyright&quot;:&quot;&quot;,&quot;focal_length&quot;:&quot;35&quot;,&quot;iso&quot;:&quot;100&quot;,&quot;shutter_speed&quot;:&quot;0.003125&quot;,&quot;title&quot;:&quot;&quot;,&quot;orientation&quot;:&quot;0&quot;}\" data-image-title=\"wedding-da-44\" data-image-description=\"\" data-image-caption=\"\" data-medium-file=\"https:\/\/i0.wp.com\/lisatroeber-photography.com\/wp-content\/uploads\/2019\/03\/wedding-da-44.jpg?fit=300%2C200\" data-large-file=\"https:\/\/i0.wp.com\/lisatroeber-photography.com\/wp-content\/uploads\/2019\/03\/wedding-da-44.jpg?fit=1000%2C667\" data-attachment-id=\"3231\" data-permalink=\"http:\/\/lisatroeber-photography.com\/index.php\/2019\/03\/15\/spaetsommerhochzeit-in-altlengbach\/wedding-da-44\/\" data-orig-file=\"https:\/\/i0.wp.com\/lisatroeber-photography.com\/wp-content\/uploads\/2019\/03\/wedding-da-44.jpg?fit=1000%2C667\" data-orig-size=\"1000,667\" data-comments-opened=\"0\" data-image-meta=\"{&quot;aperture&quot;:&quot;2.5&quot;,&quot;credit&quot;:&quot;&quot;,&quot;camera&quot;:&quot;Canon EOS 5D Mark IV&quot;,&quot;caption&quot;:&quot;&quot;,&quot;created_timestamp&quot;:&quot;1535219618&quot;,&quot;copyright&quot;:&quot;&quot;,&quot;focal_length&quot;:&quot;35&quot;,&quot;iso&quot;:&quot;100&quot;,&quot;shutter_speed&quot;:&quot;0.003125&quot;,&quot;title&quot;:&quot;&quot;,&quot;orientation&quot;:&quot;0&quot;}\" data-image-title=\"wedding-da-44\" data-image-description=\"\" data-image-caption=\"\" data-medium-file=\"https:\/\/i0.wp.com\/lisatroeber-photography.com\/wp-content\/uploads\/2019\/03\/wedding-da-44.jpg?fit=300%2C200\" data-large-file=\"https:\/\/i0.wp.com\/lisatroeber-photography.com\/wp-content\/uploads\/2019\/03\/wedding-da-44.jpg?fit=1000%2C667\" srcset=\"https:\/\/i0.wp.com\/lisatroeber-photography.com\/wp-content\/uploads\/2019\/03\/wedding-da-44.jpg?strip=info&#038;w=600 600w,https:\/\/i0.wp.com\/lisatroeber-photography.com\/wp-content\/uploads\/2019\/03\/wedding-da-44.jpg?strip=info&#038;w=900 900w,https:\/\/i0.wp.com\/lisatroeber-photography.com\/wp-content\/uploads\/2019\/03\/wedding-da-44.jpg?strip=info&#038;w=1000 1000w\" alt=\"\" data-height=\"667\" data-id=\"3231\" data-link=\"http:\/\/lisatroeber-photography.com\/index.php\/2019\/03\/15\/spaetsommerhochzeit-in-altlengbach\/wedding-da-44\/\" data-url=\"http:\/\/lisatroeber-photography.com\/wp-content\/uploads\/2019\/03\/wedding-da-44.jpg\" data-width=\"1000\" src=\"https:\/\/i0.wp.com\/lisatroeber-photography.com\/wp-content\/uploads\/2019\/03\/wedding-da-44.jpg\"\/><\/figure><\/div><\/div><div class=\"tiled-gallery__row\"><div class=\"tiled-gallery__col\"><figure class=\"tiled-gallery__item\"><img decoding=\"async\" data-attachment-id=\"3232\" data-permalink=\"http:\/\/lisatroeber-photography.com\/index.php\/2019\/03\/15\/spaetsommerhochzeit-in-altlengbach\/wedding-da-45\/\" data-orig-file=\"https:\/\/i0.wp.com\/lisatroeber-photography.com\/wp-content\/uploads\/2019\/03\/wedding-da-45.jpg?fit=1000%2C667\" data-orig-size=\"1000,667\" data-comments-opened=\"0\" data-image-meta=\"{&quot;aperture&quot;:&quot;2.2&quot;,&quot;credit&quot;:&quot;&quot;,&quot;camera&quot;:&quot;Canon EOS 5D Mark IV&quot;,&quot;caption&quot;:&quot;&quot;,&quot;created_timestamp&quot;:&quot;1535219721&quot;,&quot;copyright&quot;:&quot;&quot;,&quot;focal_length&quot;:&quot;35&quot;,&quot;iso&quot;:&quot;100&quot;,&quot;shutter_speed&quot;:&quot;0.003125&quot;,&quot;title&quot;:&quot;&quot;,&quot;orientation&quot;:&quot;0&quot;}\" data-image-title=\"wedding-da-45\" data-image-description=\"\" data-image-caption=\"\" data-medium-file=\"https:\/\/i0.wp.com\/lisatroeber-photography.com\/wp-content\/uploads\/2019\/03\/wedding-da-45.jpg?fit=300%2C200\" data-large-file=\"https:\/\/i0.wp.com\/lisatroeber-photography.com\/wp-content\/uploads\/2019\/03\/wedding-da-45.jpg?fit=1000%2C667\" data-attachment-id=\"3232\" data-permalink=\"http:\/\/lisatroeber-photography.com\/index.php\/2019\/03\/15\/spaetsommerhochzeit-in-altlengbach\/wedding-da-45\/\" data-orig-file=\"https:\/\/i0.wp.com\/lisatroeber-photography.com\/wp-content\/uploads\/2019\/03\/wedding-da-45.jpg?fit=1000%2C667\" data-orig-size=\"1000,667\" data-comments-opened=\"0\" data-image-meta=\"{&quot;aperture&quot;:&quot;2.2&quot;,&quot;credit&quot;:&quot;&quot;,&quot;camera&quot;:&quot;Canon EOS 5D Mark IV&quot;,&quot;caption&quot;:&quot;&quot;,&quot;created_timestamp&quot;:&quot;1535219721&quot;,&quot;copyright&quot;:&quot;&quot;,&quot;focal_length&quot;:&quot;35&quot;,&quot;iso&quot;:&quot;100&quot;,&quot;shutter_speed&quot;:&quot;0.003125&quot;,&quot;title&quot;:&quot;&quot;,&quot;orientation&quot;:&quot;0&quot;}\" data-image-title=\"wedding-da-45\" data-image-description=\"\" data-image-caption=\"\" data-medium-file=\"https:\/\/i0.wp.com\/lisatroeber-photography.com\/wp-content\/uploads\/2019\/03\/wedding-da-45.jpg?fit=300%2C200\" data-large-file=\"https:\/\/i0.wp.com\/lisatroeber-photography.com\/wp-content\/uploads\/2019\/03\/wedding-da-45.jpg?fit=1000%2C667\" srcset=\"https:\/\/i1.wp.com\/lisatroeber-photography.com\/wp-content\/uploads\/2019\/03\/wedding-da-45.jpg?strip=info&#038;w=600 600w,https:\/\/i1.wp.com\/lisatroeber-photography.com\/wp-content\/uploads\/2019\/03\/wedding-da-45.jpg?strip=info&#038;w=900 900w,https:\/\/i1.wp.com\/lisatroeber-photography.com\/wp-content\/uploads\/2019\/03\/wedding-da-45.jpg?strip=info&#038;w=1000 1000w\" alt=\"\" data-height=\"667\" data-id=\"3232\" data-link=\"http:\/\/lisatroeber-photography.com\/index.php\/2019\/03\/15\/spaetsommerhochzeit-in-altlengbach\/wedding-da-45\/\" data-url=\"http:\/\/lisatroeber-photography.com\/wp-content\/uploads\/2019\/03\/wedding-da-45.jpg\" data-width=\"1000\" src=\"https:\/\/i1.wp.com\/lisatroeber-photography.com\/wp-content\/uploads\/2019\/03\/wedding-da-45.jpg\"\/><\/figure><\/div><div class=\"tiled-gallery__col\"><figure class=\"tiled-gallery__item\"><img decoding=\"async\" data-attachment-id=\"3233\" data-permalink=\"http:\/\/lisatroeber-photography.com\/index.php\/2019\/03\/15\/spaetsommerhochzeit-in-altlengbach\/wedding-da-46\/\" data-orig-file=\"https:\/\/i0.wp.com\/lisatroeber-photography.com\/wp-content\/uploads\/2019\/03\/wedding-da-46.jpg?fit=667%2C1000\" data-orig-size=\"667,1000\" data-comments-opened=\"0\" data-image-meta=\"{&quot;aperture&quot;:&quot;2.2&quot;,&quot;credit&quot;:&quot;&quot;,&quot;camera&quot;:&quot;Canon EOS 5D Mark IV&quot;,&quot;caption&quot;:&quot;&quot;,&quot;created_timestamp&quot;:&quot;1535219744&quot;,&quot;copyright&quot;:&quot;&quot;,&quot;focal_length&quot;:&quot;35&quot;,&quot;iso&quot;:&quot;100&quot;,&quot;shutter_speed&quot;:&quot;0.0025&quot;,&quot;title&quot;:&quot;&quot;,&quot;orientation&quot;:&quot;0&quot;}\" data-image-title=\"wedding-da-46\" data-image-description=\"\" data-image-caption=\"\" data-medium-file=\"https:\/\/i0.wp.com\/lisatroeber-photography.com\/wp-content\/uploads\/2019\/03\/wedding-da-46.jpg?fit=200%2C300\" data-large-file=\"https:\/\/i0.wp.com\/lisatroeber-photography.com\/wp-content\/uploads\/2019\/03\/wedding-da-46.jpg?fit=667%2C1000\" data-attachment-id=\"3233\" data-permalink=\"http:\/\/lisatroeber-photography.com\/index.php\/2019\/03\/15\/spaetsommerhochzeit-in-altlengbach\/wedding-da-46\/\" data-orig-file=\"https:\/\/i0.wp.com\/lisatroeber-photography.com\/wp-content\/uploads\/2019\/03\/wedding-da-46.jpg?fit=667%2C1000\" data-orig-size=\"667,1000\" data-comments-opened=\"0\" data-image-meta=\"{&quot;aperture&quot;:&quot;2.2&quot;,&quot;credit&quot;:&quot;&quot;,&quot;camera&quot;:&quot;Canon EOS 5D Mark IV&quot;,&quot;caption&quot;:&quot;&quot;,&quot;created_timestamp&quot;:&quot;1535219744&quot;,&quot;copyright&quot;:&quot;&quot;,&quot;focal_length&quot;:&quot;35&quot;,&quot;iso&quot;:&quot;100&quot;,&quot;shutter_speed&quot;:&quot;0.0025&quot;,&quot;title&quot;:&quot;&quot;,&quot;orientation&quot;:&quot;0&quot;}\" data-image-title=\"wedding-da-46\" data-image-description=\"\" data-image-caption=\"\" data-medium-file=\"https:\/\/i0.wp.com\/lisatroeber-photography.com\/wp-content\/uploads\/2019\/03\/wedding-da-46.jpg?fit=200%2C300\" data-large-file=\"https:\/\/i0.wp.com\/lisatroeber-photography.com\/wp-content\/uploads\/2019\/03\/wedding-da-46.jpg?fit=667%2C1000\" srcset=\"https:\/\/i1.wp.com\/lisatroeber-photography.com\/wp-content\/uploads\/2019\/03\/wedding-da-46.jpg?strip=info&#038;w=600 600w,https:\/\/i1.wp.com\/lisatroeber-photography.com\/wp-content\/uploads\/2019\/03\/wedding-da-46.jpg?strip=info&#038;w=667 667w\" alt=\"\" data-height=\"1000\" data-id=\"3233\" data-link=\"http:\/\/lisatroeber-photography.com\/index.php\/2019\/03\/15\/spaetsommerhochzeit-in-altlengbach\/wedding-da-46\/\" data-url=\"http:\/\/lisatroeber-photography.com\/wp-content\/uploads\/2019\/03\/wedding-da-46.jpg\" data-width=\"667\" src=\"https:\/\/i1.wp.com\/lisatroeber-photography.com\/wp-content\/uploads\/2019\/03\/wedding-da-46.jpg\"\/><\/figure><\/div><\/div><div class=\"tiled-gallery__row\"><div class=\"tiled-gallery__col\"><figure class=\"tiled-gallery__item\"><img decoding=\"async\" data-attachment-id=\"3234\" data-permalink=\"http:\/\/lisatroeber-photography.com\/index.php\/2019\/03\/15\/spaetsommerhochzeit-in-altlengbach\/wedding-da-47\/\" data-orig-file=\"https:\/\/i0.wp.com\/lisatroeber-photography.com\/wp-content\/uploads\/2019\/03\/wedding-da-47.jpg?fit=1000%2C667\" data-orig-size=\"1000,667\" data-comments-opened=\"0\" data-image-meta=\"{&quot;aperture&quot;:&quot;2.2&quot;,&quot;credit&quot;:&quot;&quot;,&quot;camera&quot;:&quot;Canon EOS 5D Mark IV&quot;,&quot;caption&quot;:&quot;&quot;,&quot;created_timestamp&quot;:&quot;1535219755&quot;,&quot;copyright&quot;:&quot;&quot;,&quot;focal_length&quot;:&quot;35&quot;,&quot;iso&quot;:&quot;100&quot;,&quot;shutter_speed&quot;:&quot;0.0025&quot;,&quot;title&quot;:&quot;&quot;,&quot;orientation&quot;:&quot;0&quot;}\" data-image-title=\"wedding-da-47\" data-image-description=\"\" data-image-caption=\"\" data-medium-file=\"https:\/\/i0.wp.com\/lisatroeber-photography.com\/wp-content\/uploads\/2019\/03\/wedding-da-47.jpg?fit=300%2C200\" data-large-file=\"https:\/\/i0.wp.com\/lisatroeber-photography.com\/wp-content\/uploads\/2019\/03\/wedding-da-47.jpg?fit=1000%2C667\" data-attachment-id=\"3234\" data-permalink=\"http:\/\/lisatroeber-photography.com\/index.php\/2019\/03\/15\/spaetsommerhochzeit-in-altlengbach\/wedding-da-47\/\" data-orig-file=\"https:\/\/i0.wp.com\/lisatroeber-photography.com\/wp-content\/uploads\/2019\/03\/wedding-da-47.jpg?fit=1000%2C667\" data-orig-size=\"1000,667\" data-comments-opened=\"0\" data-image-meta=\"{&quot;aperture&quot;:&quot;2.2&quot;,&quot;credit&quot;:&quot;&quot;,&quot;camera&quot;:&quot;Canon EOS 5D Mark IV&quot;,&quot;caption&quot;:&quot;&quot;,&quot;created_timestamp&quot;:&quot;1535219755&quot;,&quot;copyright&quot;:&quot;&quot;,&quot;focal_length&quot;:&quot;35&quot;,&quot;iso&quot;:&quot;100&quot;,&quot;shutter_speed&quot;:&quot;0.0025&quot;,&quot;title&quot;:&quot;&quot;,&quot;orientation&quot;:&quot;0&quot;}\" data-image-title=\"wedding-da-47\" data-image-description=\"\" data-image-caption=\"\" data-medium-file=\"https:\/\/i0.wp.com\/lisatroeber-photography.com\/wp-content\/uploads\/2019\/03\/wedding-da-47.jpg?fit=300%2C200\" data-large-file=\"https:\/\/i0.wp.com\/lisatroeber-photography.com\/wp-content\/uploads\/2019\/03\/wedding-da-47.jpg?fit=1000%2C667\" srcset=\"https:\/\/i1.wp.com\/lisatroeber-photography.com\/wp-content\/uploads\/2019\/03\/wedding-da-47.jpg?strip=info&#038;w=600 600w,https:\/\/i1.wp.com\/lisatroeber-photography.com\/wp-content\/uploads\/2019\/03\/wedding-da-47.jpg?strip=info&#038;w=900 900w,https:\/\/i1.wp.com\/lisatroeber-photography.com\/wp-content\/uploads\/2019\/03\/wedding-da-47.jpg?strip=info&#038;w=1000 1000w\" alt=\"\" data-height=\"667\" data-id=\"3234\" data-link=\"http:\/\/lisatroeber-photography.com\/index.php\/2019\/03\/15\/spaetsommerhochzeit-in-altlengbach\/wedding-da-47\/\" data-url=\"http:\/\/lisatroeber-photography.com\/wp-content\/uploads\/2019\/03\/wedding-da-47.jpg\" data-width=\"1000\" src=\"https:\/\/i1.wp.com\/lisatroeber-photography.com\/wp-content\/uploads\/2019\/03\/wedding-da-47.jpg\"\/><\/figure><\/div><div class=\"tiled-gallery__col\"><figure class=\"tiled-gallery__item\"><img decoding=\"async\" data-attachment-id=\"3235\" data-permalink=\"http:\/\/lisatroeber-photography.com\/index.php\/2019\/03\/15\/spaetsommerhochzeit-in-altlengbach\/wedding-da-48\/\" data-orig-file=\"https:\/\/i0.wp.com\/lisatroeber-photography.com\/wp-content\/uploads\/2019\/03\/wedding-da-48.jpg?fit=1000%2C667\" data-orig-size=\"1000,667\" data-comments-opened=\"0\" data-image-meta=\"{&quot;aperture&quot;:&quot;2.2&quot;,&quot;credit&quot;:&quot;&quot;,&quot;camera&quot;:&quot;Canon EOS 5D Mark IV&quot;,&quot;caption&quot;:&quot;&quot;,&quot;created_timestamp&quot;:&quot;1535219819&quot;,&quot;copyright&quot;:&quot;&quot;,&quot;focal_length&quot;:&quot;35&quot;,&quot;iso&quot;:&quot;100&quot;,&quot;shutter_speed&quot;:&quot;0.0025&quot;,&quot;title&quot;:&quot;&quot;,&quot;orientation&quot;:&quot;0&quot;}\" data-image-title=\"wedding-da-48\" data-image-description=\"\" data-image-caption=\"\" data-medium-file=\"https:\/\/i0.wp.com\/lisatroeber-photography.com\/wp-content\/uploads\/2019\/03\/wedding-da-48.jpg?fit=300%2C200\" data-large-file=\"https:\/\/i0.wp.com\/lisatroeber-photography.com\/wp-content\/uploads\/2019\/03\/wedding-da-48.jpg?fit=1000%2C667\" data-attachment-id=\"3235\" data-permalink=\"http:\/\/lisatroeber-photography.com\/index.php\/2019\/03\/15\/spaetsommerhochzeit-in-altlengbach\/wedding-da-48\/\" data-orig-file=\"https:\/\/i0.wp.com\/lisatroeber-photography.com\/wp-content\/uploads\/2019\/03\/wedding-da-48.jpg?fit=1000%2C667\" data-orig-size=\"1000,667\" data-comments-opened=\"0\" data-image-meta=\"{&quot;aperture&quot;:&quot;2.2&quot;,&quot;credit&quot;:&quot;&quot;,&quot;camera&quot;:&quot;Canon EOS 5D Mark IV&quot;,&quot;caption&quot;:&quot;&quot;,&quot;created_timestamp&quot;:&quot;1535219819&quot;,&quot;copyright&quot;:&quot;&quot;,&quot;focal_length&quot;:&quot;35&quot;,&quot;iso&quot;:&quot;100&quot;,&quot;shutter_speed&quot;:&quot;0.0025&quot;,&quot;title&quot;:&quot;&quot;,&quot;orientation&quot;:&quot;0&quot;}\" data-image-title=\"wedding-da-48\" data-image-description=\"\" data-image-caption=\"\" data-medium-file=\"https:\/\/i0.wp.com\/lisatroeber-photography.com\/wp-content\/uploads\/2019\/03\/wedding-da-48.jpg?fit=300%2C200\" data-large-file=\"https:\/\/i0.wp.com\/lisatroeber-photography.com\/wp-content\/uploads\/2019\/03\/wedding-da-48.jpg?fit=1000%2C667\" srcset=\"https:\/\/i1.wp.com\/lisatroeber-photography.com\/wp-content\/uploads\/2019\/03\/wedding-da-48.jpg?strip=info&#038;w=600 600w,https:\/\/i1.wp.com\/lisatroeber-photography.com\/wp-content\/uploads\/2019\/03\/wedding-da-48.jpg?strip=info&#038;w=900 900w,https:\/\/i1.wp.com\/lisatroeber-photography.com\/wp-content\/uploads\/2019\/03\/wedding-da-48.jpg?strip=info&#038;w=1000 1000w\" alt=\"\" data-height=\"667\" data-id=\"3235\" data-link=\"http:\/\/lisatroeber-photography.com\/index.php\/2019\/03\/15\/spaetsommerhochzeit-in-altlengbach\/wedding-da-48\/\" data-url=\"http:\/\/lisatroeber-photography.com\/wp-content\/uploads\/2019\/03\/wedding-da-48.jpg\" data-width=\"1000\" src=\"https:\/\/i1.wp.com\/lisatroeber-photography.com\/wp-content\/uploads\/2019\/03\/wedding-da-48.jpg\"\/><\/figure><\/div><div class=\"tiled-gallery__col\"><figure class=\"tiled-gallery__item\"><img decoding=\"async\" data-attachment-id=\"3236\" data-permalink=\"http:\/\/lisatroeber-photography.com\/index.php\/2019\/03\/15\/spaetsommerhochzeit-in-altlengbach\/wedding-da-49\/\" data-orig-file=\"https:\/\/i0.wp.com\/lisatroeber-photography.com\/wp-content\/uploads\/2019\/03\/wedding-da-49.jpg?fit=1000%2C667\" data-orig-size=\"1000,667\" data-comments-opened=\"0\" data-image-meta=\"{&quot;aperture&quot;:&quot;2.2&quot;,&quot;credit&quot;:&quot;&quot;,&quot;camera&quot;:&quot;Canon EOS 5D Mark IV&quot;,&quot;caption&quot;:&quot;&quot;,&quot;created_timestamp&quot;:&quot;1535219884&quot;,&quot;copyright&quot;:&quot;&quot;,&quot;focal_length&quot;:&quot;35&quot;,&quot;iso&quot;:&quot;100&quot;,&quot;shutter_speed&quot;:&quot;0.0025&quot;,&quot;title&quot;:&quot;&quot;,&quot;orientation&quot;:&quot;0&quot;}\" data-image-title=\"wedding-da-49\" data-image-description=\"\" data-image-caption=\"\" data-medium-file=\"https:\/\/i0.wp.com\/lisatroeber-photography.com\/wp-content\/uploads\/2019\/03\/wedding-da-49.jpg?fit=300%2C200\" data-large-file=\"https:\/\/i0.wp.com\/lisatroeber-photography.com\/wp-content\/uploads\/2019\/03\/wedding-da-49.jpg?fit=1000%2C667\" data-attachment-id=\"3236\" data-permalink=\"http:\/\/lisatroeber-photography.com\/index.php\/2019\/03\/15\/spaetsommerhochzeit-in-altlengbach\/wedding-da-49\/\" data-orig-file=\"https:\/\/i0.wp.com\/lisatroeber-photography.com\/wp-content\/uploads\/2019\/03\/wedding-da-49.jpg?fit=1000%2C667\" data-orig-size=\"1000,667\" data-comments-opened=\"0\" data-image-meta=\"{&quot;aperture&quot;:&quot;2.2&quot;,&quot;credit&quot;:&quot;&quot;,&quot;camera&quot;:&quot;Canon EOS 5D Mark IV&quot;,&quot;caption&quot;:&quot;&quot;,&quot;created_timestamp&quot;:&quot;1535219884&quot;,&quot;copyright&quot;:&quot;&quot;,&quot;focal_length&quot;:&quot;35&quot;,&quot;iso&quot;:&quot;100&quot;,&quot;shutter_speed&quot;:&quot;0.0025&quot;,&quot;title&quot;:&quot;&quot;,&quot;orientation&quot;:&quot;0&quot;}\" data-image-title=\"wedding-da-49\" data-image-description=\"\" data-image-caption=\"\" data-medium-file=\"https:\/\/i0.wp.com\/lisatroeber-photography.com\/wp-content\/uploads\/2019\/03\/wedding-da-49.jpg?fit=300%2C200\" data-large-file=\"https:\/\/i0.wp.com\/lisatroeber-photography.com\/wp-content\/uploads\/2019\/03\/wedding-da-49.jpg?fit=1000%2C667\" srcset=\"https:\/\/i0.wp.com\/lisatroeber-photography.com\/wp-content\/uploads\/2019\/03\/wedding-da-49.jpg?strip=info&#038;w=600 600w,https:\/\/i0.wp.com\/lisatroeber-photography.com\/wp-content\/uploads\/2019\/03\/wedding-da-49.jpg?strip=info&#038;w=900 900w,https:\/\/i0.wp.com\/lisatroeber-photography.com\/wp-content\/uploads\/2019\/03\/wedding-da-49.jpg?strip=info&#038;w=1000 1000w\" alt=\"\" data-height=\"667\" data-id=\"3236\" data-link=\"http:\/\/lisatroeber-photography.com\/index.php\/2019\/03\/15\/spaetsommerhochzeit-in-altlengbach\/wedding-da-49\/\" data-url=\"http:\/\/lisatroeber-photography.com\/wp-content\/uploads\/2019\/03\/wedding-da-49.jpg\" data-width=\"1000\" src=\"https:\/\/i0.wp.com\/lisatroeber-photography.com\/wp-content\/uploads\/2019\/03\/wedding-da-49.jpg\"\/><\/figure><\/div><\/div><div class=\"tiled-gallery__row\"><div class=\"tiled-gallery__col\"><figure class=\"tiled-gallery__item\"><img decoding=\"async\" data-attachment-id=\"3237\" data-permalink=\"http:\/\/lisatroeber-photography.com\/index.php\/2019\/03\/15\/spaetsommerhochzeit-in-altlengbach\/wedding-da-50\/\" data-orig-file=\"https:\/\/i0.wp.com\/lisatroeber-photography.com\/wp-content\/uploads\/2019\/03\/wedding-da-50.jpg?fit=1000%2C667\" data-orig-size=\"1000,667\" data-comments-opened=\"0\" data-image-meta=\"{&quot;aperture&quot;:&quot;2.2&quot;,&quot;credit&quot;:&quot;&quot;,&quot;camera&quot;:&quot;Canon EOS 5D Mark IV&quot;,&quot;caption&quot;:&quot;&quot;,&quot;created_timestamp&quot;:&quot;1535219971&quot;,&quot;copyright&quot;:&quot;&quot;,&quot;focal_length&quot;:&quot;35&quot;,&quot;iso&quot;:&quot;100&quot;,&quot;shutter_speed&quot;:&quot;0.0025&quot;,&quot;title&quot;:&quot;&quot;,&quot;orientation&quot;:&quot;0&quot;}\" data-image-title=\"wedding-da-50\" data-image-description=\"\" data-image-caption=\"\" data-medium-file=\"https:\/\/i0.wp.com\/lisatroeber-photography.com\/wp-content\/uploads\/2019\/03\/wedding-da-50.jpg?fit=300%2C200\" data-large-file=\"https:\/\/i0.wp.com\/lisatroeber-photography.com\/wp-content\/uploads\/2019\/03\/wedding-da-50.jpg?fit=1000%2C667\" data-attachment-id=\"3237\" data-permalink=\"http:\/\/lisatroeber-photography.com\/index.php\/2019\/03\/15\/spaetsommerhochzeit-in-altlengbach\/wedding-da-50\/\" data-orig-file=\"https:\/\/i0.wp.com\/lisatroeber-photography.com\/wp-content\/uploads\/2019\/03\/wedding-da-50.jpg?fit=1000%2C667\" data-orig-size=\"1000,667\" data-comments-opened=\"0\" data-image-meta=\"{&quot;aperture&quot;:&quot;2.2&quot;,&quot;credit&quot;:&quot;&quot;,&quot;camera&quot;:&quot;Canon EOS 5D Mark IV&quot;,&quot;caption&quot;:&quot;&quot;,&quot;created_timestamp&quot;:&quot;1535219971&quot;,&quot;copyright&quot;:&quot;&quot;,&quot;focal_length&quot;:&quot;35&quot;,&quot;iso&quot;:&quot;100&quot;,&quot;shutter_speed&quot;:&quot;0.0025&quot;,&quot;title&quot;:&quot;&quot;,&quot;orientation&quot;:&quot;0&quot;}\" data-image-title=\"wedding-da-50\" data-image-description=\"\" data-image-caption=\"\" data-medium-file=\"https:\/\/i0.wp.com\/lisatroeber-photography.com\/wp-content\/uploads\/2019\/03\/wedding-da-50.jpg?fit=300%2C200\" data-large-file=\"https:\/\/i0.wp.com\/lisatroeber-photography.com\/wp-content\/uploads\/2019\/03\/wedding-da-50.jpg?fit=1000%2C667\" srcset=\"https:\/\/i2.wp.com\/lisatroeber-photography.com\/wp-content\/uploads\/2019\/03\/wedding-da-50.jpg?strip=info&#038;w=600 600w,https:\/\/i2.wp.com\/lisatroeber-photography.com\/wp-content\/uploads\/2019\/03\/wedding-da-50.jpg?strip=info&#038;w=900 900w,https:\/\/i2.wp.com\/lisatroeber-photography.com\/wp-content\/uploads\/2019\/03\/wedding-da-50.jpg?strip=info&#038;w=1000 1000w\" alt=\"\" data-height=\"667\" data-id=\"3237\" data-link=\"http:\/\/lisatroeber-photography.com\/index.php\/2019\/03\/15\/spaetsommerhochzeit-in-altlengbach\/wedding-da-50\/\" data-url=\"http:\/\/lisatroeber-photography.com\/wp-content\/uploads\/2019\/03\/wedding-da-50.jpg\" data-width=\"1000\" src=\"https:\/\/i2.wp.com\/lisatroeber-photography.com\/wp-content\/uploads\/2019\/03\/wedding-da-50.jpg\"\/><\/figure><\/div><div class=\"tiled-gallery__col\"><figure class=\"tiled-gallery__item\"><img decoding=\"async\" data-attachment-id=\"3238\" data-permalink=\"http:\/\/lisatroeber-photography.com\/index.php\/2019\/03\/15\/spaetsommerhochzeit-in-altlengbach\/wedding-da-51\/\" data-orig-file=\"https:\/\/i0.wp.com\/lisatroeber-photography.com\/wp-content\/uploads\/2019\/03\/wedding-da-51.jpg?fit=667%2C1000\" data-orig-size=\"667,1000\" data-comments-opened=\"0\" data-image-meta=\"{&quot;aperture&quot;:&quot;2.2&quot;,&quot;credit&quot;:&quot;&quot;,&quot;camera&quot;:&quot;Canon EOS 5D Mark IV&quot;,&quot;caption&quot;:&quot;&quot;,&quot;created_timestamp&quot;:&quot;1535220028&quot;,&quot;copyright&quot;:&quot;&quot;,&quot;focal_length&quot;:&quot;35&quot;,&quot;iso&quot;:&quot;100&quot;,&quot;shutter_speed&quot;:&quot;0.0025&quot;,&quot;title&quot;:&quot;&quot;,&quot;orientation&quot;:&quot;0&quot;}\" data-image-title=\"wedding-da-51\" data-image-description=\"\" data-image-caption=\"\" data-medium-file=\"https:\/\/i0.wp.com\/lisatroeber-photography.com\/wp-content\/uploads\/2019\/03\/wedding-da-51.jpg?fit=200%2C300\" data-large-file=\"https:\/\/i0.wp.com\/lisatroeber-photography.com\/wp-content\/uploads\/2019\/03\/wedding-da-51.jpg?fit=667%2C1000\" data-attachment-id=\"3238\" data-permalink=\"http:\/\/lisatroeber-photography.com\/index.php\/2019\/03\/15\/spaetsommerhochzeit-in-altlengbach\/wedding-da-51\/\" data-orig-file=\"https:\/\/i0.wp.com\/lisatroeber-photography.com\/wp-content\/uploads\/2019\/03\/wedding-da-51.jpg?fit=667%2C1000\" data-orig-size=\"667,1000\" data-comments-opened=\"0\" data-image-meta=\"{&quot;aperture&quot;:&quot;2.2&quot;,&quot;credit&quot;:&quot;&quot;,&quot;camera&quot;:&quot;Canon EOS 5D Mark IV&quot;,&quot;caption&quot;:&quot;&quot;,&quot;created_timestamp&quot;:&quot;1535220028&quot;,&quot;copyright&quot;:&quot;&quot;,&quot;focal_length&quot;:&quot;35&quot;,&quot;iso&quot;:&quot;100&quot;,&quot;shutter_speed&quot;:&quot;0.0025&quot;,&quot;title&quot;:&quot;&quot;,&quot;orientation&quot;:&quot;0&quot;}\" data-image-title=\"wedding-da-51\" data-image-description=\"\" data-image-caption=\"\" data-medium-file=\"https:\/\/i0.wp.com\/lisatroeber-photography.com\/wp-content\/uploads\/2019\/03\/wedding-da-51.jpg?fit=200%2C300\" data-large-file=\"https:\/\/i0.wp.com\/lisatroeber-photography.com\/wp-content\/uploads\/2019\/03\/wedding-da-51.jpg?fit=667%2C1000\" srcset=\"https:\/\/i2.wp.com\/lisatroeber-photography.com\/wp-content\/uploads\/2019\/03\/wedding-da-51.jpg?strip=info&#038;w=600 600w,https:\/\/i2.wp.com\/lisatroeber-photography.com\/wp-content\/uploads\/2019\/03\/wedding-da-51.jpg?strip=info&#038;w=667 667w\" alt=\"\" data-height=\"1000\" data-id=\"3238\" data-link=\"http:\/\/lisatroeber-photography.com\/index.php\/2019\/03\/15\/spaetsommerhochzeit-in-altlengbach\/wedding-da-51\/\" data-url=\"http:\/\/lisatroeber-photography.com\/wp-content\/uploads\/2019\/03\/wedding-da-51.jpg\" data-width=\"667\" src=\"https:\/\/i2.wp.com\/lisatroeber-photography.com\/wp-content\/uploads\/2019\/03\/wedding-da-51.jpg\"\/><\/figure><\/div><\/div><div class=\"tiled-gallery__row\"><div class=\"tiled-gallery__col\"><figure class=\"tiled-gallery__item\"><img decoding=\"async\" data-attachment-id=\"3239\" data-permalink=\"http:\/\/lisatroeber-photography.com\/index.php\/2019\/03\/15\/spaetsommerhochzeit-in-altlengbach\/wedding-da-52\/\" data-orig-file=\"https:\/\/i0.wp.com\/lisatroeber-photography.com\/wp-content\/uploads\/2019\/03\/wedding-da-52.jpg?fit=1000%2C667\" data-orig-size=\"1000,667\" data-comments-opened=\"0\" data-image-meta=\"{&quot;aperture&quot;:&quot;2.2&quot;,&quot;credit&quot;:&quot;&quot;,&quot;camera&quot;:&quot;Canon EOS 5D Mark IV&quot;,&quot;caption&quot;:&quot;&quot;,&quot;created_timestamp&quot;:&quot;1535220160&quot;,&quot;copyright&quot;:&quot;&quot;,&quot;focal_length&quot;:&quot;35&quot;,&quot;iso&quot;:&quot;100&quot;,&quot;shutter_speed&quot;:&quot;0.0025&quot;,&quot;title&quot;:&quot;&quot;,&quot;orientation&quot;:&quot;0&quot;}\" data-image-title=\"wedding-da-52\" data-image-description=\"\" data-image-caption=\"\" data-medium-file=\"https:\/\/i0.wp.com\/lisatroeber-photography.com\/wp-content\/uploads\/2019\/03\/wedding-da-52.jpg?fit=300%2C200\" data-large-file=\"https:\/\/i0.wp.com\/lisatroeber-photography.com\/wp-content\/uploads\/2019\/03\/wedding-da-52.jpg?fit=1000%2C667\" data-attachment-id=\"3239\" data-permalink=\"http:\/\/lisatroeber-photography.com\/index.php\/2019\/03\/15\/spaetsommerhochzeit-in-altlengbach\/wedding-da-52\/\" data-orig-file=\"https:\/\/i0.wp.com\/lisatroeber-photography.com\/wp-content\/uploads\/2019\/03\/wedding-da-52.jpg?fit=1000%2C667\" data-orig-size=\"1000,667\" data-comments-opened=\"0\" data-image-meta=\"{&quot;aperture&quot;:&quot;2.2&quot;,&quot;credit&quot;:&quot;&quot;,&quot;camera&quot;:&quot;Canon EOS 5D Mark IV&quot;,&quot;caption&quot;:&quot;&quot;,&quot;created_timestamp&quot;:&quot;1535220160&quot;,&quot;copyright&quot;:&quot;&quot;,&quot;focal_length&quot;:&quot;35&quot;,&quot;iso&quot;:&quot;100&quot;,&quot;shutter_speed&quot;:&quot;0.0025&quot;,&quot;title&quot;:&quot;&quot;,&quot;orientation&quot;:&quot;0&quot;}\" data-image-title=\"wedding-da-52\" data-image-description=\"\" data-image-caption=\"\" data-medium-file=\"https:\/\/i0.wp.com\/lisatroeber-photography.com\/wp-content\/uploads\/2019\/03\/wedding-da-52.jpg?fit=300%2C200\" data-large-file=\"https:\/\/i0.wp.com\/lisatroeber-photography.com\/wp-content\/uploads\/2019\/03\/wedding-da-52.jpg?fit=1000%2C667\" srcset=\"https:\/\/i2.wp.com\/lisatroeber-photography.com\/wp-content\/uploads\/2019\/03\/wedding-da-52.jpg?strip=info&#038;w=600 600w,https:\/\/i2.wp.com\/lisatroeber-photography.com\/wp-content\/uploads\/2019\/03\/wedding-da-52.jpg?strip=info&#038;w=900 900w,https:\/\/i2.wp.com\/lisatroeber-photography.com\/wp-content\/uploads\/2019\/03\/wedding-da-52.jpg?strip=info&#038;w=1000 1000w\" alt=\"\" data-height=\"667\" data-id=\"3239\" data-link=\"http:\/\/lisatroeber-photography.com\/index.php\/2019\/03\/15\/spaetsommerhochzeit-in-altlengbach\/wedding-da-52\/\" data-url=\"http:\/\/lisatroeber-photography.com\/wp-content\/uploads\/2019\/03\/wedding-da-52.jpg\" data-width=\"1000\" src=\"https:\/\/i2.wp.com\/lisatroeber-photography.com\/wp-content\/uploads\/2019\/03\/wedding-da-52.jpg\"\/><\/figure><\/div><div class=\"tiled-gallery__col\"><figure class=\"tiled-gallery__item\"><img decoding=\"async\" data-attachment-id=\"3240\" data-permalink=\"http:\/\/lisatroeber-photography.com\/index.php\/2019\/03\/15\/spaetsommerhochzeit-in-altlengbach\/wedding-da-53\/\" data-orig-file=\"https:\/\/i0.wp.com\/lisatroeber-photography.com\/wp-content\/uploads\/2019\/03\/wedding-da-53.jpg?fit=667%2C1000\" data-orig-size=\"667,1000\" data-comments-opened=\"0\" data-image-meta=\"{&quot;aperture&quot;:&quot;2.5&quot;,&quot;credit&quot;:&quot;&quot;,&quot;camera&quot;:&quot;Canon EOS 5D Mark IV&quot;,&quot;caption&quot;:&quot;&quot;,&quot;created_timestamp&quot;:&quot;1535220380&quot;,&quot;copyright&quot;:&quot;&quot;,&quot;focal_length&quot;:&quot;35&quot;,&quot;iso&quot;:&quot;100&quot;,&quot;shutter_speed&quot;:&quot;0.003125&quot;,&quot;title&quot;:&quot;&quot;,&quot;orientation&quot;:&quot;0&quot;}\" data-image-title=\"wedding-da-53\" data-image-description=\"\" data-image-caption=\"\" data-medium-file=\"https:\/\/i0.wp.com\/lisatroeber-photography.com\/wp-content\/uploads\/2019\/03\/wedding-da-53.jpg?fit=200%2C300\" data-large-file=\"https:\/\/i0.wp.com\/lisatroeber-photography.com\/wp-content\/uploads\/2019\/03\/wedding-da-53.jpg?fit=667%2C1000\" data-attachment-id=\"3240\" data-permalink=\"http:\/\/lisatroeber-photography.com\/index.php\/2019\/03\/15\/spaetsommerhochzeit-in-altlengbach\/wedding-da-53\/\" data-orig-file=\"https:\/\/i0.wp.com\/lisatroeber-photography.com\/wp-content\/uploads\/2019\/03\/wedding-da-53.jpg?fit=667%2C1000\" data-orig-size=\"667,1000\" data-comments-opened=\"0\" data-image-meta=\"{&quot;aperture&quot;:&quot;2.5&quot;,&quot;credit&quot;:&quot;&quot;,&quot;camera&quot;:&quot;Canon EOS 5D Mark IV&quot;,&quot;caption&quot;:&quot;&quot;,&quot;created_timestamp&quot;:&quot;1535220380&quot;,&quot;copyright&quot;:&quot;&quot;,&quot;focal_length&quot;:&quot;35&quot;,&quot;iso&quot;:&quot;100&quot;,&quot;shutter_speed&quot;:&quot;0.003125&quot;,&quot;title&quot;:&quot;&quot;,&quot;orientation&quot;:&quot;0&quot;}\" data-image-title=\"wedding-da-53\" data-image-description=\"\" data-image-caption=\"\" data-medium-file=\"https:\/\/i0.wp.com\/lisatroeber-photography.com\/wp-content\/uploads\/2019\/03\/wedding-da-53.jpg?fit=200%2C300\" data-large-file=\"https:\/\/i0.wp.com\/lisatroeber-photography.com\/wp-content\/uploads\/2019\/03\/wedding-da-53.jpg?fit=667%2C1000\" srcset=\"https:\/\/i0.wp.com\/lisatroeber-photography.com\/wp-content\/uploads\/2019\/03\/wedding-da-53.jpg?strip=info&#038;w=600 600w,https:\/\/i0.wp.com\/lisatroeber-photography.com\/wp-content\/uploads\/2019\/03\/wedding-da-53.jpg?strip=info&#038;w=667 667w\" alt=\"\" data-height=\"1000\" data-id=\"3240\" data-link=\"http:\/\/lisatroeber-photography.com\/index.php\/2019\/03\/15\/spaetsommerhochzeit-in-altlengbach\/wedding-da-53\/\" data-url=\"http:\/\/lisatroeber-photography.com\/wp-content\/uploads\/2019\/03\/wedding-da-53.jpg\" data-width=\"667\" src=\"https:\/\/i0.wp.com\/lisatroeber-photography.com\/wp-content\/uploads\/2019\/03\/wedding-da-53.jpg\"\/><\/figure><\/div><\/div><div class=\"tiled-gallery__row\"><div class=\"tiled-gallery__col\"><figure class=\"tiled-gallery__item\"><img decoding=\"async\" data-attachment-id=\"3241\" data-permalink=\"http:\/\/lisatroeber-photography.com\/index.php\/2019\/03\/15\/spaetsommerhochzeit-in-altlengbach\/wedding-da-54\/\" data-orig-file=\"https:\/\/i0.wp.com\/lisatroeber-photography.com\/wp-content\/uploads\/2019\/03\/wedding-da-54.jpg?fit=1000%2C667\" data-orig-size=\"1000,667\" data-comments-opened=\"0\" data-image-meta=\"{&quot;aperture&quot;:&quot;2&quot;,&quot;credit&quot;:&quot;&quot;,&quot;camera&quot;:&quot;Canon EOS 5D Mark IV&quot;,&quot;caption&quot;:&quot;&quot;,&quot;created_timestamp&quot;:&quot;1535220463&quot;,&quot;copyright&quot;:&quot;&quot;,&quot;focal_length&quot;:&quot;35&quot;,&quot;iso&quot;:&quot;100&quot;,&quot;shutter_speed&quot;:&quot;0.003125&quot;,&quot;title&quot;:&quot;&quot;,&quot;orientation&quot;:&quot;0&quot;}\" data-image-title=\"wedding-da-54\" data-image-description=\"\" data-image-caption=\"\" data-medium-file=\"https:\/\/i0.wp.com\/lisatroeber-photography.com\/wp-content\/uploads\/2019\/03\/wedding-da-54.jpg?fit=300%2C200\" data-large-file=\"https:\/\/i0.wp.com\/lisatroeber-photography.com\/wp-content\/uploads\/2019\/03\/wedding-da-54.jpg?fit=1000%2C667\" data-attachment-id=\"3241\" data-permalink=\"http:\/\/lisatroeber-photography.com\/index.php\/2019\/03\/15\/spaetsommerhochzeit-in-altlengbach\/wedding-da-54\/\" data-orig-file=\"https:\/\/i0.wp.com\/lisatroeber-photography.com\/wp-content\/uploads\/2019\/03\/wedding-da-54.jpg?fit=1000%2C667\" data-orig-size=\"1000,667\" data-comments-opened=\"0\" data-image-meta=\"{&quot;aperture&quot;:&quot;2&quot;,&quot;credit&quot;:&quot;&quot;,&quot;camera&quot;:&quot;Canon EOS 5D Mark IV&quot;,&quot;caption&quot;:&quot;&quot;,&quot;created_timestamp&quot;:&quot;1535220463&quot;,&quot;copyright&quot;:&quot;&quot;,&quot;focal_length&quot;:&quot;35&quot;,&quot;iso&quot;:&quot;100&quot;,&quot;shutter_speed&quot;:&quot;0.003125&quot;,&quot;title&quot;:&quot;&quot;,&quot;orientation&quot;:&quot;0&quot;}\" data-image-title=\"wedding-da-54\" data-image-description=\"\" data-image-caption=\"\" data-medium-file=\"https:\/\/i0.wp.com\/lisatroeber-photography.com\/wp-content\/uploads\/2019\/03\/wedding-da-54.jpg?fit=300%2C200\" data-large-file=\"https:\/\/i0.wp.com\/lisatroeber-photography.com\/wp-content\/uploads\/2019\/03\/wedding-da-54.jpg?fit=1000%2C667\" srcset=\"https:\/\/i2.wp.com\/lisatroeber-photography.com\/wp-content\/uploads\/2019\/03\/wedding-da-54.jpg?strip=info&#038;w=600 600w,https:\/\/i2.wp.com\/lisatroeber-photography.com\/wp-content\/uploads\/2019\/03\/wedding-da-54.jpg?strip=info&#038;w=900 900w,https:\/\/i2.wp.com\/lisatroeber-photography.com\/wp-content\/uploads\/2019\/03\/wedding-da-54.jpg?strip=info&#038;w=1000 1000w\" alt=\"\" data-height=\"667\" data-id=\"3241\" data-link=\"http:\/\/lisatroeber-photography.com\/index.php\/2019\/03\/15\/spaetsommerhochzeit-in-altlengbach\/wedding-da-54\/\" data-url=\"http:\/\/lisatroeber-photography.com\/wp-content\/uploads\/2019\/03\/wedding-da-54.jpg\" data-width=\"1000\" src=\"https:\/\/i2.wp.com\/lisatroeber-photography.com\/wp-content\/uploads\/2019\/03\/wedding-da-54.jpg\"\/><\/figure><figure class=\"tiled-gallery__item\"><img decoding=\"async\" data-attachment-id=\"3242\" data-permalink=\"http:\/\/lisatroeber-photography.com\/index.php\/2019\/03\/15\/spaetsommerhochzeit-in-altlengbach\/wedding-da-55\/\" data-orig-file=\"https:\/\/i0.wp.com\/lisatroeber-photography.com\/wp-content\/uploads\/2019\/03\/wedding-da-55.jpg?fit=1000%2C667\" data-orig-size=\"1000,667\" data-comments-opened=\"0\" data-image-meta=\"{&quot;aperture&quot;:&quot;2&quot;,&quot;credit&quot;:&quot;&quot;,&quot;camera&quot;:&quot;Canon EOS 5D Mark IV&quot;,&quot;caption&quot;:&quot;&quot;,&quot;created_timestamp&quot;:&quot;1535220584&quot;,&quot;copyright&quot;:&quot;&quot;,&quot;focal_length&quot;:&quot;35&quot;,&quot;iso&quot;:&quot;100&quot;,&quot;shutter_speed&quot;:&quot;0.003125&quot;,&quot;title&quot;:&quot;&quot;,&quot;orientation&quot;:&quot;0&quot;}\" data-image-title=\"wedding-da-55\" data-image-description=\"\" data-image-caption=\"\" data-medium-file=\"https:\/\/i0.wp.com\/lisatroeber-photography.com\/wp-content\/uploads\/2019\/03\/wedding-da-55.jpg?fit=300%2C200\" data-large-file=\"https:\/\/i0.wp.com\/lisatroeber-photography.com\/wp-content\/uploads\/2019\/03\/wedding-da-55.jpg?fit=1000%2C667\" data-attachment-id=\"3242\" data-permalink=\"http:\/\/lisatroeber-photography.com\/index.php\/2019\/03\/15\/spaetsommerhochzeit-in-altlengbach\/wedding-da-55\/\" data-orig-file=\"https:\/\/i0.wp.com\/lisatroeber-photography.com\/wp-content\/uploads\/2019\/03\/wedding-da-55.jpg?fit=1000%2C667\" data-orig-size=\"1000,667\" data-comments-opened=\"0\" data-image-meta=\"{&quot;aperture&quot;:&quot;2&quot;,&quot;credit&quot;:&quot;&quot;,&quot;camera&quot;:&quot;Canon EOS 5D Mark IV&quot;,&quot;caption&quot;:&quot;&quot;,&quot;created_timestamp&quot;:&quot;1535220584&quot;,&quot;copyright&quot;:&quot;&quot;,&quot;focal_length&quot;:&quot;35&quot;,&quot;iso&quot;:&quot;100&quot;,&quot;shutter_speed&quot;:&quot;0.003125&quot;,&quot;title&quot;:&quot;&quot;,&quot;orientation&quot;:&quot;0&quot;}\" data-image-title=\"wedding-da-55\" data-image-description=\"\" data-image-caption=\"\" data-medium-file=\"https:\/\/i0.wp.com\/lisatroeber-photography.com\/wp-content\/uploads\/2019\/03\/wedding-da-55.jpg?fit=300%2C200\" data-large-file=\"https:\/\/i0.wp.com\/lisatroeber-photography.com\/wp-content\/uploads\/2019\/03\/wedding-da-55.jpg?fit=1000%2C667\" srcset=\"https:\/\/i1.wp.com\/lisatroeber-photography.com\/wp-content\/uploads\/2019\/03\/wedding-da-55.jpg?strip=info&#038;w=600 600w,https:\/\/i1.wp.com\/lisatroeber-photography.com\/wp-content\/uploads\/2019\/03\/wedding-da-55.jpg?strip=info&#038;w=900 900w,https:\/\/i1.wp.com\/lisatroeber-photography.com\/wp-content\/uploads\/2019\/03\/wedding-da-55.jpg?strip=info&#038;w=1000 1000w\" alt=\"\" data-height=\"667\" data-id=\"3242\" data-link=\"http:\/\/lisatroeber-photography.com\/index.php\/2019\/03\/15\/spaetsommerhochzeit-in-altlengbach\/wedding-da-55\/\" data-url=\"http:\/\/lisatroeber-photography.com\/wp-content\/uploads\/2019\/03\/wedding-da-55.jpg\" data-width=\"1000\" src=\"https:\/\/i1.wp.com\/lisatroeber-photography.com\/wp-content\/uploads\/2019\/03\/wedding-da-55.jpg\"\/><\/figure><figure class=\"tiled-gallery__item\"><img decoding=\"async\" data-attachment-id=\"3243\" data-permalink=\"http:\/\/lisatroeber-photography.com\/index.php\/2019\/03\/15\/spaetsommerhochzeit-in-altlengbach\/wedding-da-56\/\" data-orig-file=\"https:\/\/i0.wp.com\/lisatroeber-photography.com\/wp-content\/uploads\/2019\/03\/wedding-da-56.jpg?fit=1000%2C667\" data-orig-size=\"1000,667\" data-comments-opened=\"0\" data-image-meta=\"{&quot;aperture&quot;:&quot;2.5&quot;,&quot;credit&quot;:&quot;&quot;,&quot;camera&quot;:&quot;Canon EOS 5D Mark IV&quot;,&quot;caption&quot;:&quot;&quot;,&quot;created_timestamp&quot;:&quot;1535220980&quot;,&quot;copyright&quot;:&quot;&quot;,&quot;focal_length&quot;:&quot;35&quot;,&quot;iso&quot;:&quot;160&quot;,&quot;shutter_speed&quot;:&quot;0.00625&quot;,&quot;title&quot;:&quot;&quot;,&quot;orientation&quot;:&quot;0&quot;}\" data-image-title=\"wedding-da-56\" data-image-description=\"\" data-image-caption=\"\" data-medium-file=\"https:\/\/i0.wp.com\/lisatroeber-photography.com\/wp-content\/uploads\/2019\/03\/wedding-da-56.jpg?fit=300%2C200\" data-large-file=\"https:\/\/i0.wp.com\/lisatroeber-photography.com\/wp-content\/uploads\/2019\/03\/wedding-da-56.jpg?fit=1000%2C667\" data-attachment-id=\"3243\" data-permalink=\"http:\/\/lisatroeber-photography.com\/index.php\/2019\/03\/15\/spaetsommerhochzeit-in-altlengbach\/wedding-da-56\/\" data-orig-file=\"https:\/\/i0.wp.com\/lisatroeber-photography.com\/wp-content\/uploads\/2019\/03\/wedding-da-56.jpg?fit=1000%2C667\" data-orig-size=\"1000,667\" data-comments-opened=\"0\" data-image-meta=\"{&quot;aperture&quot;:&quot;2.5&quot;,&quot;credit&quot;:&quot;&quot;,&quot;camera&quot;:&quot;Canon EOS 5D Mark IV&quot;,&quot;caption&quot;:&quot;&quot;,&quot;created_timestamp&quot;:&quot;1535220980&quot;,&quot;copyright&quot;:&quot;&quot;,&quot;focal_length&quot;:&quot;35&quot;,&quot;iso&quot;:&quot;160&quot;,&quot;shutter_speed&quot;:&quot;0.00625&quot;,&quot;title&quot;:&quot;&quot;,&quot;orientation&quot;:&quot;0&quot;}\" data-image-title=\"wedding-da-56\" data-image-description=\"\" data-image-caption=\"\" data-medium-file=\"https:\/\/i0.wp.com\/lisatroeber-photography.com\/wp-content\/uploads\/2019\/03\/wedding-da-56.jpg?fit=300%2C200\" data-large-file=\"https:\/\/i0.wp.com\/lisatroeber-photography.com\/wp-content\/uploads\/2019\/03\/wedding-da-56.jpg?fit=1000%2C667\" srcset=\"https:\/\/i0.wp.com\/lisatroeber-photography.com\/wp-content\/uploads\/2019\/03\/wedding-da-56.jpg?strip=info&#038;w=600 600w,https:\/\/i0.wp.com\/lisatroeber-photography.com\/wp-content\/uploads\/2019\/03\/wedding-da-56.jpg?strip=info&#038;w=900 900w,https:\/\/i0.wp.com\/lisatroeber-photography.com\/wp-content\/uploads\/2019\/03\/wedding-da-56.jpg?strip=info&#038;w=1000 1000w\" alt=\"\" data-height=\"667\" data-id=\"3243\" data-link=\"http:\/\/lisatroeber-photography.com\/index.php\/2019\/03\/15\/spaetsommerhochzeit-in-altlengbach\/wedding-da-56\/\" data-url=\"http:\/\/lisatroeber-photography.com\/wp-content\/uploads\/2019\/03\/wedding-da-56.jpg\" data-width=\"1000\" src=\"https:\/\/i0.wp.com\/lisatroeber-photography.com\/wp-content\/uploads\/2019\/03\/wedding-da-56.jpg\"\/><\/figure><\/div><div class=\"tiled-gallery__col\"><figure class=\"tiled-gallery__item\"><img decoding=\"async\" data-attachment-id=\"3245\" data-permalink=\"http:\/\/lisatroeber-photography.com\/index.php\/2019\/03\/15\/spaetsommerhochzeit-in-altlengbach\/wedding-da-58\/\" data-orig-file=\"https:\/\/i0.wp.com\/lisatroeber-photography.com\/wp-content\/uploads\/2019\/03\/wedding-da-58.jpg?fit=667%2C1000\" data-orig-size=\"667,1000\" data-comments-opened=\"0\" data-image-meta=\"{&quot;aperture&quot;:&quot;2&quot;,&quot;credit&quot;:&quot;&quot;,&quot;camera&quot;:&quot;Canon EOS 5D Mark IV&quot;,&quot;caption&quot;:&quot;&quot;,&quot;created_timestamp&quot;:&quot;1535221531&quot;,&quot;copyright&quot;:&quot;&quot;,&quot;focal_length&quot;:&quot;35&quot;,&quot;iso&quot;:&quot;100&quot;,&quot;shutter_speed&quot;:&quot;0.01&quot;,&quot;title&quot;:&quot;&quot;,&quot;orientation&quot;:&quot;0&quot;}\" data-image-title=\"wedding-da-58\" data-image-description=\"\" data-image-caption=\"\" data-medium-file=\"https:\/\/i0.wp.com\/lisatroeber-photography.com\/wp-content\/uploads\/2019\/03\/wedding-da-58.jpg?fit=200%2C300\" data-large-file=\"https:\/\/i0.wp.com\/lisatroeber-photography.com\/wp-content\/uploads\/2019\/03\/wedding-da-58.jpg?fit=667%2C1000\" data-attachment-id=\"3245\" data-permalink=\"http:\/\/lisatroeber-photography.com\/index.php\/2019\/03\/15\/spaetsommerhochzeit-in-altlengbach\/wedding-da-58\/\" data-orig-file=\"https:\/\/i0.wp.com\/lisatroeber-photography.com\/wp-content\/uploads\/2019\/03\/wedding-da-58.jpg?fit=667%2C1000\" data-orig-size=\"667,1000\" data-comments-opened=\"0\" data-image-meta=\"{&quot;aperture&quot;:&quot;2&quot;,&quot;credit&quot;:&quot;&quot;,&quot;camera&quot;:&quot;Canon EOS 5D Mark IV&quot;,&quot;caption&quot;:&quot;&quot;,&quot;created_timestamp&quot;:&quot;1535221531&quot;,&quot;copyright&quot;:&quot;&quot;,&quot;focal_length&quot;:&quot;35&quot;,&quot;iso&quot;:&quot;100&quot;,&quot;shutter_speed&quot;:&quot;0.01&quot;,&quot;title&quot;:&quot;&quot;,&quot;orientation&quot;:&quot;0&quot;}\" data-image-title=\"wedding-da-58\" data-image-description=\"\" data-image-caption=\"\" data-medium-file=\"https:\/\/i0.wp.com\/lisatroeber-photography.com\/wp-content\/uploads\/2019\/03\/wedding-da-58.jpg?fit=200%2C300\" data-large-file=\"https:\/\/i0.wp.com\/lisatroeber-photography.com\/wp-content\/uploads\/2019\/03\/wedding-da-58.jpg?fit=667%2C1000\" srcset=\"https:\/\/i1.wp.com\/lisatroeber-photography.com\/wp-content\/uploads\/2019\/03\/wedding-da-58.jpg?strip=info&#038;w=600 600w,https:\/\/i1.wp.com\/lisatroeber-photography.com\/wp-content\/uploads\/2019\/03\/wedding-da-58.jpg?strip=info&#038;w=667 667w\" alt=\"\" data-height=\"1000\" data-id=\"3245\" data-link=\"http:\/\/lisatroeber-photography.com\/index.php\/2019\/03\/15\/spaetsommerhochzeit-in-altlengbach\/wedding-da-58\/\" data-url=\"http:\/\/lisatroeber-photography.com\/wp-content\/uploads\/2019\/03\/wedding-da-58.jpg\" data-width=\"667\" src=\"https:\/\/i1.wp.com\/lisatroeber-photography.com\/wp-content\/uploads\/2019\/03\/wedding-da-58.jpg\"\/><\/figure><\/div><\/div><div class=\"tiled-gallery__row\"><div class=\"tiled-gallery__col\"><figure class=\"tiled-gallery__item\"><img decoding=\"async\" data-attachment-id=\"3246\" data-permalink=\"http:\/\/lisatroeber-photography.com\/index.php\/2019\/03\/15\/spaetsommerhochzeit-in-altlengbach\/wedding-da-59\/\" data-orig-file=\"https:\/\/i0.wp.com\/lisatroeber-photography.com\/wp-content\/uploads\/2019\/03\/wedding-da-59.jpg?fit=667%2C1000\" data-orig-size=\"667,1000\" data-comments-opened=\"0\" data-image-meta=\"{&quot;aperture&quot;:&quot;2&quot;,&quot;credit&quot;:&quot;&quot;,&quot;camera&quot;:&quot;Canon EOS 5D Mark IV&quot;,&quot;caption&quot;:&quot;&quot;,&quot;created_timestamp&quot;:&quot;1535221707&quot;,&quot;copyright&quot;:&quot;&quot;,&quot;focal_length&quot;:&quot;35&quot;,&quot;iso&quot;:&quot;100&quot;,&quot;shutter_speed&quot;:&quot;0.01&quot;,&quot;title&quot;:&quot;&quot;,&quot;orientation&quot;:&quot;0&quot;}\" data-image-title=\"wedding-da-59\" data-image-description=\"\" data-image-caption=\"\" data-medium-file=\"https:\/\/i0.wp.com\/lisatroeber-photography.com\/wp-content\/uploads\/2019\/03\/wedding-da-59.jpg?fit=200%2C300\" data-large-file=\"https:\/\/i0.wp.com\/lisatroeber-photography.com\/wp-content\/uploads\/2019\/03\/wedding-da-59.jpg?fit=667%2C1000\" data-attachment-id=\"3246\" data-permalink=\"http:\/\/lisatroeber-photography.com\/index.php\/2019\/03\/15\/spaetsommerhochzeit-in-altlengbach\/wedding-da-59\/\" data-orig-file=\"https:\/\/i0.wp.com\/lisatroeber-photography.com\/wp-content\/uploads\/2019\/03\/wedding-da-59.jpg?fit=667%2C1000\" data-orig-size=\"667,1000\" data-comments-opened=\"0\" data-image-meta=\"{&quot;aperture&quot;:&quot;2&quot;,&quot;credit&quot;:&quot;&quot;,&quot;camera&quot;:&quot;Canon EOS 5D Mark IV&quot;,&quot;caption&quot;:&quot;&quot;,&quot;created_timestamp&quot;:&quot;1535221707&quot;,&quot;copyright&quot;:&quot;&quot;,&quot;focal_length&quot;:&quot;35&quot;,&quot;iso&quot;:&quot;100&quot;,&quot;shutter_speed&quot;:&quot;0.01&quot;,&quot;title&quot;:&quot;&quot;,&quot;orientation&quot;:&quot;0&quot;}\" data-image-title=\"wedding-da-59\" data-image-description=\"\" data-image-caption=\"\" data-medium-file=\"https:\/\/i0.wp.com\/lisatroeber-photography.com\/wp-content\/uploads\/2019\/03\/wedding-da-59.jpg?fit=200%2C300\" data-large-file=\"https:\/\/i0.wp.com\/lisatroeber-photography.com\/wp-content\/uploads\/2019\/03\/wedding-da-59.jpg?fit=667%2C1000\" srcset=\"https:\/\/i1.wp.com\/lisatroeber-photography.com\/wp-content\/uploads\/2019\/03\/wedding-da-59.jpg?strip=info&#038;w=600 600w,https:\/\/i1.wp.com\/lisatroeber-photography.com\/wp-content\/uploads\/2019\/03\/wedding-da-59.jpg?strip=info&#038;w=667 667w\" alt=\"\" data-height=\"1000\" data-id=\"3246\" data-link=\"http:\/\/lisatroeber-photography.com\/index.php\/2019\/03\/15\/spaetsommerhochzeit-in-altlengbach\/wedding-da-59\/\" data-url=\"http:\/\/lisatroeber-photography.com\/wp-content\/uploads\/2019\/03\/wedding-da-59.jpg\" data-width=\"667\" src=\"https:\/\/i1.wp.com\/lisatroeber-photography.com\/wp-content\/uploads\/2019\/03\/wedding-da-59.jpg\"\/><\/figure><\/div><div class=\"tiled-gallery__col\"><figure class=\"tiled-gallery__item\"><img decoding=\"async\" data-attachment-id=\"3247\" data-permalink=\"http:\/\/lisatroeber-photography.com\/index.php\/2019\/03\/15\/spaetsommerhochzeit-in-altlengbach\/wedding-da-60\/\" data-orig-file=\"https:\/\/i0.wp.com\/lisatroeber-photography.com\/wp-content\/uploads\/2019\/03\/wedding-da-60.jpg?fit=1000%2C667\" data-orig-size=\"1000,667\" data-comments-opened=\"0\" data-image-meta=\"{&quot;aperture&quot;:&quot;2&quot;,&quot;credit&quot;:&quot;&quot;,&quot;camera&quot;:&quot;Canon EOS 5D Mark IV&quot;,&quot;caption&quot;:&quot;&quot;,&quot;created_timestamp&quot;:&quot;1535221800&quot;,&quot;copyright&quot;:&quot;&quot;,&quot;focal_length&quot;:&quot;35&quot;,&quot;iso&quot;:&quot;100&quot;,&quot;shutter_speed&quot;:&quot;0.01&quot;,&quot;title&quot;:&quot;&quot;,&quot;orientation&quot;:&quot;0&quot;}\" data-image-title=\"wedding-da-60\" data-image-description=\"\" data-image-caption=\"\" data-medium-file=\"https:\/\/i0.wp.com\/lisatroeber-photography.com\/wp-content\/uploads\/2019\/03\/wedding-da-60.jpg?fit=300%2C200\" data-large-file=\"https:\/\/i0.wp.com\/lisatroeber-photography.com\/wp-content\/uploads\/2019\/03\/wedding-da-60.jpg?fit=1000%2C667\" data-attachment-id=\"3247\" data-permalink=\"http:\/\/lisatroeber-photography.com\/index.php\/2019\/03\/15\/spaetsommerhochzeit-in-altlengbach\/wedding-da-60\/\" data-orig-file=\"https:\/\/i0.wp.com\/lisatroeber-photography.com\/wp-content\/uploads\/2019\/03\/wedding-da-60.jpg?fit=1000%2C667\" data-orig-size=\"1000,667\" data-comments-opened=\"0\" data-image-meta=\"{&quot;aperture&quot;:&quot;2&quot;,&quot;credit&quot;:&quot;&quot;,&quot;camera&quot;:&quot;Canon EOS 5D Mark IV&quot;,&quot;caption&quot;:&quot;&quot;,&quot;created_timestamp&quot;:&quot;1535221800&quot;,&quot;copyright&quot;:&quot;&quot;,&quot;focal_length&quot;:&quot;35&quot;,&quot;iso&quot;:&quot;100&quot;,&quot;shutter_speed&quot;:&quot;0.01&quot;,&quot;title&quot;:&quot;&quot;,&quot;orientation&quot;:&quot;0&quot;}\" data-image-title=\"wedding-da-60\" data-image-description=\"\" data-image-caption=\"\" data-medium-file=\"https:\/\/i0.wp.com\/lisatroeber-photography.com\/wp-content\/uploads\/2019\/03\/wedding-da-60.jpg?fit=300%2C200\" data-large-file=\"https:\/\/i0.wp.com\/lisatroeber-photography.com\/wp-content\/uploads\/2019\/03\/wedding-da-60.jpg?fit=1000%2C667\" srcset=\"https:\/\/i1.wp.com\/lisatroeber-photography.com\/wp-content\/uploads\/2019\/03\/wedding-da-60.jpg?strip=info&#038;w=600 600w,https:\/\/i1.wp.com\/lisatroeber-photography.com\/wp-content\/uploads\/2019\/03\/wedding-da-60.jpg?strip=info&#038;w=900 900w,https:\/\/i1.wp.com\/lisatroeber-photography.com\/wp-content\/uploads\/2019\/03\/wedding-da-60.jpg?strip=info&#038;w=1000 1000w\" alt=\"\" data-height=\"667\" data-id=\"3247\" data-link=\"http:\/\/lisatroeber-photography.com\/index.php\/2019\/03\/15\/spaetsommerhochzeit-in-altlengbach\/wedding-da-60\/\" data-url=\"http:\/\/lisatroeber-photography.com\/wp-content\/uploads\/2019\/03\/wedding-da-60.jpg\" data-width=\"1000\" src=\"https:\/\/i1.wp.com\/lisatroeber-photography.com\/wp-content\/uploads\/2019\/03\/wedding-da-60.jpg\"\/><\/figure><\/div><div class=\"tiled-gallery__col\"><figure class=\"tiled-gallery__item\"><img decoding=\"async\" data-attachment-id=\"3248\" data-permalink=\"http:\/\/lisatroeber-photography.com\/index.php\/2019\/03\/15\/spaetsommerhochzeit-in-altlengbach\/wedding-da-61\/\" data-orig-file=\"https:\/\/i0.wp.com\/lisatroeber-photography.com\/wp-content\/uploads\/2019\/03\/wedding-da-61.jpg?fit=667%2C1000\" data-orig-size=\"667,1000\" data-comments-opened=\"0\" data-image-meta=\"{&quot;aperture&quot;:&quot;2.8&quot;,&quot;credit&quot;:&quot;&quot;,&quot;camera&quot;:&quot;Canon EOS 5D Mark IV&quot;,&quot;caption&quot;:&quot;&quot;,&quot;created_timestamp&quot;:&quot;1535222052&quot;,&quot;copyright&quot;:&quot;&quot;,&quot;focal_length&quot;:&quot;35&quot;,&quot;iso&quot;:&quot;100&quot;,&quot;shutter_speed&quot;:&quot;0.01&quot;,&quot;title&quot;:&quot;&quot;,&quot;orientation&quot;:&quot;0&quot;}\" data-image-title=\"wedding-da-61\" data-image-description=\"\" data-image-caption=\"\" data-medium-file=\"https:\/\/i0.wp.com\/lisatroeber-photography.com\/wp-content\/uploads\/2019\/03\/wedding-da-61.jpg?fit=200%2C300\" data-large-file=\"https:\/\/i0.wp.com\/lisatroeber-photography.com\/wp-content\/uploads\/2019\/03\/wedding-da-61.jpg?fit=667%2C1000\" data-attachment-id=\"3248\" data-permalink=\"http:\/\/lisatroeber-photography.com\/index.php\/2019\/03\/15\/spaetsommerhochzeit-in-altlengbach\/wedding-da-61\/\" data-orig-file=\"https:\/\/i0.wp.com\/lisatroeber-photography.com\/wp-content\/uploads\/2019\/03\/wedding-da-61.jpg?fit=667%2C1000\" data-orig-size=\"667,1000\" data-comments-opened=\"0\" data-image-meta=\"{&quot;aperture&quot;:&quot;2.8&quot;,&quot;credit&quot;:&quot;&quot;,&quot;camera&quot;:&quot;Canon EOS 5D Mark IV&quot;,&quot;caption&quot;:&quot;&quot;,&quot;created_timestamp&quot;:&quot;1535222052&quot;,&quot;copyright&quot;:&quot;&quot;,&quot;focal_length&quot;:&quot;35&quot;,&quot;iso&quot;:&quot;100&quot;,&quot;shutter_speed&quot;:&quot;0.01&quot;,&quot;title&quot;:&quot;&quot;,&quot;orientation&quot;:&quot;0&quot;}\" data-image-title=\"wedding-da-61\" data-image-description=\"\" data-image-caption=\"\" data-medium-file=\"https:\/\/i0.wp.com\/lisatroeber-photography.com\/wp-content\/uploads\/2019\/03\/wedding-da-61.jpg?fit=200%2C300\" data-large-file=\"https:\/\/i0.wp.com\/lisatroeber-photography.com\/wp-content\/uploads\/2019\/03\/wedding-da-61.jpg?fit=667%2C1000\" srcset=\"https:\/\/i0.wp.com\/lisatroeber-photography.com\/wp-content\/uploads\/2019\/03\/wedding-da-61.jpg?strip=info&#038;w=600 600w,https:\/\/i0.wp.com\/lisatroeber-photography.com\/wp-content\/uploads\/2019\/03\/wedding-da-61.jpg?strip=info&#038;w=667 667w\" alt=\"\" data-height=\"1000\" data-id=\"3248\" data-link=\"http:\/\/lisatroeber-photography.com\/index.php\/2019\/03\/15\/spaetsommerhochzeit-in-altlengbach\/wedding-da-61\/\" data-url=\"http:\/\/lisatroeber-photography.com\/wp-content\/uploads\/2019\/03\/wedding-da-61.jpg\" data-width=\"667\" src=\"https:\/\/i0.wp.com\/lisatroeber-photography.com\/wp-content\/uploads\/2019\/03\/wedding-da-61.jpg\"\/><\/figure><\/div><\/div><div class=\"tiled-gallery__row\"><div class=\"tiled-gallery__col\"><figure class=\"tiled-gallery__item\"><img decoding=\"async\" data-attachment-id=\"3249\" data-permalink=\"http:\/\/lisatroeber-photography.com\/index.php\/2019\/03\/15\/spaetsommerhochzeit-in-altlengbach\/wedding-da-62\/\" data-orig-file=\"https:\/\/i0.wp.com\/lisatroeber-photography.com\/wp-content\/uploads\/2019\/03\/wedding-da-62.jpg?fit=667%2C1000\" data-orig-size=\"667,1000\" data-comments-opened=\"0\" data-image-meta=\"{&quot;aperture&quot;:&quot;1.8&quot;,&quot;credit&quot;:&quot;&quot;,&quot;camera&quot;:&quot;Canon EOS 5D Mark IV&quot;,&quot;caption&quot;:&quot;&quot;,&quot;created_timestamp&quot;:&quot;1535223559&quot;,&quot;copyright&quot;:&quot;&quot;,&quot;focal_length&quot;:&quot;85&quot;,&quot;iso&quot;:&quot;800&quot;,&quot;shutter_speed&quot;:&quot;0.01&quot;,&quot;title&quot;:&quot;&quot;,&quot;orientation&quot;:&quot;0&quot;}\" data-image-title=\"wedding-da-62\" data-image-description=\"\" data-image-caption=\"\" data-medium-file=\"https:\/\/i0.wp.com\/lisatroeber-photography.com\/wp-content\/uploads\/2019\/03\/wedding-da-62.jpg?fit=200%2C300\" data-large-file=\"https:\/\/i0.wp.com\/lisatroeber-photography.com\/wp-content\/uploads\/2019\/03\/wedding-da-62.jpg?fit=667%2C1000\" data-attachment-id=\"3249\" data-permalink=\"http:\/\/lisatroeber-photography.com\/index.php\/2019\/03\/15\/spaetsommerhochzeit-in-altlengbach\/wedding-da-62\/\" data-orig-file=\"https:\/\/i0.wp.com\/lisatroeber-photography.com\/wp-content\/uploads\/2019\/03\/wedding-da-62.jpg?fit=667%2C1000\" data-orig-size=\"667,1000\" data-comments-opened=\"0\" data-image-meta=\"{&quot;aperture&quot;:&quot;1.8&quot;,&quot;credit&quot;:&quot;&quot;,&quot;camera&quot;:&quot;Canon EOS 5D Mark IV&quot;,&quot;caption&quot;:&quot;&quot;,&quot;created_timestamp&quot;:&quot;1535223559&quot;,&quot;copyright&quot;:&quot;&quot;,&quot;focal_length&quot;:&quot;85&quot;,&quot;iso&quot;:&quot;800&quot;,&quot;shutter_speed&quot;:&quot;0.01&quot;,&quot;title&quot;:&quot;&quot;,&quot;orientation&quot;:&quot;0&quot;}\" data-image-title=\"wedding-da-62\" data-image-description=\"\" data-image-caption=\"\" data-medium-file=\"https:\/\/i0.wp.com\/lisatroeber-photography.com\/wp-content\/uploads\/2019\/03\/wedding-da-62.jpg?fit=200%2C300\" data-large-file=\"https:\/\/i0.wp.com\/lisatroeber-photography.com\/wp-content\/uploads\/2019\/03\/wedding-da-62.jpg?fit=667%2C1000\" srcset=\"https:\/\/i0.wp.com\/lisatroeber-photography.com\/wp-content\/uploads\/2019\/03\/wedding-da-62.jpg?strip=info&#038;w=600 600w,https:\/\/i0.wp.com\/lisatroeber-photography.com\/wp-content\/uploads\/2019\/03\/wedding-da-62.jpg?strip=info&#038;w=667 667w\" alt=\"\" data-height=\"1000\" data-id=\"3249\" data-link=\"http:\/\/lisatroeber-photography.com\/index.php\/2019\/03\/15\/spaetsommerhochzeit-in-altlengbach\/wedding-da-62\/\" data-url=\"http:\/\/lisatroeber-photography.com\/wp-content\/uploads\/2019\/03\/wedding-da-62.jpg\" data-width=\"667\" src=\"https:\/\/i0.wp.com\/lisatroeber-photography.com\/wp-content\/uploads\/2019\/03\/wedding-da-62.jpg\"\/><\/figure><\/div><div class=\"tiled-gallery__col\"><figure class=\"tiled-gallery__item\"><img decoding=\"async\" data-attachment-id=\"3250\" data-permalink=\"http:\/\/lisatroeber-photography.com\/index.php\/2019\/03\/15\/spaetsommerhochzeit-in-altlengbach\/wedding-da-63\/\" data-orig-file=\"https:\/\/i0.wp.com\/lisatroeber-photography.com\/wp-content\/uploads\/2019\/03\/wedding-da-63.jpg?fit=1000%2C667\" data-orig-size=\"1000,667\" data-comments-opened=\"0\" data-image-meta=\"{&quot;aperture&quot;:&quot;1.8&quot;,&quot;credit&quot;:&quot;&quot;,&quot;camera&quot;:&quot;Canon EOS 5D Mark IV&quot;,&quot;caption&quot;:&quot;&quot;,&quot;created_timestamp&quot;:&quot;1535223738&quot;,&quot;copyright&quot;:&quot;&quot;,&quot;focal_length&quot;:&quot;85&quot;,&quot;iso&quot;:&quot;1250&quot;,&quot;shutter_speed&quot;:&quot;0.01&quot;,&quot;title&quot;:&quot;&quot;,&quot;orientation&quot;:&quot;0&quot;}\" data-image-title=\"wedding-da-63\" data-image-description=\"\" data-image-caption=\"\" data-medium-file=\"https:\/\/i0.wp.com\/lisatroeber-photography.com\/wp-content\/uploads\/2019\/03\/wedding-da-63.jpg?fit=300%2C200\" data-large-file=\"https:\/\/i0.wp.com\/lisatroeber-photography.com\/wp-content\/uploads\/2019\/03\/wedding-da-63.jpg?fit=1000%2C667\" data-attachment-id=\"3250\" data-permalink=\"http:\/\/lisatroeber-photography.com\/index.php\/2019\/03\/15\/spaetsommerhochzeit-in-altlengbach\/wedding-da-63\/\" data-orig-file=\"https:\/\/i0.wp.com\/lisatroeber-photography.com\/wp-content\/uploads\/2019\/03\/wedding-da-63.jpg?fit=1000%2C667\" data-orig-size=\"1000,667\" data-comments-opened=\"0\" data-image-meta=\"{&quot;aperture&quot;:&quot;1.8&quot;,&quot;credit&quot;:&quot;&quot;,&quot;camera&quot;:&quot;Canon EOS 5D Mark IV&quot;,&quot;caption&quot;:&quot;&quot;,&quot;created_timestamp&quot;:&quot;1535223738&quot;,&quot;copyright&quot;:&quot;&quot;,&quot;focal_length&quot;:&quot;85&quot;,&quot;iso&quot;:&quot;1250&quot;,&quot;shutter_speed&quot;:&quot;0.01&quot;,&quot;title&quot;:&quot;&quot;,&quot;orientation&quot;:&quot;0&quot;}\" data-image-title=\"wedding-da-63\" data-image-description=\"\" data-image-caption=\"\" data-medium-file=\"https:\/\/i0.wp.com\/lisatroeber-photography.com\/wp-content\/uploads\/2019\/03\/wedding-da-63.jpg?fit=300%2C200\" data-large-file=\"https:\/\/i0.wp.com\/lisatroeber-photography.com\/wp-content\/uploads\/2019\/03\/wedding-da-63.jpg?fit=1000%2C667\" srcset=\"https:\/\/i0.wp.com\/lisatroeber-photography.com\/wp-content\/uploads\/2019\/03\/wedding-da-63.jpg?strip=info&#038;w=600 600w,https:\/\/i0.wp.com\/lisatroeber-photography.com\/wp-content\/uploads\/2019\/03\/wedding-da-63.jpg?strip=info&#038;w=900 900w,https:\/\/i0.wp.com\/lisatroeber-photography.com\/wp-content\/uploads\/2019\/03\/wedding-da-63.jpg?strip=info&#038;w=1000 1000w\" alt=\"\" data-height=\"667\" data-id=\"3250\" data-link=\"http:\/\/lisatroeber-photography.com\/index.php\/2019\/03\/15\/spaetsommerhochzeit-in-altlengbach\/wedding-da-63\/\" data-url=\"http:\/\/lisatroeber-photography.com\/wp-content\/uploads\/2019\/03\/wedding-da-63.jpg\" data-width=\"1000\" src=\"https:\/\/i0.wp.com\/lisatroeber-photography.com\/wp-content\/uploads\/2019\/03\/wedding-da-63.jpg\"\/><\/figure><figure class=\"tiled-gallery__item\"><img decoding=\"async\" data-attachment-id=\"3251\" data-permalink=\"http:\/\/lisatroeber-photography.com\/index.php\/2019\/03\/15\/spaetsommerhochzeit-in-altlengbach\/wedding-da-64\/\" data-orig-file=\"https:\/\/i0.wp.com\/lisatroeber-photography.com\/wp-content\/uploads\/2019\/03\/wedding-da-64.jpg?fit=1000%2C667\" data-orig-size=\"1000,667\" data-comments-opened=\"0\" data-image-meta=\"{&quot;aperture&quot;:&quot;2.2&quot;,&quot;credit&quot;:&quot;&quot;,&quot;camera&quot;:&quot;Canon EOS 5D Mark IV&quot;,&quot;caption&quot;:&quot;&quot;,&quot;created_timestamp&quot;:&quot;1535229261&quot;,&quot;copyright&quot;:&quot;&quot;,&quot;focal_length&quot;:&quot;85&quot;,&quot;iso&quot;:&quot;1600&quot;,&quot;shutter_speed&quot;:&quot;0.01&quot;,&quot;title&quot;:&quot;&quot;,&quot;orientation&quot;:&quot;0&quot;}\" data-image-title=\"wedding-da-64\" data-image-description=\"\" data-image-caption=\"\" data-medium-file=\"https:\/\/i0.wp.com\/lisatroeber-photography.com\/wp-content\/uploads\/2019\/03\/wedding-da-64.jpg?fit=300%2C200\" data-large-file=\"https:\/\/i0.wp.com\/lisatroeber-photography.com\/wp-content\/uploads\/2019\/03\/wedding-da-64.jpg?fit=1000%2C667\" data-attachment-id=\"3251\" data-permalink=\"http:\/\/lisatroeber-photography.com\/index.php\/2019\/03\/15\/spaetsommerhochzeit-in-altlengbach\/wedding-da-64\/\" data-orig-file=\"https:\/\/i0.wp.com\/lisatroeber-photography.com\/wp-content\/uploads\/2019\/03\/wedding-da-64.jpg?fit=1000%2C667\" data-orig-size=\"1000,667\" data-comments-opened=\"0\" data-image-meta=\"{&quot;aperture&quot;:&quot;2.2&quot;,&quot;credit&quot;:&quot;&quot;,&quot;camera&quot;:&quot;Canon EOS 5D Mark IV&quot;,&quot;caption&quot;:&quot;&quot;,&quot;created_timestamp&quot;:&quot;1535229261&quot;,&quot;copyright&quot;:&quot;&quot;,&quot;focal_length&quot;:&quot;85&quot;,&quot;iso&quot;:&quot;1600&quot;,&quot;shutter_speed&quot;:&quot;0.01&quot;,&quot;title&quot;:&quot;&quot;,&quot;orientation&quot;:&quot;0&quot;}\" data-image-title=\"wedding-da-64\" data-image-description=\"\" data-image-caption=\"\" data-medium-file=\"https:\/\/i0.wp.com\/lisatroeber-photography.com\/wp-content\/uploads\/2019\/03\/wedding-da-64.jpg?fit=300%2C200\" data-large-file=\"https:\/\/i0.wp.com\/lisatroeber-photography.com\/wp-content\/uploads\/2019\/03\/wedding-da-64.jpg?fit=1000%2C667\" srcset=\"https:\/\/i2.wp.com\/lisatroeber-photography.com\/wp-content\/uploads\/2019\/03\/wedding-da-64.jpg?strip=info&#038;w=600 600w,https:\/\/i2.wp.com\/lisatroeber-photography.com\/wp-content\/uploads\/2019\/03\/wedding-da-64.jpg?strip=info&#038;w=900 900w,https:\/\/i2.wp.com\/lisatroeber-photography.com\/wp-content\/uploads\/2019\/03\/wedding-da-64.jpg?strip=info&#038;w=1000 1000w\" alt=\"\" data-height=\"667\" data-id=\"3251\" data-link=\"http:\/\/lisatroeber-photography.com\/index.php\/2019\/03\/15\/spaetsommerhochzeit-in-altlengbach\/wedding-da-64\/\" data-url=\"http:\/\/lisatroeber-photography.com\/wp-content\/uploads\/2019\/03\/wedding-da-64.jpg\" data-width=\"1000\" src=\"https:\/\/i2.wp.com\/lisatroeber-photography.com\/wp-content\/uploads\/2019\/03\/wedding-da-64.jpg\"\/><\/figure><\/div><div class=\"tiled-gallery__col\"><figure class=\"tiled-gallery__item\"><img decoding=\"async\" data-attachment-id=\"3253\" data-permalink=\"http:\/\/lisatroeber-photography.com\/index.php\/2019\/03\/15\/spaetsommerhochzeit-in-altlengbach\/wedding-da-65\/\" data-orig-file=\"https:\/\/i0.wp.com\/lisatroeber-photography.com\/wp-content\/uploads\/2019\/03\/wedding-da-65.jpg?fit=667%2C1000\" data-orig-size=\"667,1000\" data-comments-opened=\"0\" data-image-meta=\"{&quot;aperture&quot;:&quot;2.5&quot;,&quot;credit&quot;:&quot;&quot;,&quot;camera&quot;:&quot;Canon EOS 5D Mark IV&quot;,&quot;caption&quot;:&quot;&quot;,&quot;created_timestamp&quot;:&quot;1535229655&quot;,&quot;copyright&quot;:&quot;&quot;,&quot;focal_length&quot;:&quot;85&quot;,&quot;iso&quot;:&quot;5000&quot;,&quot;shutter_speed&quot;:&quot;0.01&quot;,&quot;title&quot;:&quot;&quot;,&quot;orientation&quot;:&quot;0&quot;}\" data-image-title=\"wedding-da-65\" data-image-description=\"\" data-image-caption=\"\" data-medium-file=\"https:\/\/i0.wp.com\/lisatroeber-photography.com\/wp-content\/uploads\/2019\/03\/wedding-da-65.jpg?fit=200%2C300\" data-large-file=\"https:\/\/i0.wp.com\/lisatroeber-photography.com\/wp-content\/uploads\/2019\/03\/wedding-da-65.jpg?fit=667%2C1000\" data-attachment-id=\"3253\" data-permalink=\"http:\/\/lisatroeber-photography.com\/index.php\/2019\/03\/15\/spaetsommerhochzeit-in-altlengbach\/wedding-da-65\/\" data-orig-file=\"https:\/\/i0.wp.com\/lisatroeber-photography.com\/wp-content\/uploads\/2019\/03\/wedding-da-65.jpg?fit=667%2C1000\" data-orig-size=\"667,1000\" data-comments-opened=\"0\" data-image-meta=\"{&quot;aperture&quot;:&quot;2.5&quot;,&quot;credit&quot;:&quot;&quot;,&quot;camera&quot;:&quot;Canon EOS 5D Mark IV&quot;,&quot;caption&quot;:&quot;&quot;,&quot;created_timestamp&quot;:&quot;1535229655&quot;,&quot;copyright&quot;:&quot;&quot;,&quot;focal_length&quot;:&quot;85&quot;,&quot;iso&quot;:&quot;5000&quot;,&quot;shutter_speed&quot;:&quot;0.01&quot;,&quot;title&quot;:&quot;&quot;,&quot;orientation&quot;:&quot;0&quot;}\" data-image-title=\"wedding-da-65\" data-image-description=\"\" data-image-caption=\"\" data-medium-file=\"https:\/\/i0.wp.com\/lisatroeber-photography.com\/wp-content\/uploads\/2019\/03\/wedding-da-65.jpg?fit=200%2C300\" data-large-file=\"https:\/\/i0.wp.com\/lisatroeber-photography.com\/wp-content\/uploads\/2019\/03\/wedding-da-65.jpg?fit=667%2C1000\" srcset=\"https:\/\/i1.wp.com\/lisatroeber-photography.com\/wp-content\/uploads\/2019\/03\/wedding-da-65.jpg?strip=info&#038;w=600 600w,https:\/\/i1.wp.com\/lisatroeber-photography.com\/wp-content\/uploads\/2019\/03\/wedding-da-65.jpg?strip=info&#038;w=667 667w\" alt=\"\" data-height=\"1000\" data-id=\"3253\" data-link=\"http:\/\/lisatroeber-photography.com\/index.php\/2019\/03\/15\/spaetsommerhochzeit-in-altlengbach\/wedding-da-65\/\" data-url=\"http:\/\/lisatroeber-photography.com\/wp-content\/uploads\/2019\/03\/wedding-da-65.jpg\" data-width=\"667\" src=\"https:\/\/i1.wp.com\/lisatroeber-photography.com\/wp-content\/uploads\/2019\/03\/wedding-da-65.jpg\"\/><\/figure><\/div><\/div><div class=\"tiled-gallery__row\"><div class=\"tiled-gallery__col\"><figure class=\"tiled-gallery__item\"><img decoding=\"async\" data-attachment-id=\"3254\" data-permalink=\"http:\/\/lisatroeber-photography.com\/index.php\/2019\/03\/15\/spaetsommerhochzeit-in-altlengbach\/wedding-da-66\/\" data-orig-file=\"https:\/\/i0.wp.com\/lisatroeber-photography.com\/wp-content\/uploads\/2019\/03\/wedding-da-66.jpg?fit=667%2C1000\" data-orig-size=\"667,1000\" data-comments-opened=\"0\" data-image-meta=\"{&quot;aperture&quot;:&quot;2.5&quot;,&quot;credit&quot;:&quot;&quot;,&quot;camera&quot;:&quot;Canon EOS 5D Mark IV&quot;,&quot;caption&quot;:&quot;&quot;,&quot;created_timestamp&quot;:&quot;1535230566&quot;,&quot;copyright&quot;:&quot;&quot;,&quot;focal_length&quot;:&quot;85&quot;,&quot;iso&quot;:&quot;2000&quot;,&quot;shutter_speed&quot;:&quot;0.01&quot;,&quot;title&quot;:&quot;&quot;,&quot;orientation&quot;:&quot;0&quot;}\" data-image-title=\"wedding-da-66\" data-image-description=\"\" data-image-caption=\"\" data-medium-file=\"https:\/\/i0.wp.com\/lisatroeber-photography.com\/wp-content\/uploads\/2019\/03\/wedding-da-66.jpg?fit=200%2C300\" data-large-file=\"https:\/\/i0.wp.com\/lisatroeber-photography.com\/wp-content\/uploads\/2019\/03\/wedding-da-66.jpg?fit=667%2C1000\" data-attachment-id=\"3254\" data-permalink=\"http:\/\/lisatroeber-photography.com\/index.php\/2019\/03\/15\/spaetsommerhochzeit-in-altlengbach\/wedding-da-66\/\" data-orig-file=\"https:\/\/i0.wp.com\/lisatroeber-photography.com\/wp-content\/uploads\/2019\/03\/wedding-da-66.jpg?fit=667%2C1000\" data-orig-size=\"667,1000\" data-comments-opened=\"0\" data-image-meta=\"{&quot;aperture&quot;:&quot;2.5&quot;,&quot;credit&quot;:&quot;&quot;,&quot;camera&quot;:&quot;Canon EOS 5D Mark IV&quot;,&quot;caption&quot;:&quot;&quot;,&quot;created_timestamp&quot;:&quot;1535230566&quot;,&quot;copyright&quot;:&quot;&quot;,&quot;focal_length&quot;:&quot;85&quot;,&quot;iso&quot;:&quot;2000&quot;,&quot;shutter_speed&quot;:&quot;0.01&quot;,&quot;title&quot;:&quot;&quot;,&quot;orientation&quot;:&quot;0&quot;}\" data-image-title=\"wedding-da-66\" data-image-description=\"\" data-image-caption=\"\" data-medium-file=\"https:\/\/i0.wp.com\/lisatroeber-photography.com\/wp-content\/uploads\/2019\/03\/wedding-da-66.jpg?fit=200%2C300\" data-large-file=\"https:\/\/i0.wp.com\/lisatroeber-photography.com\/wp-content\/uploads\/2019\/03\/wedding-da-66.jpg?fit=667%2C1000\" srcset=\"https:\/\/i0.wp.com\/lisatroeber-photography.com\/wp-content\/uploads\/2019\/03\/wedding-da-66.jpg?strip=info&#038;w=600 600w,https:\/\/i0.wp.com\/lisatroeber-photography.com\/wp-content\/uploads\/2019\/03\/wedding-da-66.jpg?strip=info&#038;w=667 667w\" alt=\"\" data-height=\"1000\" data-id=\"3254\" data-link=\"http:\/\/lisatroeber-photography.com\/index.php\/2019\/03\/15\/spaetsommerhochzeit-in-altlengbach\/wedding-da-66\/\" data-url=\"http:\/\/lisatroeber-photography.com\/wp-content\/uploads\/2019\/03\/wedding-da-66.jpg\" data-width=\"667\" src=\"https:\/\/i0.wp.com\/lisatroeber-photography.com\/wp-content\/uploads\/2019\/03\/wedding-da-66.jpg\"\/><\/figure><\/div><div class=\"tiled-gallery__col\"><figure class=\"tiled-gallery__item\"><img decoding=\"async\" data-attachment-id=\"3255\" data-permalink=\"http:\/\/lisatroeber-photography.com\/index.php\/2019\/03\/15\/spaetsommerhochzeit-in-altlengbach\/wedding-da-67\/\" data-orig-file=\"https:\/\/i0.wp.com\/lisatroeber-photography.com\/wp-content\/uploads\/2019\/03\/wedding-da-67.jpg?fit=1000%2C667\" data-orig-size=\"1000,667\" data-comments-opened=\"0\" data-image-meta=\"{&quot;aperture&quot;:&quot;2.5&quot;,&quot;credit&quot;:&quot;&quot;,&quot;camera&quot;:&quot;Canon EOS 5D Mark IV&quot;,&quot;caption&quot;:&quot;&quot;,&quot;created_timestamp&quot;:&quot;1535232979&quot;,&quot;copyright&quot;:&quot;&quot;,&quot;focal_length&quot;:&quot;35&quot;,&quot;iso&quot;:&quot;12800&quot;,&quot;shutter_speed&quot;:&quot;0.01&quot;,&quot;title&quot;:&quot;&quot;,&quot;orientation&quot;:&quot;0&quot;}\" data-image-title=\"wedding-da-67\" data-image-description=\"\" data-image-caption=\"\" data-medium-file=\"https:\/\/i0.wp.com\/lisatroeber-photography.com\/wp-content\/uploads\/2019\/03\/wedding-da-67.jpg?fit=300%2C200\" data-large-file=\"https:\/\/i0.wp.com\/lisatroeber-photography.com\/wp-content\/uploads\/2019\/03\/wedding-da-67.jpg?fit=1000%2C667\" data-attachment-id=\"3255\" data-permalink=\"http:\/\/lisatroeber-photography.com\/index.php\/2019\/03\/15\/spaetsommerhochzeit-in-altlengbach\/wedding-da-67\/\" data-orig-file=\"https:\/\/i0.wp.com\/lisatroeber-photography.com\/wp-content\/uploads\/2019\/03\/wedding-da-67.jpg?fit=1000%2C667\" data-orig-size=\"1000,667\" data-comments-opened=\"0\" data-image-meta=\"{&quot;aperture&quot;:&quot;2.5&quot;,&quot;credit&quot;:&quot;&quot;,&quot;camera&quot;:&quot;Canon EOS 5D Mark IV&quot;,&quot;caption&quot;:&quot;&quot;,&quot;created_timestamp&quot;:&quot;1535232979&quot;,&quot;copyright&quot;:&quot;&quot;,&quot;focal_length&quot;:&quot;35&quot;,&quot;iso&quot;:&quot;12800&quot;,&quot;shutter_speed&quot;:&quot;0.01&quot;,&quot;title&quot;:&quot;&quot;,&quot;orientation&quot;:&quot;0&quot;}\" data-image-title=\"wedding-da-67\" data-image-description=\"\" data-image-caption=\"\" data-medium-file=\"https:\/\/i0.wp.com\/lisatroeber-photography.com\/wp-content\/uploads\/2019\/03\/wedding-da-67.jpg?fit=300%2C200\" data-large-file=\"https:\/\/i0.wp.com\/lisatroeber-photography.com\/wp-content\/uploads\/2019\/03\/wedding-da-67.jpg?fit=1000%2C667\" srcset=\"https:\/\/i0.wp.com\/lisatroeber-photography.com\/wp-content\/uploads\/2019\/03\/wedding-da-67.jpg?strip=info&#038;w=600 600w,https:\/\/i0.wp.com\/lisatroeber-photography.com\/wp-content\/uploads\/2019\/03\/wedding-da-67.jpg?strip=info&#038;w=900 900w,https:\/\/i0.wp.com\/lisatroeber-photography.com\/wp-content\/uploads\/2019\/03\/wedding-da-67.jpg?strip=info&#038;w=1000 1000w\" alt=\"\" data-height=\"667\" data-id=\"3255\" data-link=\"http:\/\/lisatroeber-photography.com\/index.php\/2019\/03\/15\/spaetsommerhochzeit-in-altlengbach\/wedding-da-67\/\" data-url=\"http:\/\/lisatroeber-photography.com\/wp-content\/uploads\/2019\/03\/wedding-da-67.jpg\" data-width=\"1000\" src=\"https:\/\/i0.wp.com\/lisatroeber-photography.com\/wp-content\/uploads\/2019\/03\/wedding-da-67.jpg\"\/><\/figure><figure class=\"tiled-gallery__item\"><img decoding=\"async\" data-attachment-id=\"3256\" data-permalink=\"http:\/\/lisatroeber-photography.com\/index.php\/2019\/03\/15\/spaetsommerhochzeit-in-altlengbach\/wedding-da-68\/\" data-orig-file=\"https:\/\/i0.wp.com\/lisatroeber-photography.com\/wp-content\/uploads\/2019\/03\/wedding-da-68.jpg?fit=1000%2C667\" data-orig-size=\"1000,667\" data-comments-opened=\"0\" data-image-meta=\"{&quot;aperture&quot;:&quot;2.5&quot;,&quot;credit&quot;:&quot;&quot;,&quot;camera&quot;:&quot;Canon EOS 5D Mark IV&quot;,&quot;caption&quot;:&quot;&quot;,&quot;created_timestamp&quot;:&quot;1535233002&quot;,&quot;copyright&quot;:&quot;&quot;,&quot;focal_length&quot;:&quot;35&quot;,&quot;iso&quot;:&quot;8000&quot;,&quot;shutter_speed&quot;:&quot;0.01&quot;,&quot;title&quot;:&quot;&quot;,&quot;orientation&quot;:&quot;0&quot;}\" data-image-title=\"wedding-da-68\" data-image-description=\"\" data-image-caption=\"\" data-medium-file=\"https:\/\/i0.wp.com\/lisatroeber-photography.com\/wp-content\/uploads\/2019\/03\/wedding-da-68.jpg?fit=300%2C200\" data-large-file=\"https:\/\/i0.wp.com\/lisatroeber-photography.com\/wp-content\/uploads\/2019\/03\/wedding-da-68.jpg?fit=1000%2C667\" data-attachment-id=\"3256\" data-permalink=\"http:\/\/lisatroeber-photography.com\/index.php\/2019\/03\/15\/spaetsommerhochzeit-in-altlengbach\/wedding-da-68\/\" data-orig-file=\"https:\/\/i0.wp.com\/lisatroeber-photography.com\/wp-content\/uploads\/2019\/03\/wedding-da-68.jpg?fit=1000%2C667\" data-orig-size=\"1000,667\" data-comments-opened=\"0\" data-image-meta=\"{&quot;aperture&quot;:&quot;2.5&quot;,&quot;credit&quot;:&quot;&quot;,&quot;camera&quot;:&quot;Canon EOS 5D Mark IV&quot;,&quot;caption&quot;:&quot;&quot;,&quot;created_timestamp&quot;:&quot;1535233002&quot;,&quot;copyright&quot;:&quot;&quot;,&quot;focal_length&quot;:&quot;35&quot;,&quot;iso&quot;:&quot;8000&quot;,&quot;shutter_speed&quot;:&quot;0.01&quot;,&quot;title&quot;:&quot;&quot;,&quot;orientation&quot;:&quot;0&quot;}\" data-image-title=\"wedding-da-68\" data-image-description=\"\" data-image-caption=\"\" data-medium-file=\"https:\/\/i0.wp.com\/lisatroeber-photography.com\/wp-content\/uploads\/2019\/03\/wedding-da-68.jpg?fit=300%2C200\" data-large-file=\"https:\/\/i0.wp.com\/lisatroeber-photography.com\/wp-content\/uploads\/2019\/03\/wedding-da-68.jpg?fit=1000%2C667\" srcset=\"https:\/\/i1.wp.com\/lisatroeber-photography.com\/wp-content\/uploads\/2019\/03\/wedding-da-68.jpg?strip=info&#038;w=600 600w,https:\/\/i1.wp.com\/lisatroeber-photography.com\/wp-content\/uploads\/2019\/03\/wedding-da-68.jpg?strip=info&#038;w=900 900w,https:\/\/i1.wp.com\/lisatroeber-photography.com\/wp-content\/uploads\/2019\/03\/wedding-da-68.jpg?strip=info&#038;w=1000 1000w\" alt=\"\" data-height=\"667\" data-id=\"3256\" data-link=\"http:\/\/lisatroeber-photography.com\/index.php\/2019\/03\/15\/spaetsommerhochzeit-in-altlengbach\/wedding-da-68\/\" data-url=\"http:\/\/lisatroeber-photography.com\/wp-content\/uploads\/2019\/03\/wedding-da-68.jpg\" data-width=\"1000\" src=\"https:\/\/i1.wp.com\/lisatroeber-photography.com\/wp-content\/uploads\/2019\/03\/wedding-da-68.jpg\"\/><\/figure><\/div><\/div><div class=\"tiled-gallery__row\"><div class=\"tiled-gallery__col\"><figure class=\"tiled-gallery__item\"><img decoding=\"async\" data-attachment-id=\"3257\" data-permalink=\"http:\/\/lisatroeber-photography.com\/index.php\/2019\/03\/15\/spaetsommerhochzeit-in-altlengbach\/wedding-da-69\/\" data-orig-file=\"https:\/\/i0.wp.com\/lisatroeber-photography.com\/wp-content\/uploads\/2019\/03\/wedding-da-69.jpg?fit=667%2C1000\" data-orig-size=\"667,1000\" data-comments-opened=\"0\" data-image-meta=\"{&quot;aperture&quot;:&quot;1.6&quot;,&quot;credit&quot;:&quot;&quot;,&quot;camera&quot;:&quot;Canon EOS 5D Mark IV&quot;,&quot;caption&quot;:&quot;&quot;,&quot;created_timestamp&quot;:&quot;1535233499&quot;,&quot;copyright&quot;:&quot;&quot;,&quot;focal_length&quot;:&quot;35&quot;,&quot;iso&quot;:&quot;1250&quot;,&quot;shutter_speed&quot;:&quot;0.004&quot;,&quot;title&quot;:&quot;&quot;,&quot;orientation&quot;:&quot;0&quot;}\" data-image-title=\"wedding-da-69\" data-image-description=\"\" data-image-caption=\"\" data-medium-file=\"https:\/\/i0.wp.com\/lisatroeber-photography.com\/wp-content\/uploads\/2019\/03\/wedding-da-69.jpg?fit=200%2C300\" data-large-file=\"https:\/\/i0.wp.com\/lisatroeber-photography.com\/wp-content\/uploads\/2019\/03\/wedding-da-69.jpg?fit=667%2C1000\" data-attachment-id=\"3257\" data-permalink=\"http:\/\/lisatroeber-photography.com\/index.php\/2019\/03\/15\/spaetsommerhochzeit-in-altlengbach\/wedding-da-69\/\" data-orig-file=\"https:\/\/i0.wp.com\/lisatroeber-photography.com\/wp-content\/uploads\/2019\/03\/wedding-da-69.jpg?fit=667%2C1000\" data-orig-size=\"667,1000\" data-comments-opened=\"0\" data-image-meta=\"{&quot;aperture&quot;:&quot;1.6&quot;,&quot;credit&quot;:&quot;&quot;,&quot;camera&quot;:&quot;Canon EOS 5D Mark IV&quot;,&quot;caption&quot;:&quot;&quot;,&quot;created_timestamp&quot;:&quot;1535233499&quot;,&quot;copyright&quot;:&quot;&quot;,&quot;focal_length&quot;:&quot;35&quot;,&quot;iso&quot;:&quot;1250&quot;,&quot;shutter_speed&quot;:&quot;0.004&quot;,&quot;title&quot;:&quot;&quot;,&quot;orientation&quot;:&quot;0&quot;}\" data-image-title=\"wedding-da-69\" data-image-description=\"\" data-image-caption=\"\" data-medium-file=\"https:\/\/i0.wp.com\/lisatroeber-photography.com\/wp-content\/uploads\/2019\/03\/wedding-da-69.jpg?fit=200%2C300\" data-large-file=\"https:\/\/i0.wp.com\/lisatroeber-photography.com\/wp-content\/uploads\/2019\/03\/wedding-da-69.jpg?fit=667%2C1000\" srcset=\"https:\/\/i1.wp.com\/lisatroeber-photography.com\/wp-content\/uploads\/2019\/03\/wedding-da-69.jpg?strip=info&#038;w=600 600w,https:\/\/i1.wp.com\/lisatroeber-photography.com\/wp-content\/uploads\/2019\/03\/wedding-da-69.jpg?strip=info&#038;w=667 667w\" alt=\"\" data-height=\"1000\" data-id=\"3257\" data-link=\"http:\/\/lisatroeber-photography.com\/index.php\/2019\/03\/15\/spaetsommerhochzeit-in-altlengbach\/wedding-da-69\/\" data-url=\"http:\/\/lisatroeber-photography.com\/wp-content\/uploads\/2019\/03\/wedding-da-69.jpg\" data-width=\"667\" src=\"https:\/\/i1.wp.com\/lisatroeber-photography.com\/wp-content\/uploads\/2019\/03\/wedding-da-69.jpg\"\/><\/figure><\/div><div class=\"tiled-gallery__col\"><figure class=\"tiled-gallery__item\"><img decoding=\"async\" data-attachment-id=\"3258\" data-permalink=\"http:\/\/lisatroeber-photography.com\/index.php\/2019\/03\/15\/spaetsommerhochzeit-in-altlengbach\/wedding-da-70\/\" data-orig-file=\"https:\/\/i0.wp.com\/lisatroeber-photography.com\/wp-content\/uploads\/2019\/03\/wedding-da-70.jpg?fit=1000%2C667\" data-orig-size=\"1000,667\" data-comments-opened=\"0\" data-image-meta=\"{&quot;aperture&quot;:&quot;1.6&quot;,&quot;credit&quot;:&quot;&quot;,&quot;camera&quot;:&quot;Canon EOS 5D Mark IV&quot;,&quot;caption&quot;:&quot;&quot;,&quot;created_timestamp&quot;:&quot;1535233655&quot;,&quot;copyright&quot;:&quot;&quot;,&quot;focal_length&quot;:&quot;35&quot;,&quot;iso&quot;:&quot;1250&quot;,&quot;shutter_speed&quot;:&quot;0.004&quot;,&quot;title&quot;:&quot;&quot;,&quot;orientation&quot;:&quot;0&quot;}\" data-image-title=\"wedding-da-70\" data-image-description=\"\" data-image-caption=\"\" data-medium-file=\"https:\/\/i0.wp.com\/lisatroeber-photography.com\/wp-content\/uploads\/2019\/03\/wedding-da-70.jpg?fit=300%2C200\" data-large-file=\"https:\/\/i0.wp.com\/lisatroeber-photography.com\/wp-content\/uploads\/2019\/03\/wedding-da-70.jpg?fit=1000%2C667\" data-attachment-id=\"3258\" data-permalink=\"http:\/\/lisatroeber-photography.com\/index.php\/2019\/03\/15\/spaetsommerhochzeit-in-altlengbach\/wedding-da-70\/\" data-orig-file=\"https:\/\/i0.wp.com\/lisatroeber-photography.com\/wp-content\/uploads\/2019\/03\/wedding-da-70.jpg?fit=1000%2C667\" data-orig-size=\"1000,667\" data-comments-opened=\"0\" data-image-meta=\"{&quot;aperture&quot;:&quot;1.6&quot;,&quot;credit&quot;:&quot;&quot;,&quot;camera&quot;:&quot;Canon EOS 5D Mark IV&quot;,&quot;caption&quot;:&quot;&quot;,&quot;created_timestamp&quot;:&quot;1535233655&quot;,&quot;copyright&quot;:&quot;&quot;,&quot;focal_length&quot;:&quot;35&quot;,&quot;iso&quot;:&quot;1250&quot;,&quot;shutter_speed&quot;:&quot;0.004&quot;,&quot;title&quot;:&quot;&quot;,&quot;orientation&quot;:&quot;0&quot;}\" data-image-title=\"wedding-da-70\" data-image-description=\"\" data-image-caption=\"\" data-medium-file=\"https:\/\/i0.wp.com\/lisatroeber-photography.com\/wp-content\/uploads\/2019\/03\/wedding-da-70.jpg?fit=300%2C200\" data-large-file=\"https:\/\/i0.wp.com\/lisatroeber-photography.com\/wp-content\/uploads\/2019\/03\/wedding-da-70.jpg?fit=1000%2C667\" srcset=\"https:\/\/i0.wp.com\/lisatroeber-photography.com\/wp-content\/uploads\/2019\/03\/wedding-da-70.jpg?strip=info&#038;w=600 600w,https:\/\/i0.wp.com\/lisatroeber-photography.com\/wp-content\/uploads\/2019\/03\/wedding-da-70.jpg?strip=info&#038;w=900 900w,https:\/\/i0.wp.com\/lisatroeber-photography.com\/wp-content\/uploads\/2019\/03\/wedding-da-70.jpg?strip=info&#038;w=1000 1000w\" alt=\"\" data-height=\"667\" data-id=\"3258\" data-link=\"http:\/\/lisatroeber-photography.com\/index.php\/2019\/03\/15\/spaetsommerhochzeit-in-altlengbach\/wedding-da-70\/\" data-url=\"http:\/\/lisatroeber-photography.com\/wp-content\/uploads\/2019\/03\/wedding-da-70.jpg\" data-width=\"1000\" src=\"https:\/\/i0.wp.com\/lisatroeber-photography.com\/wp-content\/uploads\/2019\/03\/wedding-da-70.jpg\"\/><\/figure><\/div><div class=\"tiled-gallery__col\"><figure class=\"tiled-gallery__item\"><img decoding=\"async\" data-attachment-id=\"3259\" data-permalink=\"http:\/\/lisatroeber-photography.com\/index.php\/2019\/03\/15\/spaetsommerhochzeit-in-altlengbach\/wedding-da-71\/\" data-orig-file=\"https:\/\/i0.wp.com\/lisatroeber-photography.com\/wp-content\/uploads\/2019\/03\/wedding-da-71.jpg?fit=667%2C1000\" data-orig-size=\"667,1000\" data-comments-opened=\"0\" data-image-meta=\"{&quot;aperture&quot;:&quot;1.6&quot;,&quot;credit&quot;:&quot;&quot;,&quot;camera&quot;:&quot;Canon EOS 5D Mark IV&quot;,&quot;caption&quot;:&quot;&quot;,&quot;created_timestamp&quot;:&quot;1535235343&quot;,&quot;copyright&quot;:&quot;&quot;,&quot;focal_length&quot;:&quot;35&quot;,&quot;iso&quot;:&quot;12800&quot;,&quot;shutter_speed&quot;:&quot;0.004&quot;,&quot;title&quot;:&quot;&quot;,&quot;orientation&quot;:&quot;0&quot;}\" data-image-title=\"wedding-da-71\" data-image-description=\"\" data-image-caption=\"\" data-medium-file=\"https:\/\/i0.wp.com\/lisatroeber-photography.com\/wp-content\/uploads\/2019\/03\/wedding-da-71.jpg?fit=200%2C300\" data-large-file=\"https:\/\/i0.wp.com\/lisatroeber-photography.com\/wp-content\/uploads\/2019\/03\/wedding-da-71.jpg?fit=667%2C1000\" data-attachment-id=\"3259\" data-permalink=\"http:\/\/lisatroeber-photography.com\/index.php\/2019\/03\/15\/spaetsommerhochzeit-in-altlengbach\/wedding-da-71\/\" data-orig-file=\"https:\/\/i0.wp.com\/lisatroeber-photography.com\/wp-content\/uploads\/2019\/03\/wedding-da-71.jpg?fit=667%2C1000\" data-orig-size=\"667,1000\" data-comments-opened=\"0\" data-image-meta=\"{&quot;aperture&quot;:&quot;1.6&quot;,&quot;credit&quot;:&quot;&quot;,&quot;camera&quot;:&quot;Canon EOS 5D Mark IV&quot;,&quot;caption&quot;:&quot;&quot;,&quot;created_timestamp&quot;:&quot;1535235343&quot;,&quot;copyright&quot;:&quot;&quot;,&quot;focal_length&quot;:&quot;35&quot;,&quot;iso&quot;:&quot;12800&quot;,&quot;shutter_speed&quot;:&quot;0.004&quot;,&quot;title&quot;:&quot;&quot;,&quot;orientation&quot;:&quot;0&quot;}\" data-image-title=\"wedding-da-71\" data-image-description=\"\" data-image-caption=\"\" data-medium-file=\"https:\/\/i0.wp.com\/lisatroeber-photography.com\/wp-content\/uploads\/2019\/03\/wedding-da-71.jpg?fit=200%2C300\" data-large-file=\"https:\/\/i0.wp.com\/lisatroeber-photography.com\/wp-content\/uploads\/2019\/03\/wedding-da-71.jpg?fit=667%2C1000\" srcset=\"https:\/\/i0.wp.com\/lisatroeber-photography.com\/wp-content\/uploads\/2019\/03\/wedding-da-71.jpg?strip=info&#038;w=600 600w,https:\/\/i0.wp.com\/lisatroeber-photography.com\/wp-content\/uploads\/2019\/03\/wedding-da-71.jpg?strip=info&#038;w=667 667w\" alt=\"\" data-height=\"1000\" data-id=\"3259\" data-link=\"http:\/\/lisatroeber-photography.com\/index.php\/2019\/03\/15\/spaetsommerhochzeit-in-altlengbach\/wedding-da-71\/\" data-url=\"http:\/\/lisatroeber-photography.com\/wp-content\/uploads\/2019\/03\/wedding-da-71.jpg\" data-width=\"667\" src=\"https:\/\/i0.wp.com\/lisatroeber-photography.com\/wp-content\/uploads\/2019\/03\/wedding-da-71.jpg\"\/><\/figure><\/div><div class=\"tiled-gallery__col\"><figure class=\"tiled-gallery__item\"><img decoding=\"async\" data-attachment-id=\"3260\" data-permalink=\"http:\/\/lisatroeber-photography.com\/index.php\/2019\/03\/15\/spaetsommerhochzeit-in-altlengbach\/wedding-da-72\/\" data-orig-file=\"https:\/\/i0.wp.com\/lisatroeber-photography.com\/wp-content\/uploads\/2019\/03\/wedding-da-72.jpg?fit=667%2C1000\" data-orig-size=\"667,1000\" data-comments-opened=\"0\" data-image-meta=\"{&quot;aperture&quot;:&quot;1.6&quot;,&quot;credit&quot;:&quot;&quot;,&quot;camera&quot;:&quot;Canon EOS 5D Mark IV&quot;,&quot;caption&quot;:&quot;&quot;,&quot;created_timestamp&quot;:&quot;1535235659&quot;,&quot;copyright&quot;:&quot;&quot;,&quot;focal_length&quot;:&quot;35&quot;,&quot;iso&quot;:&quot;5000&quot;,&quot;shutter_speed&quot;:&quot;0.004&quot;,&quot;title&quot;:&quot;&quot;,&quot;orientation&quot;:&quot;0&quot;}\" data-image-title=\"wedding-da-72\" data-image-description=\"\" data-image-caption=\"\" data-medium-file=\"https:\/\/i0.wp.com\/lisatroeber-photography.com\/wp-content\/uploads\/2019\/03\/wedding-da-72.jpg?fit=200%2C300\" data-large-file=\"https:\/\/i0.wp.com\/lisatroeber-photography.com\/wp-content\/uploads\/2019\/03\/wedding-da-72.jpg?fit=667%2C1000\" data-attachment-id=\"3260\" data-permalink=\"http:\/\/lisatroeber-photography.com\/index.php\/2019\/03\/15\/spaetsommerhochzeit-in-altlengbach\/wedding-da-72\/\" data-orig-file=\"https:\/\/i0.wp.com\/lisatroeber-photography.com\/wp-content\/uploads\/2019\/03\/wedding-da-72.jpg?fit=667%2C1000\" data-orig-size=\"667,1000\" data-comments-opened=\"0\" data-image-meta=\"{&quot;aperture&quot;:&quot;1.6&quot;,&quot;credit&quot;:&quot;&quot;,&quot;camera&quot;:&quot;Canon EOS 5D Mark IV&quot;,&quot;caption&quot;:&quot;&quot;,&quot;created_timestamp&quot;:&quot;1535235659&quot;,&quot;copyright&quot;:&quot;&quot;,&quot;focal_length&quot;:&quot;35&quot;,&quot;iso&quot;:&quot;5000&quot;,&quot;shutter_speed&quot;:&quot;0.004&quot;,&quot;title&quot;:&quot;&quot;,&quot;orientation&quot;:&quot;0&quot;}\" data-image-title=\"wedding-da-72\" data-image-description=\"\" data-image-caption=\"\" data-medium-file=\"https:\/\/i0.wp.com\/lisatroeber-photography.com\/wp-content\/uploads\/2019\/03\/wedding-da-72.jpg?fit=200%2C300\" data-large-file=\"https:\/\/i0.wp.com\/lisatroeber-photography.com\/wp-content\/uploads\/2019\/03\/wedding-da-72.jpg?fit=667%2C1000\" srcset=\"https:\/\/i1.wp.com\/lisatroeber-photography.com\/wp-content\/uploads\/2019\/03\/wedding-da-72.jpg?strip=info&#038;w=600 600w,https:\/\/i1.wp.com\/lisatroeber-photography.com\/wp-content\/uploads\/2019\/03\/wedding-da-72.jpg?strip=info&#038;w=667 667w\" alt=\"\" data-height=\"1000\" data-id=\"3260\" data-link=\"http:\/\/lisatroeber-photography.com\/index.php\/2019\/03\/15\/spaetsommerhochzeit-in-altlengbach\/wedding-da-72\/\" data-url=\"http:\/\/lisatroeber-photography.com\/wp-content\/uploads\/2019\/03\/wedding-da-72.jpg\" data-width=\"667\" src=\"https:\/\/i1.wp.com\/lisatroeber-photography.com\/wp-content\/uploads\/2019\/03\/wedding-da-72.jpg\"\/><\/figure><\/div><\/div><\/div><\/div>\n\n\n\n<center><i class=\"icon ion-ios-close-empty\"><\/i><\/center>\n\n\n\n<p style=\"text-align:center\">Auch diesmal durften wir die Hochzeit von Denise &amp; Alexander mit Video festhalten und die liebe Anna hat das wieder soo wunderbar gemacht. <\/p>\n\n\n\n<div class=\"flex-video\"><iframe loading=\"lazy\" src=\"https:\/\/player.vimeo.com\/video\/305793574?color=ffffff&amp;byline=0&amp;portrait=0\" width=\"640\" height=\"360\" frameborder=\"0\" webkitallowfullscreen=\"\" mozallowfullscreen=\"\" allowfullscreen=\"\"><\/iframe><\/div>\n","protected":false},"excerpt":{"rendered":"<p>Erinnert ihr euch noch an den August letzten Jahres? Wenn ich dann zur\u00fcckdenke f\u00e4llt mir vor allem eins ein: HITZE!&#8230;<\/p>\n<div class=\"more-link\"><a href=\"http:\/\/lisatroeber-photography.com\/index.php\/2019\/03\/15\/spaetsommerhochzeit-in-altlengbach\/\">READ MORE<\/a><\/div>\n","protected":false},"author":1,"featured_media":3232,"comment_status":"closed","ping_status":"open","sticky":false,"template":"","format":"standard","meta":{"_genesis_hide_title":false,"_genesis_hide_breadcrumbs":false,"_genesis_hide_singular_image":false,"_genesis_hide_footer_widgets":false,"_genesis_custom_body_class":"","_genesis_custom_post_class":"","_genesis_layout":"","jetpack_post_was_ever_published":false,"_jetpack_newsletter_access":"","_jetpack_dont_email_post_to_subs":false,"_jetpack_newsletter_tier_id":0,"footnotes":"","jetpack_publicize_message":"","jetpack_publicize_feature_enabled":true,"jetpack_social_post_already_shared":true,"jetpack_social_options":{"image_generator_settings":{"template":"highway","enabled":false}}},"categories":[9],"tags":[45,46,24,50,23,48,51,47],"jetpack_publicize_connections":[],"jetpack_featured_media_url":"https:\/\/i0.wp.com\/lisatroeber-photography.com\/wp-content\/uploads\/2019\/03\/wedding-da-45.jpg?fit=1000%2C667","jetpack_sharing_enabled":false,"jetpack_shortlink":"https:\/\/wp.me\/p8sGNm-Pp","jetpack-related-posts":[{"id":3367,"url":"http:\/\/lisatroeber-photography.com\/index.php\/2019\/04\/16\/emotionale-gartenhochzeit-im-gruenen\/","url_meta":{"origin":3187,"position":0},"title":"Emotionale Gartenhochzeit im Gr\u00fcnen","author":"lisatroeber","date":"16. April 2019","format":false,"excerpt":"Nachdem unsere erste Hochzeit 2019 schon wieder Vergangenheit ist, muss ich euch unbedingt von der ersten Hochzeit im letzten Jahr erz\u00e4hlen. Der Tag war nicht nur f\u00fcr das Brautpaar Lisa und Stefan total aufregend, sondern vor allem auch f\u00fcr uns. Wir kennen die beiden schon gef\u00fchlt eine Ewigkeit, haben so\u2026","rel":"","context":"In &quot;Wedding&quot;","block_context":{"text":"Wedding","link":"http:\/\/lisatroeber-photography.com\/index.php\/category\/wedding\/"},"img":{"alt_text":"","src":"https:\/\/i0.wp.com\/lisatroeber-photography.com\/wp-content\/uploads\/2019\/04\/wedding-sl-13.jpg?fit=1000%2C667&resize=350%2C200","width":350,"height":200,"srcset":"https:\/\/i0.wp.com\/lisatroeber-photography.com\/wp-content\/uploads\/2019\/04\/wedding-sl-13.jpg?fit=1000%2C667&resize=350%2C200 1x, https:\/\/i0.wp.com\/lisatroeber-photography.com\/wp-content\/uploads\/2019\/04\/wedding-sl-13.jpg?fit=1000%2C667&resize=525%2C300 1.5x, https:\/\/i0.wp.com\/lisatroeber-photography.com\/wp-content\/uploads\/2019\/04\/wedding-sl-13.jpg?fit=1000%2C667&resize=700%2C400 2x"},"classes":[]},{"id":2922,"url":"http:\/\/lisatroeber-photography.com\/index.php\/2019\/02\/11\/evaphilipp\/","url_meta":{"origin":3187,"position":1},"title":"Eva + Philipp","author":"lisatroeber","date":"11. Februar 2019","format":false,"excerpt":"Nach sehr, sehr langer Abstinenz hier (ich f\u00fchle mich schuldig!) gibt es heute endlich einen neuen Blogbeitrag! Die vergangene Hochzeitssaison ist irgendwie gerade erst vorbei, dabei steht die neue schon in den Startl\u00f6chern. Mir kommt es so vor, als w\u00e4re die wundersch\u00f6ne und einzigartige Hochzeit von Eva und ihrem Philipp\u2026","rel":"","context":"In &quot;Wedding&quot;","block_context":{"text":"Wedding","link":"http:\/\/lisatroeber-photography.com\/index.php\/category\/wedding\/"},"img":{"alt_text":"","src":"https:\/\/i0.wp.com\/lisatroeber-photography.com\/wp-content\/uploads\/2019\/02\/hochzeit-ep-69.jpg?fit=1000%2C667&resize=350%2C200","width":350,"height":200,"srcset":"https:\/\/i0.wp.com\/lisatroeber-photography.com\/wp-content\/uploads\/2019\/02\/hochzeit-ep-69.jpg?fit=1000%2C667&resize=350%2C200 1x, https:\/\/i0.wp.com\/lisatroeber-photography.com\/wp-content\/uploads\/2019\/02\/hochzeit-ep-69.jpg?fit=1000%2C667&resize=525%2C300 1.5x, https:\/\/i0.wp.com\/lisatroeber-photography.com\/wp-content\/uploads\/2019\/02\/hochzeit-ep-69.jpg?fit=1000%2C667&resize=700%2C400 2x"},"classes":[]},{"id":1325,"url":"http:\/\/lisatroeber-photography.com\/index.php\/2017\/06\/03\/klaudia-andreas\/","url_meta":{"origin":3187,"position":2},"title":"Klaudia &#038; Andreas","author":"lisatroeber","date":"3. Juni 2017","format":false,"excerpt":"Am 3. Juni fand endlich die Hochzeit von Klaudia und Andreas im wundersch\u00f6nen Sch\u00fctzen am Gebirge statt. Ihr fragt euch wieso \"endlich\"? Naja .. eigentlich wollten sich die beiden schon letztes Jahr im September das Ja-Wort geben, allerdings kam da die Geburt von Klaudias kleinen Nichte dazwischen und so wurde\u2026","rel":"","context":"In &quot;Wedding&quot;","block_context":{"text":"Wedding","link":"http:\/\/lisatroeber-photography.com\/index.php\/category\/wedding\/"},"img":{"alt_text":"","src":"https:\/\/i0.wp.com\/lisatroeber-photography.com\/wp-content\/uploads\/2017\/06\/Wedding-KlaudiaAndi-24.jpg?fit=1000%2C667&resize=350%2C200","width":350,"height":200,"srcset":"https:\/\/i0.wp.com\/lisatroeber-photography.com\/wp-content\/uploads\/2017\/06\/Wedding-KlaudiaAndi-24.jpg?fit=1000%2C667&resize=350%2C200 1x, https:\/\/i0.wp.com\/lisatroeber-photography.com\/wp-content\/uploads\/2017\/06\/Wedding-KlaudiaAndi-24.jpg?fit=1000%2C667&resize=525%2C300 1.5x, https:\/\/i0.wp.com\/lisatroeber-photography.com\/wp-content\/uploads\/2017\/06\/Wedding-KlaudiaAndi-24.jpg?fit=1000%2C667&resize=700%2C400 2x"},"classes":[]},{"id":747,"url":"http:\/\/lisatroeber-photography.com\/index.php\/2015\/08\/30\/judith-fabian\/","url_meta":{"origin":3187,"position":3},"title":"Judith &#038; Fabian","author":"lisatroeber","date":"30. August 2015","format":false,"excerpt":"Nachdem ich bereits die Hochzeit von Fabis gro\u00dfen Bruder vor einigen Jahren fotografierte, war es im Sommer nun bei seiner eigenen soweit und gemeinsam mit seiner Braut Judith hatten sie die absolute Traumhochzeit geplant. So eine durchgeplante und total kreative Hochzeit ist nicht nur f\u00fcr alle G\u00e4ste ein Traum sondern\u2026","rel":"","context":"In &quot;Wedding&quot;","block_context":{"text":"Wedding","link":"http:\/\/lisatroeber-photography.com\/index.php\/category\/wedding\/"},"img":{"alt_text":"","src":"https:\/\/i0.wp.com\/lisatroeber-photography.com\/wp-content\/uploads\/2017\/03\/blogbeitrag-109.jpg?fit=1000%2C667&resize=350%2C200","width":350,"height":200,"srcset":"https:\/\/i0.wp.com\/lisatroeber-photography.com\/wp-content\/uploads\/2017\/03\/blogbeitrag-109.jpg?fit=1000%2C667&resize=350%2C200 1x, https:\/\/i0.wp.com\/lisatroeber-photography.com\/wp-content\/uploads\/2017\/03\/blogbeitrag-109.jpg?fit=1000%2C667&resize=525%2C300 1.5x, https:\/\/i0.wp.com\/lisatroeber-photography.com\/wp-content\/uploads\/2017\/03\/blogbeitrag-109.jpg?fit=1000%2C667&resize=700%2C400 2x"},"classes":[]},{"id":4004,"url":"http:\/\/lisatroeber-photography.com\/index.php\/2021\/03\/17\/elopement-zur-goldenen-stunde\/","url_meta":{"origin":3187,"position":4},"title":"Elopement zur goldenen Stunde","author":"lisatroeber","date":"17. M\u00e4rz 2021","format":false,"excerpt":"Zurecht kann man behaupten, dass wir uns auf ein Ereignis im September ganz besonders gefreut haben - denn f\u00fcr uns war es mal wieder eine Premiere. Ganz intim und in trauter Zweisamkeit gaben sich n\u00e4mlich die liebe Marion und ihr Christian das Ja-Wort. Wenige Tage bevor dann die gro\u00dfe Hochzeit\u2026","rel":"","context":"In &quot;Allgemein&quot;","block_context":{"text":"Allgemein","link":"http:\/\/lisatroeber-photography.com\/index.php\/category\/allgemein\/"},"img":{"alt_text":"","src":"https:\/\/i0.wp.com\/lisatroeber-photography.com\/wp-content\/uploads\/2021\/03\/engagement-mc-3.jpg?resize=350%2C200","width":350,"height":200,"srcset":"https:\/\/i0.wp.com\/lisatroeber-photography.com\/wp-content\/uploads\/2021\/03\/engagement-mc-3.jpg?resize=350%2C200 1x, https:\/\/i0.wp.com\/lisatroeber-photography.com\/wp-content\/uploads\/2021\/03\/engagement-mc-3.jpg?resize=525%2C300 1.5x, https:\/\/i0.wp.com\/lisatroeber-photography.com\/wp-content\/uploads\/2021\/03\/engagement-mc-3.jpg?resize=700%2C400 2x, https:\/\/i0.wp.com\/lisatroeber-photography.com\/wp-content\/uploads\/2021\/03\/engagement-mc-3.jpg?resize=1050%2C600 3x"},"classes":[]},{"id":1905,"url":"http:\/\/lisatroeber-photography.com\/index.php\/2018\/03\/20\/twins-inside\/","url_meta":{"origin":3187,"position":5},"title":"twins inside!","author":"lisatroeber","date":"20. M\u00e4rz 2018","format":false,"excerpt":"Kurz nach Weihnachten war ich zu Besuch bei der lieben Bettina und ihrem Kristijan. Jede und jeder, der meinen Blog schon l\u00e4nger verfolgt, kennt die Beiden, denn ich durfte sie damals schon bei ihrer Hochzeit in Kroatien auf der Insel Hvar begleiten. Seit diesem Sommer sind schon einige Jahre vergangen,\u2026","rel":"","context":"In &quot;Family&quot;","block_context":{"text":"Family","link":"http:\/\/lisatroeber-photography.com\/index.php\/category\/family\/"},"img":{"alt_text":"","src":"https:\/\/i0.wp.com\/lisatroeber-photography.com\/wp-content\/uploads\/2018\/03\/babybauch-bk-2.jpg?fit=1000%2C667&resize=350%2C200","width":350,"height":200,"srcset":"https:\/\/i0.wp.com\/lisatroeber-photography.com\/wp-content\/uploads\/2018\/03\/babybauch-bk-2.jpg?fit=1000%2C667&resize=350%2C200 1x, https:\/\/i0.wp.com\/lisatroeber-photography.com\/wp-content\/uploads\/2018\/03\/babybauch-bk-2.jpg?fit=1000%2C667&resize=525%2C300 1.5x, https:\/\/i0.wp.com\/lisatroeber-photography.com\/wp-content\/uploads\/2018\/03\/babybauch-bk-2.jpg?fit=1000%2C667&resize=700%2C400 2x"},"classes":[]}],"_links":{"self":[{"href":"http:\/\/lisatroeber-photography.com\/index.php\/wp-json\/wp\/v2\/posts\/3187"}],"collection":[{"href":"http:\/\/lisatroeber-photography.com\/index.php\/wp-json\/wp\/v2\/posts"}],"about":[{"href":"http:\/\/lisatroeber-photography.com\/index.php\/wp-json\/wp\/v2\/types\/post"}],"author":[{"embeddable":true,"href":"http:\/\/lisatroeber-photography.com\/index.php\/wp-json\/wp\/v2\/users\/1"}],"replies":[{"embeddable":true,"href":"http:\/\/lisatroeber-photography.com\/index.php\/wp-json\/wp\/v2\/comments?post=3187"}],"version-history":[{"count":7,"href":"http:\/\/lisatroeber-photography.com\/index.php\/wp-json\/wp\/v2\/posts\/3187\/revisions"}],"predecessor-version":[{"id":3296,"href":"http:\/\/lisatroeber-photography.com\/index.php\/wp-json\/wp\/v2\/posts\/3187\/revisions\/3296"}],"wp:featuredmedia":[{"embeddable":true,"href":"http:\/\/lisatroeber-photography.com\/index.php\/wp-json\/wp\/v2\/media\/3232"}],"wp:attachment":[{"href":"http:\/\/lisatroeber-photography.com\/index.php\/wp-json\/wp\/v2\/media?parent=3187"}],"wp:term":[{"taxonomy":"category","embeddable":true,"href":"http:\/\/lisatroeber-photography.com\/index.php\/wp-json\/wp\/v2\/categories?post=3187"},{"taxonomy":"post_tag","embeddable":true,"href":"http:\/\/lisatroeber-photography.com\/index.php\/wp-json\/wp\/v2\/tags?post=3187"}],"curies":[{"name":"wp","href":"https:\/\/api.w.org\/{rel}","templated":true}]}}